{"id":273,"date":"2019-10-21T11:03:27","date_gmt":"2019-10-21T09:03:27","guid":{"rendered":"https:\/\/blogs.fu-berlin.de\/fairunbefristet\/?p=273"},"modified":"2019-10-21T11:04:00","modified_gmt":"2019-10-21T09:04:00","slug":"unterschriftensammlung-als-auftakt-unserer-entfristungs-petition-am-16-10","status":"publish","type":"post","link":"https:\/\/blogs.fu-berlin.de\/fairunbefristet\/2019\/10\/21\/unterschriftensammlung-als-auftakt-unserer-entfristungs-petition-am-16-10\/","title":{"rendered":"Unterschriftensammlung als Auftakt unserer Entfristungs-Petition am 16.10."},"content":{"rendered":"<p>Vielen Dank f\u00fcr eure Unterst\u00fctzung und eure Meinungen bei unserer Unterschriftensammlung vor der FU-Mensa II! Hier sind ein paar Eindr\u00fccke von unserer Aktion:<\/p>\n<p><img loading=\"lazy\" decoding=\"async\" class=\"alignnone wp-image-274\" src=\"https:\/\/blogs.fu-berlin.de\/fairunbefristet\/files\/2019\/10\/IMG_20191016_142248687-300x225.jpg\" alt=\"\" width=\"399\" height=\"299\" srcset=\"https:\/\/blogs.fu-berlin.de\/fairunbefristet\/files\/2019\/10\/IMG_20191016_142248687-300x225.jpg 300w, https:\/\/blogs.fu-berlin.de\/fairunbefristet\/files\/2019\/10\/IMG_20191016_142248687-768x576.jpg 768w, https:\/\/blogs.fu-berlin.de\/fairunbefristet\/files\/2019\/10\/IMG_20191016_142248687-1024x768.jpg 1024w, https:\/\/blogs.fu-berlin.de\/fairunbefristet\/files\/2019\/10\/IMG_20191016_142248687-1200x900.jpg 1200w\" sizes=\"auto, (max-width: 399px) 85vw, 399px\" \/><\/p>\n<p><img loading=\"lazy\" decoding=\"async\" class=\"alignnone wp-image-275\" src=\"https:\/\/blogs.fu-berlin.de\/fairunbefristet\/files\/2019\/10\/IMG_20191016_142308721-300x225.jpg\" alt=\"\" width=\"399\" height=\"299\" srcset=\"https:\/\/blogs.fu-berlin.de\/fairunbefristet\/files\/2019\/10\/IMG_20191016_142308721-300x225.jpg 300w, https:\/\/blogs.fu-berlin.de\/fairunbefristet\/files\/2019\/10\/IMG_20191016_142308721-768x576.jpg 768w, https:\/\/blogs.fu-berlin.de\/fairunbefristet\/files\/2019\/10\/IMG_20191016_142308721-1024x768.jpg 1024w, https:\/\/blogs.fu-berlin.de\/fairunbefristet\/files\/2019\/10\/IMG_20191016_142308721-1200x900.jpg 1200w\" sizes=\"auto, (max-width: 399px) 85vw, 399px\" \/><\/p>\n<p><img loading=\"lazy\" decoding=\"async\" class=\"alignnone wp-image-276\" src=\"https:\/\/blogs.fu-berlin.de\/fairunbefristet\/files\/2019\/10\/IMG_20191017_103531840-225x300.jpg\" alt=\"\" width=\"324\" height=\"432\" srcset=\"https:\/\/blogs.fu-berlin.de\/fairunbefristet\/files\/2019\/10\/IMG_20191017_103531840-225x300.jpg 225w, https:\/\/blogs.fu-berlin.de\/fairunbefristet\/files\/2019\/10\/IMG_20191017_103531840-768x1024.jpg 768w, https:\/\/blogs.fu-berlin.de\/fairunbefristet\/files\/2019\/10\/IMG_20191017_103531840-1200x1600.jpg 1200w\" sizes=\"auto, (max-width: 324px) 85vw, 324px\" \/><\/p>\n<p><img loading=\"lazy\" decoding=\"async\" class=\"alignnone wp-image-277\" src=\"https:\/\/blogs.fu-berlin.de\/fairunbefristet\/files\/2019\/10\/IMG_20191017_103629760-225x300.jpg\" alt=\"\" width=\"322\" height=\"429\" srcset=\"https:\/\/blogs.fu-berlin.de\/fairunbefristet\/files\/2019\/10\/IMG_20191017_103629760-225x300.jpg 225w, https:\/\/blogs.fu-berlin.de\/fairunbefristet\/files\/2019\/10\/IMG_20191017_103629760-768x1024.jpg 768w, https:\/\/blogs.fu-berlin.de\/fairunbefristet\/files\/2019\/10\/IMG_20191017_103629760-1200x1600.jpg 1200w\" sizes=\"auto, (max-width: 322px) 85vw, 322px\" \/><\/p>\n<p><img loading=\"lazy\" decoding=\"async\" class=\"alignnone wp-image-278\" src=\"https:\/\/blogs.fu-berlin.de\/fairunbefristet\/files\/2019\/10\/IMG_20191017_103642067-225x300.jpg\" alt=\"\" width=\"326\" height=\"434\" srcset=\"https:\/\/blogs.fu-berlin.de\/fairunbefristet\/files\/2019\/10\/IMG_20191017_103642067-225x300.jpg 225w, https:\/\/blogs.fu-berlin.de\/fairunbefristet\/files\/2019\/10\/IMG_20191017_103642067-768x1024.jpg 768w, https:\/\/blogs.fu-berlin.de\/fairunbefristet\/files\/2019\/10\/IMG_20191017_103642067-1200x1600.jpg 1200w\" sizes=\"auto, (max-width: 326px) 85vw, 326px\" \/><\/p>\n","protected":false},"excerpt":{"rendered":"<p>Vielen Dank f\u00fcr eure Unterst\u00fctzung und eure Meinungen bei unserer Unterschriftensammlung vor der FU-Mensa II! Hier sind ein paar Eindr\u00fccke von unserer Aktion:<\/p>\n","protected":false},"author":3529,"featured_media":0,"comment_status":"open","ping_status":"open","sticky":false,"template":"","format":"image","meta":{"footnotes":""},"categories":[9],"tags":[],"class_list":["post-273","post","type-post","status-publish","format-image","hentry","category-allgemein","post_format-post-format-image"],"_links":{"self":[{"href":"https:\/\/blogs.fu-berlin.de\/fairunbefristet\/wp-json\/wp\/v2\/posts\/273","targetHints":{"allow":["GET"]}}],"collection":[{"href":"https:\/\/blogs.fu-berlin.de\/fairunbefristet\/wp-json\/wp\/v2\/posts"}],"about":[{"href":"https:\/\/blogs.fu-berlin.de\/fairunbefristet\/wp-json\/wp\/v2\/types\/post"}],"author":[{"embeddable":true,"href":"https:\/\/blogs.fu-berlin.de\/fairunbefristet\/wp-json\/wp\/v2\/users\/3529"}],"replies":[{"embeddable":true,"href":"https:\/\/blogs.fu-berlin.de\/fairunbefristet\/wp-json\/wp\/v2\/comments?post=273"}],"version-history":[{"count":5,"href":"https:\/\/blogs.fu-berlin.de\/fairunbefristet\/wp-json\/wp\/v2\/posts\/273\/revisions"}],"predecessor-version":[{"id":282,"href":"https:\/\/blogs.fu-berlin.de\/fairunbefristet\/wp-json\/wp\/v2\/posts\/273\/revisions\/282"}],"wp:attachment":[{"href":"https:\/\/blogs.fu-berlin.de\/fairunbefristet\/wp-json\/wp\/v2\/media?parent=273"}],"wp:term":[{"taxonomy":"category","embeddable":true,"href":"https:\/\/blogs.fu-berlin.de\/fairunbefristet\/wp-json\/wp\/v2\/categories?post=273"},{"taxonomy":"post_tag","embeddable":true,"href":"https:\/\/blogs.fu-berlin.de\/fairunbefristet\/wp-json\/wp\/v2\/tags?post=273"}],"curies":[{"name":"wp","href":"https:\/\/api.w.org\/{rel}","templated":true}]}}