{"id":298,"date":"2019-10-29T10:12:57","date_gmt":"2019-10-29T09:12:57","guid":{"rendered":"https:\/\/blogs.fu-berlin.de\/fairunbefristet\/?p=298"},"modified":"2019-10-29T10:13:24","modified_gmt":"2019-10-29T09:13:24","slug":"the-unions-support-us-die-gewerkschaften-machen-mit","status":"publish","type":"post","link":"https:\/\/blogs.fu-berlin.de\/fairunbefristet\/2019\/10\/29\/the-unions-support-us-die-gewerkschaften-machen-mit\/","title":{"rendered":"The unions support us \/\/ Die Gewerkschaften machen mit"},"content":{"rendered":"<p>We are thankful to the\u00a0Verdi-Betriebsgruppe and to FAU Berlin (Education section) for the public support to our campaign. We invite active members from the unions to join our mailing list and join our meetings: we want to improve our working conditions, and we need your support!<\/p>\n<p>Die Verdi-Betriebsgruppe an der FU Berlin sowie die FAU Berlin (Sektion Bildung) schlie\u00dfen sich unserer Unterschriftensammlung an. F\u00fcr diese \u00f6ffentliche Unterst\u00fctzung bedanken wir uns ganz herzlich und laden alle Gewerkschaftsmitglieder ein, sich zu beteiligen. Ihr k\u00f6nnt euch in unseren Info-Emailverteiler eintragen und zu unseren Treffen kommen: Um unsere Arbeitsbedingungen zu verbessern, brauchen wir Euren Support!<\/p>\n<p>Join our E-Mail list \/\/ Zur Anmeldung auf unserem Email-Verteiler:<br \/>\n<a href=\"https:\/\/lists.fu-berlin.de\/listinfo\/fu-kollektiv?&amp;language=de#subscribe\">https:\/\/lists.fu-berlin.de\/listinfo\/fu-kollektiv?&amp;language=de#subscribe<\/a><\/p>\n<p class=\"entry-content\"><a href=\"https:\/\/www.verdi-fu.de\/\">ver.di-Betriebsgruppe an der FU<\/a><\/p>\n<p><a href=\"https:\/\/berlin.fau.org\/news\/petition-gegen-prekaere-arbeitsbedingungen-an-der-fu-berlin?set_language=de&amp;cl=de\" target=\"_blank\" rel=\"noopener\">Sektion Bildung der FAU Berlin<\/a> \/\/ <a href=\"https:\/\/berlin.fau.org\/news\/petition-gegen-prekaere-arbeitsbedingungen-an-der-fu-berlin?set_language=en&amp;cl=en\" target=\"_blank\" rel=\"noopener\">Education section of FAU Berlin<\/a><\/p>\n","protected":false},"excerpt":{"rendered":"<p>We are thankful to the\u00a0Verdi-Betriebsgruppe and to FAU Berlin (Education section) for the public support to our campaign. We invite active members from the unions to join our mailing list and join our meetings: we want to improve our working conditions, and we need your support! Die Verdi-Betriebsgruppe an der FU Berlin sowie die FAU &hellip; <a href=\"https:\/\/blogs.fu-berlin.de\/fairunbefristet\/2019\/10\/29\/the-unions-support-us-die-gewerkschaften-machen-mit\/\" class=\"more-link\"><span class=\"screen-reader-text\">\u201eThe unions support us \/\/ Die Gewerkschaften machen mit\u201c<\/span> weiterlesen<\/a><\/p>\n","protected":false},"author":3984,"featured_media":0,"comment_status":"open","ping_status":"open","sticky":false,"template":"","format":"standard","meta":{"footnotes":""},"categories":[9],"tags":[],"class_list":["post-298","post","type-post","status-publish","format-standard","hentry","category-allgemein"],"_links":{"self":[{"href":"https:\/\/blogs.fu-berlin.de\/fairunbefristet\/wp-json\/wp\/v2\/posts\/298","targetHints":{"allow":["GET"]}}],"collection":[{"href":"https:\/\/blogs.fu-berlin.de\/fairunbefristet\/wp-json\/wp\/v2\/posts"}],"about":[{"href":"https:\/\/blogs.fu-berlin.de\/fairunbefristet\/wp-json\/wp\/v2\/types\/post"}],"author":[{"embeddable":true,"href":"https:\/\/blogs.fu-berlin.de\/fairunbefristet\/wp-json\/wp\/v2\/users\/3984"}],"replies":[{"embeddable":true,"href":"https:\/\/blogs.fu-berlin.de\/fairunbefristet\/wp-json\/wp\/v2\/comments?post=298"}],"version-history":[{"count":2,"href":"https:\/\/blogs.fu-berlin.de\/fairunbefristet\/wp-json\/wp\/v2\/posts\/298\/revisions"}],"predecessor-version":[{"id":300,"href":"https:\/\/blogs.fu-berlin.de\/fairunbefristet\/wp-json\/wp\/v2\/posts\/298\/revisions\/300"}],"wp:attachment":[{"href":"https:\/\/blogs.fu-berlin.de\/fairunbefristet\/wp-json\/wp\/v2\/media?parent=298"}],"wp:term":[{"taxonomy":"category","embeddable":true,"href":"https:\/\/blogs.fu-berlin.de\/fairunbefristet\/wp-json\/wp\/v2\/categories?post=298"},{"taxonomy":"post_tag","embeddable":true,"href":"https:\/\/blogs.fu-berlin.de\/fairunbefristet\/wp-json\/wp\/v2\/tags?post=298"}],"curies":[{"name":"wp","href":"https:\/\/api.w.org\/{rel}","templated":true}]}}