{"id":315,"date":"2020-01-11T01:09:03","date_gmt":"2020-01-11T00:09:03","guid":{"rendered":"https:\/\/blogs.fu-berlin.de\/fairunbefristet\/?p=315"},"modified":"2020-01-11T01:09:03","modified_gmt":"2020-01-11T00:09:03","slug":"academics-for-peace-germany-supports-us","status":"publish","type":"post","link":"https:\/\/blogs.fu-berlin.de\/fairunbefristet\/2020\/01\/11\/academics-for-peace-germany-supports-us\/","title":{"rendered":"Academics for Peace Germany supports us"},"content":{"rendered":"<p><a href=\"https:\/\/academicsforpeace-germany.org\/\">Academics for Peace Germany<\/a> supports the <a href=\"https:\/\/www.openpetition.de\/petition\/online\/fuer-entfristung-und-faire-arbeitsbedingungen-an-der-fu-berlin\">petition<\/a> against the precarious working conditions initiated by colleagues at FU Berlin and underlines that such conditions have recently become pervasive in German higher education system.<\/p>\n<blockquote class=\"wp-embedded-content\" data-secret=\"EkiZG53EEX\"><p><a href=\"https:\/\/academicsforpeace-germany.org\/2020\/01\/10\/fu-berlindeki-guvencesiz-calisma-kosullarina-karsi-imza-kampanyasina-destek\/\">FU Berlin&#8217;deki G\u00fcvencesiz \u00c7al\u0131\u015fma Ko\u015fullar\u0131na Kar\u015f\u0131 \u0130mza Kampanyas\u0131na Destek<\/a><\/p><\/blockquote>\n<p><iframe loading=\"lazy\" class=\"wp-embedded-content\" sandbox=\"allow-scripts\" security=\"restricted\" style=\"position: absolute; clip: rect(1px, 1px, 1px, 1px);\" src=\"https:\/\/academicsforpeace-germany.org\/2020\/01\/10\/fu-berlindeki-guvencesiz-calisma-kosullarina-karsi-imza-kampanyasina-destek\/embed\/#?secret=EkiZG53EEX\" data-secret=\"EkiZG53EEX\" width=\"600\" height=\"338\" title=\"&#8220;FU Berlin&#8217;deki G\u00fcvencesiz \u00c7al\u0131\u015fma Ko\u015fullar\u0131na Kar\u015f\u0131 \u0130mza Kampanyas\u0131na Destek&#8221; &#8212; Wissenchaftler*innen f\u00fcr den Frieden Deutschland\" frameborder=\"0\" marginwidth=\"0\" marginheight=\"0\" scrolling=\"no\"><\/iframe><\/p>\n","protected":false},"excerpt":{"rendered":"<p>Academics for Peace Germany supports the petition against the precarious working conditions initiated by colleagues at FU Berlin and underlines that such conditions have recently become pervasive in German higher education system. FU Berlin&#8217;deki G\u00fcvencesiz \u00c7al\u0131\u015fma Ko\u015fullar\u0131na Kar\u015f\u0131 \u0130mza Kampanyas\u0131na Destek<\/p>\n","protected":false},"author":3984,"featured_media":0,"comment_status":"open","ping_status":"open","sticky":false,"template":"","format":"standard","meta":{"footnotes":""},"categories":[9],"tags":[],"class_list":["post-315","post","type-post","status-publish","format-standard","hentry","category-allgemein"],"_links":{"self":[{"href":"https:\/\/blogs.fu-berlin.de\/fairunbefristet\/wp-json\/wp\/v2\/posts\/315","targetHints":{"allow":["GET"]}}],"collection":[{"href":"https:\/\/blogs.fu-berlin.de\/fairunbefristet\/wp-json\/wp\/v2\/posts"}],"about":[{"href":"https:\/\/blogs.fu-berlin.de\/fairunbefristet\/wp-json\/wp\/v2\/types\/post"}],"author":[{"embeddable":true,"href":"https:\/\/blogs.fu-berlin.de\/fairunbefristet\/wp-json\/wp\/v2\/users\/3984"}],"replies":[{"embeddable":true,"href":"https:\/\/blogs.fu-berlin.de\/fairunbefristet\/wp-json\/wp\/v2\/comments?post=315"}],"version-history":[{"count":2,"href":"https:\/\/blogs.fu-berlin.de\/fairunbefristet\/wp-json\/wp\/v2\/posts\/315\/revisions"}],"predecessor-version":[{"id":317,"href":"https:\/\/blogs.fu-berlin.de\/fairunbefristet\/wp-json\/wp\/v2\/posts\/315\/revisions\/317"}],"wp:attachment":[{"href":"https:\/\/blogs.fu-berlin.de\/fairunbefristet\/wp-json\/wp\/v2\/media?parent=315"}],"wp:term":[{"taxonomy":"category","embeddable":true,"href":"https:\/\/blogs.fu-berlin.de\/fairunbefristet\/wp-json\/wp\/v2\/categories?post=315"},{"taxonomy":"post_tag","embeddable":true,"href":"https:\/\/blogs.fu-berlin.de\/fairunbefristet\/wp-json\/wp\/v2\/tags?post=315"}],"curies":[{"name":"wp","href":"https:\/\/api.w.org\/{rel}","templated":true}]}}