{"id":326,"date":"2020-01-27T12:39:06","date_gmt":"2020-01-27T11:39:06","guid":{"rendered":"https:\/\/blogs.fu-berlin.de\/fairunbefristet\/?p=326"},"modified":"2020-01-27T18:07:48","modified_gmt":"2020-01-27T17:07:48","slug":"aufruf-zur-kundgebung-am-12-02-2020","status":"publish","type":"post","link":"https:\/\/blogs.fu-berlin.de\/fairunbefristet\/2020\/01\/27\/aufruf-zur-kundgebung-am-12-02-2020\/","title":{"rendered":"Aufruf zur Kundgebung am 12.02.2020"},"content":{"rendered":"<h1>Aufruf zur Kundgebung f\u00fcr bessere Arbeitsbedingungen an der FU Berlin, 12.02.2020<\/h1>\n<p>Liebe Mitstreiter*innen an der FU Berlin,<\/p>\n<p>die Initiative FU:Fair&amp;Unbefristet l\u00e4dt euch ein, zur \u00dcbergabe unserer Petition f\u00fcr bessere Arbeitsbedingungen an der FU Berlin zu kommen.<br \/>\n<strong><a href=\"https:\/\/www.openpetition.de\/petition\/online\/fuer-entfristung-und-faire-arbeitsbedingungen-an-der-fu-berlin\" target=\"_blank\" rel=\"noopener\">Zum Unterzeichnen auf Open Petition hier klicken<\/a><\/strong><\/p>\n<p>Wir sind eine Gruppe bestehend aus Doktorand*innen, Lehrbeautragten, Wissenschaftlichen und Studentischen Mitrbeiter*innen sowie wissenschaftsunterst\u00fctzenden Kolleg*innen an der FU Berlin und haben im Wintersemester \u00fcber 1000 Unterschriften gesammelt, die wir bei der Sitzung des Akademischen Senates\u00a0 an die Universit\u00e4tsleitung \u00fcbergeben werden.<br \/>\nZeigt eure Unterst\u00fctzung und kommt mit uns!<\/p>\n<p><strong>* 12.02.2020, ab 13:30 Uhr<br \/>\n* 13:30 Uhr: Kundgebung vor der Veggie-Mensa, Van&#8217;t-Hoff-Stra\u00dfe<br \/>\n<\/strong><strong>* 14:30 Uhr: Kundgebung vor dem Henry Ford Bau, (Garystra\u00dfe 35, 14195 Berlin-Dahlem)<\/strong><\/p>\n<p><strong>13:30 Uhr: Kundgebung\/Rallye<\/strong> vor der Veggie-Mensa, Van&#8217;t-Hoff-Stra\u00dfe<\/p>\n<p><strong>14.30 Uhr: Kundgebung\/Rallye <\/strong>vor dem Akademischen Senat, Henry-Ford-Bau, Garystr. 35<\/p>\n<hr \/>\n<h1><strong>Call for a rally for better working conditions at FU Berlin,<br \/>\n12.02.2020<\/strong><\/h1>\n<p>Dear community of FU Berlin,<\/p>\n<p>the initiative FU:Fair&amp;Unbefristet invites you to come to the handover of our petition for better working conditions at FU Berlin.<br \/>\n<strong><a href=\"https:\/\/www.openpetition.de\/petition\/online\/fuer-entfristung-und-faire-arbeitsbedingungen-an-der-fu-berlin\" target=\"_blank\" rel=\"noopener\">Click here for Signing on Open Petition<\/a><\/strong><\/p>\n<p>We are a group of PhD-students, freelance Lecturers, Research and Student Assistants as well as colleagues from the Science-support sector, and collected over 1000 signatures throughout the Winter term, which we will deliver to the direction of the university at the session of the Academic Senate.<br \/>\nShow your support and come with us!<\/p>\n<p><strong>* 12.02.2020, from 13:30<br \/>\n* 13:30 &#8211; Rally in front of Veggie-Mensa, Van&#8217;t-Hoff-Stra\u00dfe<br \/>\n<\/strong><strong>* 14:30 &#8211; Rally in front of Henry Ford Bau, (Garystra\u00dfe 35, 14195 Berlin-Dahlem)<\/strong><\/p>\n","protected":false},"excerpt":{"rendered":"<p>Aufruf zur Kundgebung f\u00fcr bessere Arbeitsbedingungen an der FU Berlin, 12.02.2020 Liebe Mitstreiter*innen an der FU Berlin, die Initiative FU:Fair&amp;Unbefristet l\u00e4dt euch ein, zur \u00dcbergabe unserer Petition f\u00fcr bessere Arbeitsbedingungen an der FU Berlin zu kommen. Zum Unterzeichnen auf Open Petition hier klicken Wir sind eine Gruppe bestehend aus Doktorand*innen, Lehrbeautragten, Wissenschaftlichen und Studentischen Mitrbeiter*innen &hellip; <a href=\"https:\/\/blogs.fu-berlin.de\/fairunbefristet\/2020\/01\/27\/aufruf-zur-kundgebung-am-12-02-2020\/\" class=\"more-link\"><span class=\"screen-reader-text\">\u201eAufruf zur Kundgebung am 12.02.2020\u201c<\/span> weiterlesen<\/a><\/p>\n","protected":false},"author":3536,"featured_media":0,"comment_status":"open","ping_status":"open","sticky":false,"template":"","format":"standard","meta":{"footnotes":""},"categories":[9],"tags":[302680,302457],"class_list":["post-326","post","type-post","status-publish","format-standard","hentry","category-allgemein","tag-kundgebung","tag-rally"],"_links":{"self":[{"href":"https:\/\/blogs.fu-berlin.de\/fairunbefristet\/wp-json\/wp\/v2\/posts\/326","targetHints":{"allow":["GET"]}}],"collection":[{"href":"https:\/\/blogs.fu-berlin.de\/fairunbefristet\/wp-json\/wp\/v2\/posts"}],"about":[{"href":"https:\/\/blogs.fu-berlin.de\/fairunbefristet\/wp-json\/wp\/v2\/types\/post"}],"author":[{"embeddable":true,"href":"https:\/\/blogs.fu-berlin.de\/fairunbefristet\/wp-json\/wp\/v2\/users\/3536"}],"replies":[{"embeddable":true,"href":"https:\/\/blogs.fu-berlin.de\/fairunbefristet\/wp-json\/wp\/v2\/comments?post=326"}],"version-history":[{"count":5,"href":"https:\/\/blogs.fu-berlin.de\/fairunbefristet\/wp-json\/wp\/v2\/posts\/326\/revisions"}],"predecessor-version":[{"id":331,"href":"https:\/\/blogs.fu-berlin.de\/fairunbefristet\/wp-json\/wp\/v2\/posts\/326\/revisions\/331"}],"wp:attachment":[{"href":"https:\/\/blogs.fu-berlin.de\/fairunbefristet\/wp-json\/wp\/v2\/media?parent=326"}],"wp:term":[{"taxonomy":"category","embeddable":true,"href":"https:\/\/blogs.fu-berlin.de\/fairunbefristet\/wp-json\/wp\/v2\/categories?post=326"},{"taxonomy":"post_tag","embeddable":true,"href":"https:\/\/blogs.fu-berlin.de\/fairunbefristet\/wp-json\/wp\/v2\/tags?post=326"}],"curies":[{"name":"wp","href":"https:\/\/api.w.org\/{rel}","templated":true}]}}