{"id":88,"date":"2019-04-15T11:46:53","date_gmt":"2019-04-15T09:46:53","guid":{"rendered":"https:\/\/blogs.fu-berlin.de\/fairunbefristet\/?p=88"},"modified":"2019-04-15T11:46:53","modified_gmt":"2019-04-15T09:46:53","slug":"morgen-informationstisch-fufairunbefristet-vor-der-grossen-mensa","status":"publish","type":"post","link":"https:\/\/blogs.fu-berlin.de\/fairunbefristet\/2019\/04\/15\/morgen-informationstisch-fufairunbefristet-vor-der-grossen-mensa\/","title":{"rendered":"Morgen: Informationstisch FU:fair&amp;unbefristet vor der gro\u00dfen Mensa"},"content":{"rendered":"<p>16.4. 11-14 Uhr: gro\u00dfer Informationstisch der Initiative FU:fair&amp;unbefristet im Foyer der Gro\u00dfen Mensa II der FU Berlin, Otto-von-Simson Str. 26<\/p>\n<p>Nutzt die Chance und lernt uns kennen!<\/p>\n","protected":false},"excerpt":{"rendered":"<p>16.4. 11-14 Uhr: gro\u00dfer Informationstisch der Initiative FU:fair&amp;unbefristet im Foyer der Gro\u00dfen Mensa II der FU Berlin, Otto-von-Simson Str. 26 Nutzt die Chance und lernt uns kennen!<\/p>\n","protected":false},"author":3529,"featured_media":0,"comment_status":"open","ping_status":"open","sticky":false,"template":"","format":"standard","meta":{"footnotes":""},"categories":[9],"tags":[],"class_list":["post-88","post","type-post","status-publish","format-standard","hentry","category-allgemein"],"_links":{"self":[{"href":"https:\/\/blogs.fu-berlin.de\/fairunbefristet\/wp-json\/wp\/v2\/posts\/88","targetHints":{"allow":["GET"]}}],"collection":[{"href":"https:\/\/blogs.fu-berlin.de\/fairunbefristet\/wp-json\/wp\/v2\/posts"}],"about":[{"href":"https:\/\/blogs.fu-berlin.de\/fairunbefristet\/wp-json\/wp\/v2\/types\/post"}],"author":[{"embeddable":true,"href":"https:\/\/blogs.fu-berlin.de\/fairunbefristet\/wp-json\/wp\/v2\/users\/3529"}],"replies":[{"embeddable":true,"href":"https:\/\/blogs.fu-berlin.de\/fairunbefristet\/wp-json\/wp\/v2\/comments?post=88"}],"version-history":[{"count":1,"href":"https:\/\/blogs.fu-berlin.de\/fairunbefristet\/wp-json\/wp\/v2\/posts\/88\/revisions"}],"predecessor-version":[{"id":89,"href":"https:\/\/blogs.fu-berlin.de\/fairunbefristet\/wp-json\/wp\/v2\/posts\/88\/revisions\/89"}],"wp:attachment":[{"href":"https:\/\/blogs.fu-berlin.de\/fairunbefristet\/wp-json\/wp\/v2\/media?parent=88"}],"wp:term":[{"taxonomy":"category","embeddable":true,"href":"https:\/\/blogs.fu-berlin.de\/fairunbefristet\/wp-json\/wp\/v2\/categories?post=88"},{"taxonomy":"post_tag","embeddable":true,"href":"https:\/\/blogs.fu-berlin.de\/fairunbefristet\/wp-json\/wp\/v2\/tags?post=88"}],"curies":[{"name":"wp","href":"https:\/\/api.w.org\/{rel}","templated":true}]}}