{"id":97,"date":"2019-04-16T16:49:41","date_gmt":"2019-04-16T14:49:41","guid":{"rendered":"https:\/\/blogs.fu-berlin.de\/fairunbefristet\/?p=97"},"modified":"2019-04-16T16:52:50","modified_gmt":"2019-04-16T14:52:50","slug":"danke","status":"publish","type":"post","link":"https:\/\/blogs.fu-berlin.de\/fairunbefristet\/2019\/04\/16\/danke\/","title":{"rendered":"Danke &#8230;"},"content":{"rendered":"<p>&#8230; f\u00fcr die zahlreichen Besucher*innen und Interessent*innen bei unserem Informationstisch vor der Mensa II ! Wir haben viele Anregungen, Erfolgsw\u00fcnsche und Unterst\u00fctzung bekommen und konnten zahlreiche Unterschriften f\u00fcr die <a href=\"https:\/\/www.openpetition.de\/petition\/online\/frist-ist-frust-entfristungspakt-2019\">Entfristungs-Petition\u00a0\u00a0<\/a>der Initiative <em>Frist ist Frust<\/em> sammeln. Wer es nicht zu uns geschafft hat, kann <a href=\"https:\/\/www.openpetition.de\/petition\/online\/frist-ist-frust-entfristungspakt-2019\">hier auch online unterschreiben<\/a>.<\/p>\n","protected":false},"excerpt":{"rendered":"<p>&#8230; f\u00fcr die zahlreichen Besucher*innen und Interessent*innen bei unserem Informationstisch vor der Mensa II ! Wir haben viele Anregungen, Erfolgsw\u00fcnsche und Unterst\u00fctzung bekommen und konnten zahlreiche Unterschriften f\u00fcr die Entfristungs-Petition\u00a0\u00a0der Initiative Frist ist Frust sammeln. Wer es nicht zu uns geschafft hat, kann hier auch online unterschreiben.<\/p>\n","protected":false},"author":3529,"featured_media":0,"comment_status":"open","ping_status":"open","sticky":false,"template":"","format":"standard","meta":{"footnotes":""},"categories":[9],"tags":[],"class_list":["post-97","post","type-post","status-publish","format-standard","hentry","category-allgemein"],"_links":{"self":[{"href":"https:\/\/blogs.fu-berlin.de\/fairunbefristet\/wp-json\/wp\/v2\/posts\/97","targetHints":{"allow":["GET"]}}],"collection":[{"href":"https:\/\/blogs.fu-berlin.de\/fairunbefristet\/wp-json\/wp\/v2\/posts"}],"about":[{"href":"https:\/\/blogs.fu-berlin.de\/fairunbefristet\/wp-json\/wp\/v2\/types\/post"}],"author":[{"embeddable":true,"href":"https:\/\/blogs.fu-berlin.de\/fairunbefristet\/wp-json\/wp\/v2\/users\/3529"}],"replies":[{"embeddable":true,"href":"https:\/\/blogs.fu-berlin.de\/fairunbefristet\/wp-json\/wp\/v2\/comments?post=97"}],"version-history":[{"count":3,"href":"https:\/\/blogs.fu-berlin.de\/fairunbefristet\/wp-json\/wp\/v2\/posts\/97\/revisions"}],"predecessor-version":[{"id":100,"href":"https:\/\/blogs.fu-berlin.de\/fairunbefristet\/wp-json\/wp\/v2\/posts\/97\/revisions\/100"}],"wp:attachment":[{"href":"https:\/\/blogs.fu-berlin.de\/fairunbefristet\/wp-json\/wp\/v2\/media?parent=97"}],"wp:term":[{"taxonomy":"category","embeddable":true,"href":"https:\/\/blogs.fu-berlin.de\/fairunbefristet\/wp-json\/wp\/v2\/categories?post=97"},{"taxonomy":"post_tag","embeddable":true,"href":"https:\/\/blogs.fu-berlin.de\/fairunbefristet\/wp-json\/wp\/v2\/tags?post=97"}],"curies":[{"name":"wp","href":"https:\/\/api.w.org\/{rel}","templated":true}]}}