{"id":428,"date":"2020-03-03T17:00:33","date_gmt":"2020-03-03T16:00:33","guid":{"rendered":"https:\/\/blogs.fu-berlin.de\/fkfkollektiv\/?p=428"},"modified":"2024-08-07T08:57:08","modified_gmt":"2024-08-07T06:57:08","slug":"rueckblende-auf-2018-frieden-geht","status":"publish","type":"post","link":"https:\/\/blogs.fu-berlin.de\/fkfkollektiv\/2020\/03\/03\/rueckblende-auf-2018-frieden-geht\/","title":{"rendered":"R\u00fcckblende auf 2018: Frieden geht!"},"content":{"rendered":"<div class=\"lp-article-title\">\n<figure id=\"attachment_430\" aria-describedby=\"caption-attachment-430\" style=\"width: 300px\" class=\"wp-caption alignnone\"><a href=\"https:\/\/blogs.fu-berlin.de\/fkfkollektiv\/files\/2019\/10\/image-1292288-860.jpg\"><img loading=\"lazy\" decoding=\"async\" class=\"size-medium wp-image-430\" src=\"https:\/\/blogs.fu-berlin.de\/fkfkollektiv\/files\/2019\/10\/image-1292288-860-300x169.jpg\" alt=\"\" width=\"300\" height=\"169\" srcset=\"https:\/\/blogs.fu-berlin.de\/fkfkollektiv\/files\/2019\/10\/image-1292288-860-300x169.jpg 300w, https:\/\/blogs.fu-berlin.de\/fkfkollektiv\/files\/2019\/10\/image-1292288-860-768x432.jpg 768w, https:\/\/blogs.fu-berlin.de\/fkfkollektiv\/files\/2019\/10\/image-1292288-860-250x141.jpg 250w, https:\/\/blogs.fu-berlin.de\/fkfkollektiv\/files\/2019\/10\/image-1292288-860-550x310.jpg 550w, https:\/\/blogs.fu-berlin.de\/fkfkollektiv\/files\/2019\/10\/image-1292288-860-800x450.jpg 800w, https:\/\/blogs.fu-berlin.de\/fkfkollektiv\/files\/2019\/10\/image-1292288-860-320x180.jpg 320w, https:\/\/blogs.fu-berlin.de\/fkfkollektiv\/files\/2019\/10\/image-1292288-860-533x300.jpg 533w, https:\/\/blogs.fu-berlin.de\/fkfkollektiv\/files\/2019\/10\/image-1292288-860.jpg 860w\" sizes=\"auto, (max-width: 300px) 85vw, 300px\" \/><\/a><figcaption id=\"caption-attachment-430\" class=\"wp-caption-text\">21.05.2018, Baden-W\u00fcrttemberg, Oberndorf am Neckar: Teilnehmer eines Staffellaufes gegen R\u00fcstungsexporte starten unter dem Motto &#8222;Frieden geht!&#8220; einen Demonstrationszug, der von Oberndorf am Neckar \u00fcber Kassel bis nach Berlin f\u00fchrt. Der Lauf begann am Firmensitz des Waffenherstellers Heckler &amp; Koch. Foto: Steffen Schmidt\/dpa +++ dpa-Bildfunk +++<\/figcaption><\/figure>\n<h1>Von Oberndorf \u00fcber Kassel bis Berlin<\/h1>\n<h2 class=\"headline\">Warum Laufen Frieden schafft<\/h2>\n<\/div>\n<p class=\"author\">Ein Interview von <a class=\"autor-link js-author-link\" href=\"https:\/\/www.spiegel.de\/impressum\/autor-23060.html\" rel=\"author\">David Bed\u00fcrftig<\/a><\/p>\n<p><strong>Friedensforscher Sven Chojnacki l\u00e4uft f\u00fcr ein Verbot von R\u00fcstungsexporten. Er erz\u00e4hlt, was der Sport mit Krieg und Frieden zu tun hat und warum die Idylle in Oberndorf, Kassel und Jena tr\u00fcgt.<\/strong><\/p>\n<p><i>Zur Person: Sven Chojnacki, Jahrgang 1966, ist Professor f\u00fcr Friedens- und Konfliktforschung an der Freien Universit\u00e4t Berlin. Der passionierte L\u00e4ufer nimmt am Staffellauf gegen R\u00fcstungsexporte der Initiative &#8222;Frieden geht!&#8220; teil.<\/i><!--more--><\/p>\n<hr>\n<p><b>SPIEGEL ONLINE:<\/b> Herr Chojnacki, was haben Laufen und Waffen miteinander zu tun?<\/p>\n<p><b>Chojnacki:<\/b> Deutschland ist weltweit nach wie vor <a class=\"text-link lp-text-link-ext ext-link\" title=\"SIPRI YEARBOOK 2017: Armaments, Disarmament and International Security\" href=\"https:\/\/www.sipri.org\/sites\/default\/files\/2017-11\/yb_17_summary_de.pdf\" target=\"_blank\" rel=\"noopener\">einer der gr\u00f6\u00dften Exporteure<\/a> von konventionellen als auch von Kleinwaffen. Mit dem <a class=\"text-link lp-text-link-ext ext-link\" title=\"Staffellauf: &quot;Frieden geht!&quot;\" href=\"https:\/\/www.frieden-geht.de\" target=\"_blank\" rel=\"noopener\">Staffellauf &#8222;Frieden geht!&#8220;<\/a>, der quer durch Deutschland f\u00fchrt, wollen wir der Problematik und einem Verbot von deutschen R\u00fcstungsexporten Nachdruck verleihen. Laufen hat daher weniger mit Waffen, aber sehr viel mit Frieden zu tun.<\/p>\n<p><b>SPIEGEL ONLINE:<\/b> Also gut, wie h\u00e4ngen Laufen und Frieden zusammen?<\/p>\n<p><b>Chojnacki:<\/b> Auf individueller Ebene tr\u00e4gt das Laufen zun\u00e4chst einmal zum <a class=\"lp-text-link-int\" title=\"Achilles' Classics: Wie w\u00fcrde der Dalai Lama laufen?\" href=\"https:\/\/www.spiegel.de\/gesundheit\/ernaehrung\/laufen-und-gelassenheit-geht-das-zusammen-fragt-achim-achilles-a-1193480.html\">inneren Frieden<\/a> bei. Und da es sich in der Gruppe oft leichter trainiert, gibt es auch ein ausgesprochen positives Gemeinschaftsgef\u00fchl. Dadurch l\u00e4sst sich eine besondere Kraft und Funktion des Laufsports f\u00fcr den \u00e4u\u00dferen Frieden vermuten &#8211; zumal der Wettkampfcharakter und die Einteilung in Gewinner und Verlierer deutlich schw\u00e4cher als bei Mannschaftssportarten ausgepr\u00e4gt ist.<\/p>\n<p><b>SPIEGEL ONLINE:<\/b> Deutschland ist weltweit in den Top 5 der Waffenverk\u00e4ufer: Wie soll Sport das \u00e4ndern?<\/p>\n<p><b>Chojnacki:<\/b> Als Staffellauf symbolisiert &#8222;Frieden geht!&#8220;, dass ich individuell Verantwortung f\u00fcr mein Team trage &#8211; sinnbildlich f\u00fcr meine Gesellschaft. Wir erreichen das Ziel letztlich aber <a class=\"lp-text-link-int\" title=\"Achilles' Verse: Laufend die Welt verbessern\" href=\"https:\/\/www.spiegel.de\/gesundheit\/ernaehrung\/achim-achilles-laufend-die-welt-verbessern-a-1013889.html\">nur gemeinsam<\/a>. L\u00e4ufer und Vereine engagieren sich h\u00e4ufig f\u00fcr friedenspolitische Zwecke, so zum Beispiel auch der Berliner &#8218;Mauerweglauf&#8216;.<\/p>\n<p><b>SPIEGEL ONLINE:<\/b> Sind so hohe Ziele f\u00fcr einen Staffellauf nicht utopisch?<\/p>\n<p><b>Chojnacki:<\/b> Gegenfrage: Wo st\u00fcnde die Welt ohne friedliche Utopien? Die Aussetzung von Exporten in Krisenregionen und ein Verbot der Ausfuhr von Kleinwaffen l\u00e4sst sich dabei mit der Herausforderung vergleichen, einen Marathon zu laufen: Ohne Ausdauer, Motivation und Mobilisierung aller Kr\u00e4fte nicht zu schaffen. Aber er ist eben doch machbar &#8211; gerade wenn sich L\u00e4ufer auf der Strecke immer wieder gegenseitig Mut machen. Ein prinzipielles Verbot von Waffenexporten w\u00e4re dann eher ein Ultralauf: F\u00fcr viele auf den ersten Blick eine Utopie, aber jeder Schritt \u00fcber den Marathon hinaus ist eine Ann\u00e4herung an das Ziel.<\/p>\n<p><b>SPIEGEL ONLINE:<\/b> Der Lauf f\u00fchrt quer durch Deutschland und startete am vergangenen Montag in Oberndorf: Warum dort?<\/p>\n<p><b>Chojnacki:<\/b> Die Route geht an deutschen Unternehmen vorbei, die Waffen bauen und damit auch dazu beitragen, dass Kriege eskalieren und andauern. Der Staffellauf f\u00fchrt von Oberndorf vor den Toren von Heckler und Koch in 13 Etappen bis ins politische Entscheidungszentrum Berlins. Staffel\u00fcbergaben gibt es unter anderem in Kassel, wo die Eigent\u00fcmer des R\u00fcstungsunternehmens Krauss-Maffei-Wegmann leben, und Jena, weil Jena Optik nicht nur an der Produktion des Leopard-2-Panzers beteiligt ist. Die S\u00fcd-Nord-Route steht auch daf\u00fcr, dass in den Konfliktgebieten im globalen S\u00fcden mit Waffen des Nordens get\u00f6tet wird.<\/p>\n<p><b>SPIEGEL ONLINE:<\/b> Ist das so simpel: Im Norden herrscht Frieden und im S\u00fcden Krieg aufgrund von deutschen Waffenexporten?<\/p>\n<p><b>Chojnacki:<\/b> Frieden selbst ist h\u00f6chst ambivalent. Auch wenn in Oberndorf, Kassel und Jena Frieden herrscht, werden dort Waffen hergestellt, die Kriege in Konfliktgebieten versch\u00e4rfen. Sie stabilisieren auch autorit\u00e4re Herrschaftssysteme, die ihre B\u00fcrger mit den Waffen unterdr\u00fccken und teils schwere Menschenrechtsverletzungen begehen. Kleinwaffen werden zudem teils unkontrolliert weitergegeben, gegen die Zivilbev\u00f6lkerung eingesetzt und k\u00f6nnen Gesellschaften dauerhaft militarisieren.<\/p>\n<p><b>SPIEGEL ONLINE:<\/b> Weshalb fordern Sie einen kompletten Stopp von R\u00fcstungsexporten?<\/p>\n<p><b>Chojnacki:<\/b> Das Hauptproblem ist doch: Sind Waffen erst einmal geliefert, lassen sich Orte und Gr\u00fcnde der Anwendung nicht mehr kontrollieren. Die Erfahrung lehrt, dass sie durchaus entgegen eigener Interessen und Normen eingesetzt werden. Wir sollten zudem nicht vergessen, dass Flucht als Folge von Militarisierung und Kriegen eben auch aufgrund von deutschen Waffen geschieht. Anders formuliert: Wer die Bek\u00e4mpfung von Fluchtursachen ernst nimmt, sollte bereits hier vor Ort ansetzen und deutsche Waffen- und Unsicherheitsexporte verbieten.<\/p>\n<p><b>SPIEGEL ONLINE:<\/b> Warum findet dieser Lauf gerade jetzt statt?<\/p>\n<p><b>Chojnacki:<\/b> Weil die Zeit dr\u00e4ngt! Zudem hat die gro\u00dfe Koalition bis Ende 2017 <a class=\"lp-text-link-int\" title=\"R\u00fcstungsexporte: GroKo genehmigte mehr Waffenlieferungen als Schwarz-Gelb\" href=\"https:\/\/www.spiegel.de\/politik\/deutschland\/ruestungsexporte-groko-genehmigt-mehr-waffenlieferungen-zu-als-schwarz-gelb-a-1189511.html\">mehr R\u00fcstungsexporte genehmigt<\/a> als die Vorg\u00e4ngerregierungen, w\u00e4hrend zugleich die deutschen R\u00fcstungsfirmen ihre Waffenverk\u00e4ufe im internationalen Vergleich deutlich gesteigert haben. Der Staffellauf soll auch und gerade gegen\u00fcber der aktuellen Regierung signalisieren, dass es eine bundesweit aktive Friedensbewegung gibt, die von ihr nicht nur eine restriktivere R\u00fcstungsexportpolitik erwartet, sondern ein generelles friedenspolitisches Umdenken.<\/p>\n<div>\n<h4>URL:<\/h4>\n<ul>\n<li><a title=\"Von Oberndorf \u00fcber Kassel bis Berlin: Warum Laufen Frieden schafft\" href=\"https:\/\/www.spiegel.de\/gesundheit\/ernaehrung\/frieden-geht-staffellauf-gegen-ruestungsexporte-a-1209544.html\">https:\/\/www.spiegel.de\/gesundheit\/ernaehrung\/frieden-geht-staffellauf-gegen-ruestungsexporte-a-1209544.html<\/a><\/li>\n<\/ul>\n<\/div>\n","protected":false},"excerpt":{"rendered":"<p>Von Oberndorf \u00fcber Kassel bis Berlin Warum Laufen Frieden schafft Ein Interview von David Bed\u00fcrftig Friedensforscher Sven Chojnacki l\u00e4uft f\u00fcr ein Verbot von R\u00fcstungsexporten. Er erz\u00e4hlt, was der Sport mit Krieg und Frieden zu tun hat und warum die Idylle in Oberndorf, Kassel und Jena tr\u00fcgt. Zur Person: Sven Chojnacki, Jahrgang 1966, ist Professor f\u00fcr &hellip; <a href=\"https:\/\/blogs.fu-berlin.de\/fkfkollektiv\/2020\/03\/03\/rueckblende-auf-2018-frieden-geht\/\" class=\"more-link\"><span class=\"screen-reader-text\">\u201eR\u00fcckblende auf 2018: Frieden geht!\u201c<\/span> weiterlesen<\/a><\/p>\n","protected":false},"author":852,"featured_media":0,"comment_status":"closed","ping_status":"closed","sticky":false,"template":"","format":"standard","meta":{"footnotes":""},"categories":[9,284330],"tags":[284330],"class_list":["post-428","post","type-post","status-publish","format-standard","hentry","category-allgemein","category-frieden","tag-frieden"],"_links":{"self":[{"href":"https:\/\/blogs.fu-berlin.de\/fkfkollektiv\/wp-json\/wp\/v2\/posts\/428","targetHints":{"allow":["GET"]}}],"collection":[{"href":"https:\/\/blogs.fu-berlin.de\/fkfkollektiv\/wp-json\/wp\/v2\/posts"}],"about":[{"href":"https:\/\/blogs.fu-berlin.de\/fkfkollektiv\/wp-json\/wp\/v2\/types\/post"}],"author":[{"embeddable":true,"href":"https:\/\/blogs.fu-berlin.de\/fkfkollektiv\/wp-json\/wp\/v2\/users\/852"}],"replies":[{"embeddable":true,"href":"https:\/\/blogs.fu-berlin.de\/fkfkollektiv\/wp-json\/wp\/v2\/comments?post=428"}],"version-history":[{"count":5,"href":"https:\/\/blogs.fu-berlin.de\/fkfkollektiv\/wp-json\/wp\/v2\/posts\/428\/revisions"}],"predecessor-version":[{"id":897,"href":"https:\/\/blogs.fu-berlin.de\/fkfkollektiv\/wp-json\/wp\/v2\/posts\/428\/revisions\/897"}],"wp:attachment":[{"href":"https:\/\/blogs.fu-berlin.de\/fkfkollektiv\/wp-json\/wp\/v2\/media?parent=428"}],"wp:term":[{"taxonomy":"category","embeddable":true,"href":"https:\/\/blogs.fu-berlin.de\/fkfkollektiv\/wp-json\/wp\/v2\/categories?post=428"},{"taxonomy":"post_tag","embeddable":true,"href":"https:\/\/blogs.fu-berlin.de\/fkfkollektiv\/wp-json\/wp\/v2\/tags?post=428"}],"curies":[{"name":"wp","href":"https:\/\/api.w.org\/{rel}","templated":true}]}}