{"id":613,"date":"2020-05-05T20:55:18","date_gmt":"2020-05-05T18:55:18","guid":{"rendered":"https:\/\/blogs.fu-berlin.de\/fkfkollektiv\/?p=613"},"modified":"2024-08-07T08:55:44","modified_gmt":"2024-08-07T06:55:44","slug":"frieden-musizieren","status":"publish","type":"post","link":"https:\/\/blogs.fu-berlin.de\/fkfkollektiv\/2020\/05\/05\/frieden-musizieren\/","title":{"rendered":"Frieden musizieren?!"},"content":{"rendered":"<h1>Eine kritisch-musikalische Auseinandersetzung<\/h1>\n<p>von Niklas Balbon (Mai 2020)<\/p>\n<p>Frieden ist ein wissenschaftlich umk\u00e4mpfter Begriff, dessen unterschiedliche Verwendung weitreichende analytische\u00a0und normative Folgen hat. Das Werk \u201eFrieden musizieren?!\u201c verhandelt auf musikalische Weise drei prominente\u00a0Friedensverst\u00e4ndnisse und pl\u00e4diert f\u00fcr eine methodologische Diversit\u00e4t. In Form eines Klarinetten-Quartetts verdeutlicht die musikalische Darstellung der \u201evielen Frieden\u201c die Wichtigkeit eines reflektierten Umgangs\u00a0mit dem Friedensbegriff und bietet einen alternativen wie auch emotionalen Zugang zur Debatte.<\/p>\n<p>Diskussion der &#8222;vielen Frieden&#8220; und Partitur:\u00a0<a href=\"https:\/\/blogs.fu-berlin.de\/fkfkollektiv\/files\/2020\/05\/Frieden-musizieren.pdf\">Frieden musizieren?!<\/a><\/p>\n<p>Aufnahme von &#8222;Frieden musizieren?!&#8220;, gespielt von Luisa Gehlen, Malte Jansen, Ivo Landmann und Jacob Niller:<\/p>\n<!--[if lt IE 9]><script>document.createElement('audio');<\/script><![endif]-->\n<audio class=\"wp-audio-shortcode\" id=\"audio-613-1\" preload=\"none\" style=\"width: 100%;\" controls=\"controls\"><source type=\"audio\/mpeg\" src=\"https:\/\/blogs.fu-berlin.de\/fkfkollektiv\/files\/2020\/05\/Frieden-musizieren.mp3?_=1\" \/><a href=\"https:\/\/blogs.fu-berlin.de\/fkfkollektiv\/files\/2020\/05\/Frieden-musizieren.mp3\">https:\/\/blogs.fu-berlin.de\/fkfkollektiv\/files\/2020\/05\/Frieden-musizieren.mp3<\/a><\/audio>\n","protected":false},"excerpt":{"rendered":"<p>Eine kritisch-musikalische Auseinandersetzung von Niklas Balbon (Mai 2020) Frieden ist ein wissenschaftlich umk\u00e4mpfter Begriff, dessen unterschiedliche Verwendung weitreichende analytische\u00a0und normative Folgen hat. Das Werk \u201eFrieden musizieren?!\u201c verhandelt auf musikalische Weise drei prominente\u00a0Friedensverst\u00e4ndnisse und pl\u00e4diert f\u00fcr eine methodologische Diversit\u00e4t. In Form eines Klarinetten-Quartetts verdeutlicht die musikalische Darstellung der \u201evielen Frieden\u201c die Wichtigkeit eines reflektierten Umgangs\u00a0mit dem &hellip; <a href=\"https:\/\/blogs.fu-berlin.de\/fkfkollektiv\/2020\/05\/05\/frieden-musizieren\/\" class=\"more-link\"><span class=\"screen-reader-text\">\u201eFrieden musizieren?!\u201c<\/span> weiterlesen<\/a><\/p>\n","protected":false},"author":4043,"featured_media":0,"comment_status":"closed","ping_status":"closed","sticky":false,"template":"","format":"standard","meta":{"footnotes":""},"categories":[284330,284601],"tags":[284330,215230,286685],"class_list":["post-613","post","type-post","status-publish","format-standard","hentry","category-frieden","category-konflikt","tag-frieden","tag-gewalt","tag-performativ"],"_links":{"self":[{"href":"https:\/\/blogs.fu-berlin.de\/fkfkollektiv\/wp-json\/wp\/v2\/posts\/613","targetHints":{"allow":["GET"]}}],"collection":[{"href":"https:\/\/blogs.fu-berlin.de\/fkfkollektiv\/wp-json\/wp\/v2\/posts"}],"about":[{"href":"https:\/\/blogs.fu-berlin.de\/fkfkollektiv\/wp-json\/wp\/v2\/types\/post"}],"author":[{"embeddable":true,"href":"https:\/\/blogs.fu-berlin.de\/fkfkollektiv\/wp-json\/wp\/v2\/users\/4043"}],"replies":[{"embeddable":true,"href":"https:\/\/blogs.fu-berlin.de\/fkfkollektiv\/wp-json\/wp\/v2\/comments?post=613"}],"version-history":[{"count":3,"href":"https:\/\/blogs.fu-berlin.de\/fkfkollektiv\/wp-json\/wp\/v2\/posts\/613\/revisions"}],"predecessor-version":[{"id":891,"href":"https:\/\/blogs.fu-berlin.de\/fkfkollektiv\/wp-json\/wp\/v2\/posts\/613\/revisions\/891"}],"wp:attachment":[{"href":"https:\/\/blogs.fu-berlin.de\/fkfkollektiv\/wp-json\/wp\/v2\/media?parent=613"}],"wp:term":[{"taxonomy":"category","embeddable":true,"href":"https:\/\/blogs.fu-berlin.de\/fkfkollektiv\/wp-json\/wp\/v2\/categories?post=613"},{"taxonomy":"post_tag","embeddable":true,"href":"https:\/\/blogs.fu-berlin.de\/fkfkollektiv\/wp-json\/wp\/v2\/tags?post=613"}],"curies":[{"name":"wp","href":"https:\/\/api.w.org\/{rel}","templated":true}]}}