{"id":626,"date":"2020-05-15T10:49:32","date_gmt":"2020-05-15T08:49:32","guid":{"rendered":"https:\/\/blogs.fu-berlin.de\/fkfkollektiv\/?p=626"},"modified":"2024-08-07T08:55:40","modified_gmt":"2024-08-07T06:55:40","slug":"forschungsprojekt-zu-dual-use-startet","status":"publish","type":"post","link":"https:\/\/blogs.fu-berlin.de\/fkfkollektiv\/2020\/05\/15\/forschungsprojekt-zu-dual-use-startet\/","title":{"rendered":"Forschungsprojekt zu \u201eDual Use\u201c startet"},"content":{"rendered":"<p><em>von Sven Chojnacki und David Niebauer (Mai 2020)<\/em><\/p>\n<blockquote><p>Wie gehen wir als Wissenschaftler*innen damit um, wenn unsere Forschungsprojekte nicht nur f\u00fcr zivile Ziele genutzt, sondern auch f\u00fcr politische oder milit\u00e4rische Zwecke instrumentalisiert werden? Welche Verantwortung haben die Wissenschaften, wenn Projekte nicht nur innovative Entwicklungen ansto\u00dfen und n\u00fctzlichen Wirkungen entfalten, sondern auch gesellschaftliche Sch\u00e4den durch ihre missbr\u00e4uchliche Nutzung hervorbringen \u2013 ohne, dass dies immer kontrolliert und unterbunden werden kann?<\/p><\/blockquote>\n<p><!--more--><\/p>\n<p>Diesen Herausforderungen stellt sich der Arbeitsbereich Friedens- und Konfliktforschung mit dem Projekt \u201eInterdisziplin\u00e4re Blickwinkel auf die Schattenseiten der (Berliner) Wissenschaften: Die Dual Use-Problematik\u201c, das vom FU-Pr\u00e4sidium gef\u00f6rdert wird. In Kooperation mit <a href=\"https:\/\/www.bcp.fu-berlin.de\/biologie\/arbeitsgruppen\/zoologie\/ag_rolff\/people\/rolff\/index.html\">Jens Rolff<\/a> (Evolutionsbiologie, FU) werden wir sowohl die vielschichtigen Ambivalenzen am Campus Dahlem&nbsp; anhand von historischen und aktuellen Beispielen thematisieren als auch in interdisziplin\u00e4rer Perspektive verschiedene Lehr- und Lernformate entwickeln (u.a. offener H\u00f6rsaal, Ausstellung, Museum), mit deren Hilfe wir Denk- und Diskussionsanst\u00f6\u00dfe f\u00fcr die gesellschaftliche Verantwortung der Wissenschaften geben wollen.<\/p>\n<p>Eine ausf\u00fchrliche Projektbeschreibung findet sich <a href=\"https:\/\/www.polsoz.fu-berlin.de\/polwiss\/forschung\/international\/frieden\/projekte\/laufende_Projekte\/Dual-Use\/index.html\">hier<\/a>.<\/p>\n","protected":false},"excerpt":{"rendered":"<p>von Sven Chojnacki und David Niebauer (Mai 2020) Wie gehen wir als Wissenschaftler*innen damit um, wenn unsere Forschungsprojekte nicht nur f\u00fcr zivile Ziele genutzt, sondern auch f\u00fcr politische oder milit\u00e4rische Zwecke instrumentalisiert werden? Welche Verantwortung haben die Wissenschaften, wenn Projekte nicht nur innovative Entwicklungen ansto\u00dfen und n\u00fctzlichen Wirkungen entfalten, sondern auch gesellschaftliche Sch\u00e4den durch ihre &hellip; <a href=\"https:\/\/blogs.fu-berlin.de\/fkfkollektiv\/2020\/05\/15\/forschungsprojekt-zu-dual-use-startet\/\" class=\"more-link\"><span class=\"screen-reader-text\">\u201eForschungsprojekt zu \u201eDual Use\u201c startet\u201c<\/span> weiterlesen<\/a><\/p>\n","protected":false},"author":4043,"featured_media":0,"comment_status":"closed","ping_status":"closed","sticky":false,"template":"","format":"aside","meta":{"footnotes":""},"categories":[9],"tags":[],"class_list":["post-626","post","type-post","status-publish","format-aside","hentry","category-allgemein","post_format-post-format-aside"],"_links":{"self":[{"href":"https:\/\/blogs.fu-berlin.de\/fkfkollektiv\/wp-json\/wp\/v2\/posts\/626","targetHints":{"allow":["GET"]}}],"collection":[{"href":"https:\/\/blogs.fu-berlin.de\/fkfkollektiv\/wp-json\/wp\/v2\/posts"}],"about":[{"href":"https:\/\/blogs.fu-berlin.de\/fkfkollektiv\/wp-json\/wp\/v2\/types\/post"}],"author":[{"embeddable":true,"href":"https:\/\/blogs.fu-berlin.de\/fkfkollektiv\/wp-json\/wp\/v2\/users\/4043"}],"replies":[{"embeddable":true,"href":"https:\/\/blogs.fu-berlin.de\/fkfkollektiv\/wp-json\/wp\/v2\/comments?post=626"}],"version-history":[{"count":4,"href":"https:\/\/blogs.fu-berlin.de\/fkfkollektiv\/wp-json\/wp\/v2\/posts\/626\/revisions"}],"predecessor-version":[{"id":890,"href":"https:\/\/blogs.fu-berlin.de\/fkfkollektiv\/wp-json\/wp\/v2\/posts\/626\/revisions\/890"}],"wp:attachment":[{"href":"https:\/\/blogs.fu-berlin.de\/fkfkollektiv\/wp-json\/wp\/v2\/media?parent=626"}],"wp:term":[{"taxonomy":"category","embeddable":true,"href":"https:\/\/blogs.fu-berlin.de\/fkfkollektiv\/wp-json\/wp\/v2\/categories?post=626"},{"taxonomy":"post_tag","embeddable":true,"href":"https:\/\/blogs.fu-berlin.de\/fkfkollektiv\/wp-json\/wp\/v2\/tags?post=626"}],"curies":[{"name":"wp","href":"https:\/\/api.w.org\/{rel}","templated":true}]}}