{"id":651,"date":"2020-06-16T20:25:48","date_gmt":"2020-06-16T18:25:48","guid":{"rendered":"https:\/\/blogs.fu-berlin.de\/fkfkollektiv\/?p=651"},"modified":"2024-08-07T08:55:31","modified_gmt":"2024-08-07T06:55:31","slug":"intersektionalitaet-und-gewalt-collage","status":"publish","type":"post","link":"https:\/\/blogs.fu-berlin.de\/fkfkollektiv\/2020\/06\/16\/intersektionalitaet-und-gewalt-collage\/","title":{"rendered":"Intersektionalit\u00e4t und Gewalt \u2013 Collage"},"content":{"rendered":"<p><a href=\"https:\/\/intersektionalitaetundgewalt.tumblr.com\/\" target=\"_blank\" rel=\"noopener\"><img loading=\"lazy\" decoding=\"async\" class=\"alignnone size-medium wp-image-656\" src=\"https:\/\/blogs.fu-berlin.de\/fkfkollektiv\/files\/2020\/06\/IMG_3878-300x198.jpg\" alt=\"\" width=\"300\" height=\"198\" srcset=\"https:\/\/blogs.fu-berlin.de\/fkfkollektiv\/files\/2020\/06\/IMG_3878-300x198.jpg 300w, https:\/\/blogs.fu-berlin.de\/fkfkollektiv\/files\/2020\/06\/IMG_3878-768x507.jpg 768w, https:\/\/blogs.fu-berlin.de\/fkfkollektiv\/files\/2020\/06\/IMG_3878-1024x676.jpg 1024w, https:\/\/blogs.fu-berlin.de\/fkfkollektiv\/files\/2020\/06\/IMG_3878-1200x792.jpg 1200w, https:\/\/blogs.fu-berlin.de\/fkfkollektiv\/files\/2020\/06\/IMG_3878-250x165.jpg 250w, https:\/\/blogs.fu-berlin.de\/fkfkollektiv\/files\/2020\/06\/IMG_3878-550x363.jpg 550w, https:\/\/blogs.fu-berlin.de\/fkfkollektiv\/files\/2020\/06\/IMG_3878-800x528.jpg 800w, https:\/\/blogs.fu-berlin.de\/fkfkollektiv\/files\/2020\/06\/IMG_3878-273x180.jpg 273w, https:\/\/blogs.fu-berlin.de\/fkfkollektiv\/files\/2020\/06\/IMG_3878-454x300.jpg 454w, https:\/\/blogs.fu-berlin.de\/fkfkollektiv\/files\/2020\/06\/IMG_3878-757x500.jpg 757w, https:\/\/blogs.fu-berlin.de\/fkfkollektiv\/files\/2020\/06\/IMG_3878.jpg 1280w\" sizes=\"auto, (max-width: 300px) 85vw, 300px\" \/><\/a><\/p>\n<p><em>von Anneke Kirsch und Hannah Fr\u00f6hler<\/em><\/p>\n<p>\u201cThe People in this country (USA) who are the most subject to violence &#8211; state violence, institutional violence but also individual violence &#8211;&nbsp;would probably be Trans Women of Color. Often times, when we are in institutions such as universities, we are taught to isolate and analyze and we forget, that when we engage in these processes of isolating a concept for the purpose of understanding it, we forget, that this is not how the real world works. We assume that what is in our head is out constituting social reality, but social reality is very messy. As someone who has been a teacher at the university level for many years, training PhD candidates, i can tell you that the hardest thing to teach is the difference between the tools that we use to learn how to understand the world and the way the world exists in its craziness and messiness. The social world always exceeds to fully comprehend it\u201d (Angela Davis 2018: Min. 40, Sek. 40).<!--more--><\/p>\n<p>Von einem wissenschaftlichen Beitrag, der sich mit einem Konzept, einem Begriff oder einer Theorie besch\u00e4ftigt, werden bestimmte Inhalte erwartet: Definition, Begriffserkl\u00e4rung, Einordnung in den Forschungsstand, wissenschaftliches Vokabular etc. Wer diese Normen nicht erf\u00fcllt, wird es schwer haben im wissenschaftlichen Diskurs Geh\u00f6r \u2013 \u00fcberhaupt statt \u2013 zu finden. Wissenschaftliche Methoden sind Voraussetzung und Kernbestandteil des wissenschaftlichen Arbeitens, weil sie Wissenschaft in der ausdifferenzierten Gesellschaft legitimieren und von beispielsweise Religion oder Wirtschaft unterscheiden; die andere Seite dieser Medaille ist jedoch, dass das Wissen um entsprechende Methoden und die F\u00e4higkeit sie anzuwenden, eine sogenannte<em> gatekeeping<\/em>-Funktion erf\u00fcllt. Das hei\u00dft, dadurch wird Menschen, die unsere Gesellschaft rassistisch, klassistisch, sexistisch, queerfeindlich, ableistisch strukturell diskriminiert, der Zugang zur Wissensproduktion erschwert oder verweigert.<\/p>\n<p>Deshalb wollen wir an dieser Stelle etwas von Menschen lernen, die nicht in peer-reviewten Fachzeitschriften publizieren.<\/p>\n<p>2018 waren von etwa 47.900 Professor*innen in Deutschland 11.904 Frauen* (Statistisches Bundesamt 2019). Wie viele davon BIWoC, queere Menschen oder Menschen mit Behinderung sind, wird nicht erhoben \u2013 zu vermuten ist jedoch, dass sie vom Frauen*anteil nur ein Bruchteil sind. Daran wird deutlich, dass Menschen, die von mehreren Diskriminierungsformen betroffen sind, im wissenschaftlichen Diskurs in Deutschland unterrepr\u00e4sentiert sind. Intersektionalit\u00e4t erkennt jedoch dar\u00fcber hinaus an, dass beispielsweise Schwarze&nbsp;Transfrauen nicht nur mehr Diskriminierung erfahren, sondern auch, dass diese intersektionale Diskriminierungserfahrung nur in ihrer Verschr\u00e4nktheit verstanden werden kann.<\/p>\n<p>Deshalb k\u00f6nnen wir etwas von Menschen lernen, die selbst von dieser Erfahrung berichten.<\/p>\n<p>\u201cWei\u00dfe K\u00f6rper als normal und andere als markiert zu verstehen ist genauso unreflektiert wie die Gattung Mensch mit dem Geschlecht Mann gleichzusetzen. Deshalb geh\u00f6rt zu jeder Analyse von Intersektionalit\u00e4t auch eine Kritik von falschen Universalismen wie Androzentrismus, Heteronormativit\u00e4t oder unmarkiertem Wei\u00dfsein\/Okzidentalit\u00e4t\u201d (Dietze 2014: 17).<\/p>\n<p>Und zuletzt sind wir in der Verantwortung, die Privilegien unserer Sprechposition kritisch zu reflektieren und zu nutzen. Die Autorinnen dieses Blogbeitrags sind wei\u00dfe Cis-Frauen, die sich ein Studium leisten k\u00f6nnen \u2013 diese Merkmale haben etwas damit zu tun, dass wir an einem Seminar zu Gender und Gewalt (in dessen Rahmen dieser Beitrag entsteht) teilnehmen, dass wir wissenschaftliche Codes beherrschen, denen auch in diesem Beitrag gefolgt wurde, und den Raum haben, innerhalb dieses Blogbeitrags Geh\u00f6r zu finden.<\/p>\n<p>Deshalb wollen wir diesen Raum teilen.<\/p>\n<p><strong>Triggerwarnung:<\/strong> Manche Inhalte der Collage besch\u00e4ftigen sich explizit mit Gewalt.<\/p>\n<p>Hier (<a href=\"https:\/\/intersektionalitaetundgewalt.tumblr.com\">https:\/\/intersektionalitaetundgewalt.tumblr.com<\/a>) findet sich eine Collage der Beitr\u00e4ge, die im Seminar gesammelt wurden. Die Collage soll w\u00e4hrend des Kurses sowie danach weiter erg\u00e4nzt werden.<\/p>\n<p><strong>Literatur<\/strong><\/p>\n<p><em>Davis, Angela<\/em> 2018: A Conversation on Race and Privilege with Angela Davis and Jane Elliott, Podiumsdiskussion der University of Houston, Graduate College of Social Work; online verf\u00fcgbar unter: <a href=\"https:\/\/www.youtube.com\/watch?v=S0jf8D5WHoo\">https:\/\/www.youtube.com\/watch?v=S0jf8D5WHoo<\/a>.<\/p>\n<p><em>Dietze, Gabriele<\/em> 2014: Race, Gender und Whiteness. Einige \u00dcberlegungen zu Intersektionalit\u00e4t, in: Zeitschrift fu\u0308r Geschlechterforschung und Visuelle Kultur 56: 9-19.<\/p>\n<p><em>Statistisches Bundesamt<\/em> 2019: 1,3 % mehr wissenschaftliches Hochschulpersonal im Jahr 2018, Pressemitteilung Nr. 256; online verf\u00fcgbar unter: <a href=\"https:\/\/www.destatis.de\/DE\/Presse\/Pressemitteilungen\/2019\/07\/PD19_256_213.html\">https:\/\/www.destatis.de\/DE\/Presse\/Pressemitteilungen\/2019\/07\/PD19_256_213.html<\/a>.<\/p>\n<p>&nbsp;<\/p>\n","protected":false},"excerpt":{"rendered":"<p>von Anneke Kirsch und Hannah Fr\u00f6hler \u201cThe People in this country (USA) who are the most subject to violence &#8211; state violence, institutional violence but also individual violence &#8211;&nbsp;would probably be Trans Women of Color. Often times, when we are in institutions such as universities, we are taught to isolate and analyze and we forget, &hellip; <a href=\"https:\/\/blogs.fu-berlin.de\/fkfkollektiv\/2020\/06\/16\/intersektionalitaet-und-gewalt-collage\/\" class=\"more-link\"><span class=\"screen-reader-text\">\u201eIntersektionalit\u00e4t und Gewalt \u2013 Collage\u201c<\/span> weiterlesen<\/a><\/p>\n","protected":false},"author":852,"featured_media":0,"comment_status":"closed","ping_status":"closed","sticky":false,"template":"","format":"standard","meta":{"footnotes":""},"categories":[9],"tags":[],"class_list":["post-651","post","type-post","status-publish","format-standard","hentry","category-allgemein"],"_links":{"self":[{"href":"https:\/\/blogs.fu-berlin.de\/fkfkollektiv\/wp-json\/wp\/v2\/posts\/651","targetHints":{"allow":["GET"]}}],"collection":[{"href":"https:\/\/blogs.fu-berlin.de\/fkfkollektiv\/wp-json\/wp\/v2\/posts"}],"about":[{"href":"https:\/\/blogs.fu-berlin.de\/fkfkollektiv\/wp-json\/wp\/v2\/types\/post"}],"author":[{"embeddable":true,"href":"https:\/\/blogs.fu-berlin.de\/fkfkollektiv\/wp-json\/wp\/v2\/users\/852"}],"replies":[{"embeddable":true,"href":"https:\/\/blogs.fu-berlin.de\/fkfkollektiv\/wp-json\/wp\/v2\/comments?post=651"}],"version-history":[{"count":5,"href":"https:\/\/blogs.fu-berlin.de\/fkfkollektiv\/wp-json\/wp\/v2\/posts\/651\/revisions"}],"predecessor-version":[{"id":887,"href":"https:\/\/blogs.fu-berlin.de\/fkfkollektiv\/wp-json\/wp\/v2\/posts\/651\/revisions\/887"}],"wp:attachment":[{"href":"https:\/\/blogs.fu-berlin.de\/fkfkollektiv\/wp-json\/wp\/v2\/media?parent=651"}],"wp:term":[{"taxonomy":"category","embeddable":true,"href":"https:\/\/blogs.fu-berlin.de\/fkfkollektiv\/wp-json\/wp\/v2\/categories?post=651"},{"taxonomy":"post_tag","embeddable":true,"href":"https:\/\/blogs.fu-berlin.de\/fkfkollektiv\/wp-json\/wp\/v2\/tags?post=651"}],"curies":[{"name":"wp","href":"https:\/\/api.w.org\/{rel}","templated":true}]}}