{"id":785,"date":"2021-09-27T14:42:46","date_gmt":"2021-09-27T12:42:46","guid":{"rendered":"https:\/\/blogs.fu-berlin.de\/fkfkollektiv\/?p=785"},"modified":"2021-10-04T09:20:13","modified_gmt":"2021-10-04T07:20:13","slug":"die-grenzen-europaeischer-solidaritaet","status":"publish","type":"post","link":"https:\/\/blogs.fu-berlin.de\/fkfkollektiv\/2021\/09\/27\/die-grenzen-europaeischer-solidaritaet\/","title":{"rendered":"Die Grenzen europ\u00e4ischer Solidarit\u00e4t"},"content":{"rendered":"\n<h2 class=\"wp-block-heading\"><strong>Eine Reflexion performativer Methoden in der kritischen Migrationsforschung<\/strong><\/h2>\n\n\n\n<div class=\"wp-block-group\"><div class=\"wp-block-group__inner-container is-layout-flow wp-block-group-is-layout-flow\">\n<p><em>Podcast und schriftlicher Beitrag von Rani Lehmann-Abi-Haidar und Sissy Bloedorn<\/em><\/p>\n\n\n\n<p>Die Grenzen europ\u00e4ischer Solidarit\u00e4t ist eine dreiteilige Podcastreihe, in welcher der Frage nachgegangen wird, welche Folgen die Migrationspolitik der Europ\u00e4ischen Union f\u00fcr gefl\u00fcchtete und fl\u00fcchtende Menschen hat. Thematisch liegt der Fokus dabei insbesondere auf der sog. libyschen K\u00fcstenwache und ihrer Zusammenarbeit mit der Grenzschutzagentur Frontex. Der Podcastreihe gehen insbesondere in der ersten Folge einige Definitionen und Erkl\u00e4rungen voraus, um den Zugang zu der Thematik m\u00f6glichst niedrigschwellig und zug\u00e4nglich zu gestalten.<\/p>\n<\/div><\/div>\n\n\n\n<p><a href=\"https:\/\/blogs.fu-berlin.de\/fkfkollektiv\/files\/2021\/09\/Podcast_Rani_Sissy_Vero\u0308ffentlichung_finalf.pdf\">Die Grenzen europ\u00e4ischer Solidarit\u00e4t <\/a>&#8211; schriftlicher Beitrag von Rani Lehmann-Abi-Haidar und Sissy Bloedorn<\/p>\n\n\n\n<p>Der Podcast ist sowohl auf SoundCloud als auch auf Spotify zu finden.<br><strong>Soundcloud:<\/strong> <a href=\"https:\/\/soundcloud.com\/podcast-sissyundrani\/die-grenzen-europaischer-solidaritat-teil-i\">Folge I <\/a>&amp; <a href=\"https:\/\/soundcloud.com\/podcast-sissyundrani\/die-grenzen-europaischer-solidaritat-teil-i-1\">Folge II<\/a> &amp; <a href=\"https:\/\/soundcloud.com\/podcast-sissyundrani\/die-grenzen-europaischer-solidaritat-teil-iii\">Folge III<\/a><br><strong>Spotify:<\/strong> <a href=\"https:\/\/open.spotify.com\/episode\/6AIL8QJwGeZ4iD1oEsQOTL?go=1&amp;sp_cid=3f1fd675d43d589cf2c538ef00bb2cb8&amp;utm_source=embed_player_p&amp;utm_medium=desktop&amp;dl_branch=1&amp;nd=1\">Folge I <\/a>&amp; <a href=\"https:\/\/open.spotify.com\/episode\/2CIPyq4Z2EgDLwsysyF9Bt?si=IhGOjY3RStO7WG_iU0HQAQ&amp;dl_branch=1\">Folge II<\/a> &amp; <a href=\"https:\/\/open.spotify.com\/episode\/5g0LPw32WPy35IJqUbK08b\">Folge III<\/a><\/p>\n\n\n\n<figure class=\"wp-block-embed-soundcloud wp-block-embed is-type-rich is-provider-soundcloud wp-embed-aspect-4-3 wp-has-aspect-ratio\"><div class=\"wp-block-embed__wrapper\">\n<iframe loading=\"lazy\" title=\"Teil I - Die Grenzen europ\u00e4ischer Solidarit\u00e4t by Sissy und Rani\" width=\"840\" height=\"400\" scrolling=\"no\" frameborder=\"no\" src=\"https:\/\/w.soundcloud.com\/player\/?visual=true&#038;url=https%3A%2F%2Fapi.soundcloud.com%2Ftracks%2F1102878622&#038;show_artwork=true&#038;maxheight=1000&#038;maxwidth=840\"><\/iframe>\n<\/div><\/figure>\n\n\n\n<div class=\"wp-block-group\"><div class=\"wp-block-group__inner-container is-layout-flow wp-block-group-is-layout-flow\">\n<figure class=\"wp-block-embed-spotify wp-block-embed is-type-rich is-provider-spotify wp-embed-aspect-21-9 wp-has-aspect-ratio\"><div class=\"wp-block-embed__wrapper\">\n<iframe title=\"Spotify Embed: Teil I - Die Grenzen europ\u00e4ischer Solidarit\u00e4t\" style=\"border-radius: 12px\" width=\"100%\" height=\"152\" frameborder=\"0\" allowfullscreen allow=\"autoplay; clipboard-write; encrypted-media; fullscreen; picture-in-picture\" loading=\"lazy\" src=\"https:\/\/open.spotify.com\/embed\/episode\/6AIL8QJwGeZ4iD1oEsQOTL?si=n6-OjFsIR5KMWIK-lGmKvA&#038;dl_branch=1&#038;utm_source=oembed\"><\/iframe>\n<\/div><\/figure>\n<\/div><\/div>\n\n\n\n<div class=\"wp-block-group is-layout-flow wp-block-group-is-layout-flow\"><div class=\"wp-block-group__inner-container\"><\/div><\/div>\n\n\n\n<p><\/p>\n","protected":false},"excerpt":{"rendered":"<p>Eine Reflexion performativer Methoden in der kritischen Migrationsforschung Podcast und schriftlicher Beitrag von Rani Lehmann-Abi-Haidar und Sissy Bloedorn Die Grenzen europ\u00e4ischer Solidarit\u00e4t ist eine dreiteilige Podcastreihe, in welcher der Frage nachgegangen wird, welche Folgen die Migrationspolitik der Europ\u00e4ischen Union f\u00fcr gefl\u00fcchtete und fl\u00fcchtende Menschen hat. Thematisch liegt der Fokus dabei insbesondere auf der sog. libyschen &hellip; <a href=\"https:\/\/blogs.fu-berlin.de\/fkfkollektiv\/2021\/09\/27\/die-grenzen-europaeischer-solidaritaet\/\" class=\"more-link\"><span class=\"screen-reader-text\">\u201eDie Grenzen europ\u00e4ischer Solidarit\u00e4t\u201c<\/span> weiterlesen<\/a><\/p>\n","protected":false},"author":6405,"featured_media":0,"comment_status":"closed","ping_status":"closed","sticky":false,"template":"","format":"standard","meta":{"footnotes":""},"categories":[9],"tags":[],"class_list":["post-785","post","type-post","status-publish","format-standard","hentry","category-allgemein"],"_links":{"self":[{"href":"https:\/\/blogs.fu-berlin.de\/fkfkollektiv\/wp-json\/wp\/v2\/posts\/785","targetHints":{"allow":["GET"]}}],"collection":[{"href":"https:\/\/blogs.fu-berlin.de\/fkfkollektiv\/wp-json\/wp\/v2\/posts"}],"about":[{"href":"https:\/\/blogs.fu-berlin.de\/fkfkollektiv\/wp-json\/wp\/v2\/types\/post"}],"author":[{"embeddable":true,"href":"https:\/\/blogs.fu-berlin.de\/fkfkollektiv\/wp-json\/wp\/v2\/users\/6405"}],"replies":[{"embeddable":true,"href":"https:\/\/blogs.fu-berlin.de\/fkfkollektiv\/wp-json\/wp\/v2\/comments?post=785"}],"version-history":[{"count":22,"href":"https:\/\/blogs.fu-berlin.de\/fkfkollektiv\/wp-json\/wp\/v2\/posts\/785\/revisions"}],"predecessor-version":[{"id":829,"href":"https:\/\/blogs.fu-berlin.de\/fkfkollektiv\/wp-json\/wp\/v2\/posts\/785\/revisions\/829"}],"wp:attachment":[{"href":"https:\/\/blogs.fu-berlin.de\/fkfkollektiv\/wp-json\/wp\/v2\/media?parent=785"}],"wp:term":[{"taxonomy":"category","embeddable":true,"href":"https:\/\/blogs.fu-berlin.de\/fkfkollektiv\/wp-json\/wp\/v2\/categories?post=785"},{"taxonomy":"post_tag","embeddable":true,"href":"https:\/\/blogs.fu-berlin.de\/fkfkollektiv\/wp-json\/wp\/v2\/tags?post=785"}],"curies":[{"name":"wp","href":"https:\/\/api.w.org\/{rel}","templated":true}]}}