{"id":2458,"date":"2015-09-02T16:53:56","date_gmt":"2015-09-02T14:53:56","guid":{"rendered":"https:\/\/blogs.fu-berlin.de\/fortbildung\/?p=2458"},"modified":"2015-09-02T16:53:56","modified_gmt":"2015-09-02T14:53:56","slug":"neue-themen-und-termine-der-online-vortragsreihe-fuer-adobe-connect-nutzerinnen","status":"publish","type":"post","link":"https:\/\/blogs.fu-berlin.de\/fortbildung\/2015\/09\/02\/neue-themen-und-termine-der-online-vortragsreihe-fuer-adobe-connect-nutzerinnen\/","title":{"rendered":"Neue Themen und Termine der Online-Vortragsreihe f\u00fcr Adobe Connect Nutzer\/innen"},"content":{"rendered":"<p>Am 15. September startet die Online-Vortragsreihe der <a href=\"https:\/\/blogs.fu-berlin.de\/dachadobeconnect\/\" target=\"_blank\">Adobe Connect DACH Nutzergruppe<\/a> in ihr zweites Semester. Jeweils dienstags geben erfahrene Connect-Veranstalter\/innen im zwei-w\u00f6chentlichen Rhythmusf\u00fcr eine halbe Stunde Einblicke in verschiedene Nutzungsszenarien, didaktische Tricks und Kniffe sowie vertiefendes, technisches Know-How. Je nach Thema richten sich die einzelnen Vortr\u00e4ge mehr an Anf\u00e4nger\/innen oder fortgeschrittene Anwender\/innen.<\/p>\n<p>Alle Vortragstermine finden Sie <a href=\"https:\/\/blogs.fu-berlin.de\/dachadobeconnect\/programm\/\" target=\"_blank\">hier<\/a>.<\/p>\n<p>Neu in diesem Semester ist das Angebot zus\u00e4tzlicher Vertiefungsvortr\u00e4ge. Diese werden &#8211; je nach Interesse &#8211; kurzfristig als Erg\u00e4nzung angeboten. Zu welchen Themen und wann es weitere Vertiefungen gibt, erfahren Sie jeweils w\u00e4hrend der einzelnen Vortr\u00e4ge.<br \/>\n<!--more--><\/p>\n<p>Der erste Termin am 15.09 um 16 Uhr bietet mit dem Thema \u201eWas mit Adobe Connect m\u00f6glich ist: Einsatzm\u00f6glichkeiten und Praxisbeispiele\u201c einen ersten \u00dcberblick \u00fcber die vielf\u00e4ltigen M\u00f6glichkeiten des Webkonferenz-Tools. Die weiteren Themen reichen von wertvollen Tipps zu den wichtigsten Funktionen \u00fcber Einsatzszenarien in der Pr\u00e4senzlehre und didaktischen Empfehlungen zur Aktivierung Studierender bis hin zu eher technischen Themen wie der Nutzung der mobilen App oder Hinweisen zur Telefoneinbindung. Eine Anmeldung ist nicht erforderlich. Der Link zur Veranstaltung ist direkt im begleitenden <a href=\"https:\/\/blogs.fu-berlin.de\/dachadobeconnect\/\" target=\"_blank\">Veranstaltungsblog <\/a>einzusehen. Alle Termine werden aufgezeichnet und im Nachhinein anonymisiert \u00f6ffentlich bereit gestellt.<\/p>\n<p>Angeboten wird die Vortragsreihe von der <a href=\"https:\/\/wiki.fernuni-hagen.de\/dachadobeconnect\/index.php\/%C3%9Cber_das_Wiki\" target=\"_blank\">Didaktik-AG<\/a> der oben genannten Nutzergruppe, die sich seit 2013 regelm\u00e4\u00dfig online trifft, um die didaktische Unterst\u00fctzung des Einsatzes von Adobe Connect in der Hochschullehre gemeinsam voranzutreiben. Ein erstes Vorhaben war der Aufbau eines Adobe Connect <a href=\"https:\/\/wiki.fernuni-hagen.de\/dachadobeconnect\/index.php\/Hauptseite\" target=\"_blank\">Didaktik-Wikis<\/a>, welches viele wertvolle didaktische Ideen zum Einsatz einzelner Pods sowie erprobter Praxisbeispiele bereith\u00e4lt. Mit der Vortragsreihe wird ein weiteres Element zur Unterst\u00fctzung der Online-Lehre mit Adobe Connect angeboten.<\/p>\n<p>&nbsp;<\/p>\n<p>F\u00fcr weitere Fragen zur Vortragsreihe und zur Nutzung von Adobe Connect an der FU stehen wir ihnen gerne zur Verf\u00fcgung.<\/p>\n<p>&nbsp;<\/p>\n<p>Athanasios Vassiliou<\/p>\n<div class=\"shariff shariff-align-flex-start shariff-widget-align-flex-start\"><ul class=\"shariff-buttons theme-color orientation-horizontal buttonsize-medium\"><li class=\"shariff-button twitter shariff-nocustomcolor\" style=\"background-color:#595959\"><a href=\"https:\/\/twitter.com\/share?url=https%3A%2F%2Fblogs.fu-berlin.de%2Ffortbildung%2F2015%2F09%2F02%2Fneue-themen-und-termine-der-online-vortragsreihe-fuer-adobe-connect-nutzerinnen%2F&text=Neue%20Themen%20und%20Termine%20der%20Online-Vortragsreihe%20f%C3%BCr%20Adobe%20Connect%20Nutzer%2Finnen\" title=\"Bei X teilen\" aria-label=\"Bei X teilen\" role=\"button\" rel=\"noopener nofollow\" class=\"shariff-link\" style=\"; background-color:#000; color:#fff\" target=\"_blank\"><span class=\"shariff-icon\" style=\"\"><svg width=\"32px\" height=\"20px\" xmlns=\"http:\/\/www.w3.org\/2000\/svg\" viewBox=\"0 0 24 24\"><path fill=\"#000\" d=\"M14.258 10.152L23.176 0h-2.113l-7.747 8.813L7.133 0H0l9.352 13.328L0 23.973h2.113l8.176-9.309 6.531 9.309h7.133zm-2.895 3.293l-.949-1.328L2.875 1.56h3.246l6.086 8.523.945 1.328 7.91 11.078h-3.246zm0 0\"\/><\/svg><\/span><span class=\"shariff-text\">teilen<\/span>&nbsp;<\/a><\/li><li class=\"shariff-button facebook shariff-nocustomcolor\" style=\"background-color:#4273c8\"><a href=\"https:\/\/www.facebook.com\/sharer\/sharer.php?u=https%3A%2F%2Fblogs.fu-berlin.de%2Ffortbildung%2F2015%2F09%2F02%2Fneue-themen-und-termine-der-online-vortragsreihe-fuer-adobe-connect-nutzerinnen%2F\" title=\"Bei Facebook teilen\" aria-label=\"Bei Facebook teilen\" role=\"button\" rel=\"nofollow\" class=\"shariff-link\" style=\"; background-color:#3b5998; color:#fff\" target=\"_blank\"><span class=\"shariff-icon\" style=\"\"><svg width=\"32px\" height=\"20px\" xmlns=\"http:\/\/www.w3.org\/2000\/svg\" viewBox=\"0 0 18 32\"><path fill=\"#3b5998\" d=\"M17.1 0.2v4.7h-2.8q-1.5 0-2.1 0.6t-0.5 1.9v3.4h5.2l-0.7 5.3h-4.5v13.6h-5.5v-13.6h-4.5v-5.3h4.5v-3.9q0-3.3 1.9-5.2t5-1.8q2.6 0 4.1 0.2z\"\/><\/svg><\/span><span class=\"shariff-text\">teilen<\/span>&nbsp;<\/a><\/li><li class=\"shariff-button whatsapp shariff-nocustomcolor\" style=\"background-color:#5cbe4a\"><a href=\"https:\/\/api.whatsapp.com\/send?text=https%3A%2F%2Fblogs.fu-berlin.de%2Ffortbildung%2F2015%2F09%2F02%2Fneue-themen-und-termine-der-online-vortragsreihe-fuer-adobe-connect-nutzerinnen%2F%20Neue%20Themen%20und%20Termine%20der%20Online-Vortragsreihe%20f%C3%BCr%20Adobe%20Connect%20Nutzer%2Finnen\" title=\"Bei Whatsapp teilen\" aria-label=\"Bei Whatsapp teilen\" role=\"button\" rel=\"noopener nofollow\" class=\"shariff-link\" style=\"; background-color:#34af23; color:#fff\" target=\"_blank\"><span class=\"shariff-icon\" style=\"\"><svg width=\"32px\" height=\"20px\" xmlns=\"http:\/\/www.w3.org\/2000\/svg\" viewBox=\"0 0 32 32\"><path fill=\"#34af23\" d=\"M17.6 17.4q0.2 0 1.7 0.8t1.6 0.9q0 0.1 0 0.3 0 0.6-0.3 1.4-0.3 0.7-1.3 1.2t-1.8 0.5q-1 0-3.4-1.1-1.7-0.8-3-2.1t-2.6-3.3q-1.3-1.9-1.3-3.5v-0.1q0.1-1.6 1.3-2.8 0.4-0.4 0.9-0.4 0.1 0 0.3 0t0.3 0q0.3 0 0.5 0.1t0.3 0.5q0.1 0.4 0.6 1.6t0.4 1.3q0 0.4-0.6 1t-0.6 0.8q0 0.1 0.1 0.3 0.6 1.3 1.8 2.4 1 0.9 2.7 1.8 0.2 0.1 0.4 0.1 0.3 0 1-0.9t0.9-0.9zM14 26.9q2.3 0 4.3-0.9t3.6-2.4 2.4-3.6 0.9-4.3-0.9-4.3-2.4-3.6-3.6-2.4-4.3-0.9-4.3 0.9-3.6 2.4-2.4 3.6-0.9 4.3q0 3.6 2.1 6.6l-1.4 4.2 4.3-1.4q2.8 1.9 6.2 1.9zM14 2.2q2.7 0 5.2 1.1t4.3 2.9 2.9 4.3 1.1 5.2-1.1 5.2-2.9 4.3-4.3 2.9-5.2 1.1q-3.5 0-6.5-1.7l-7.4 2.4 2.4-7.2q-1.9-3.2-1.9-6.9 0-2.7 1.1-5.2t2.9-4.3 4.3-2.9 5.2-1.1z\"\/><\/svg><\/span><span class=\"shariff-text\">teilen<\/span>&nbsp;<\/a><\/li><li class=\"shariff-button threema shariff-nocustomcolor shariff-mobile\" style=\"background-color:#4fbc24\"><a href=\"threema:\/\/compose?text=Neue%20Themen%20und%20Termine%20der%20Online-Vortragsreihe%20f%C3%BCr%20Adobe%20Connect%20Nutzer%2Finnen%20https%3A%2F%2Fblogs.fu-berlin.de%2Ffortbildung%2F2015%2F09%2F02%2Fneue-themen-und-termine-der-online-vortragsreihe-fuer-adobe-connect-nutzerinnen%2F\" title=\"Bei Threema teilen\" aria-label=\"Bei Threema teilen\" role=\"button\" rel=\"noopener nofollow\" class=\"shariff-link\" style=\"; background-color:#1f1f1f; color:#fff\" target=\"_blank\"><span class=\"shariff-icon\" style=\"\"><svg width=\"32px\" height=\"20px\" xmlns=\"http:\/\/www.w3.org\/2000\/svg\" viewBox=\"0 0 32 32\"><path fill=\"#1f1f1f\" d=\"M30.8 10.9c-0.3-1.4-0.9-2.6-1.8-3.8-2-2.6-5.5-4.5-9.4-5.2-1.3-0.2-1.9-0.3-3.5-0.3s-2.2 0-3.5 0.3c-4 0.7-7.4 2.6-9.4 5.2-0.9 1.2-1.5 2.4-1.8 3.8-0.1 0.5-0.2 1.2-0.2 1.6 0 0.4 0.1 1.1 0.2 1.6 0.4 1.9 1.3 3.4 2.9 5 0.8 0.8 0.8 0.8 0.7 1.3 0 0.6-0.5 1.6-1.7 3.6-0.3 0.5-0.5 0.9-0.5 0.9 0 0.1 0.1 0.1 0.5 0 0.8-0.2 2.3-0.6 5.6-1.6 1.1-0.3 1.3-0.4 2.3-0.4 0.8 0 1.1 0 2.3 0.2 1.5 0.2 3.5 0.2 4.9 0 5.1-0.6 9.3-2.9 11.4-6.3 0.5-0.9 0.9-1.8 1.1-2.8 0.1-0.5 0.2-1.1 0.2-1.6 0-0.7-0.1-1.1-0.2-1.6-0.3-1.4 0.1 0.5 0 0zM20.6 17.3c0 0.4-0.4 0.8-0.8 0.8h-7.7c-0.4 0-0.8-0.4-0.8-0.8v-4.6c0-0.4 0.4-0.8 0.8-0.8h0.2l0-1.6c0-0.9 0-1.8 0.1-2 0.1-0.6 0.6-1.2 1.1-1.7s1.1-0.7 1.9-0.8c1.8-0.3 3.7 0.7 4.2 2.2 0.1 0.3 0.1 0.7 0.1 2.1v0 1.7h0.1c0.4 0 0.8 0.4 0.8 0.8v4.6zM15.6 7.3c-0.5 0.1-0.8 0.3-1.2 0.6s-0.6 0.8-0.7 1.3c0 0.2 0 0.8 0 1.5l0 1.2h4.6v-1.3c0-1 0-1.4-0.1-1.6-0.3-1.1-1.5-1.9-2.6-1.7zM25.8 28.2c0 1.2-1 2.2-2.1 2.2s-2.1-1-2.1-2.1c0-1.2 1-2.1 2.2-2.1s2.2 1 2.2 2.2zM18.1 28.2c0 1.2-1 2.2-2.1 2.2s-2.1-1-2.1-2.1c0-1.2 1-2.1 2.2-2.1s2.2 1 2.2 2.2zM10.4 28.2c0 1.2-1 2.2-2.1 2.2s-2.1-1-2.1-2.1c0-1.2 1-2.1 2.2-2.1s2.2 1 2.2 2.2z\"\/><\/svg><\/span><span class=\"shariff-text\">teilen<\/span>&nbsp;<\/a><\/li><li class=\"shariff-button printer shariff-nocustomcolor\" style=\"background-color:#a8a8a8\"><a href=\"javascript:window.print()\" title=\"drucken\" aria-label=\"drucken\" role=\"button\" rel=\"noopener nofollow\" class=\"shariff-link\" style=\"; background-color:#999; color:#fff\"><span class=\"shariff-icon\" style=\"\"><svg width=\"32px\" height=\"20px\" xmlns=\"http:\/\/www.w3.org\/2000\/svg\" viewBox=\"0 0 30 32\"><path fill=\"#999\" d=\"M6.8 27.4h16v-4.6h-16v4.6zM6.8 16h16v-6.8h-2.8q-0.7 0-1.2-0.5t-0.5-1.2v-2.8h-11.4v11.4zM27.4 17.2q0-0.5-0.3-0.8t-0.8-0.4-0.8 0.4-0.3 0.8 0.3 0.8 0.8 0.3 0.8-0.3 0.3-0.8zM29.7 17.2v7.4q0 0.2-0.2 0.4t-0.4 0.2h-4v2.8q0 0.7-0.5 1.2t-1.2 0.5h-17.2q-0.7 0-1.2-0.5t-0.5-1.2v-2.8h-4q-0.2 0-0.4-0.2t-0.2-0.4v-7.4q0-1.4 1-2.4t2.4-1h1.2v-9.7q0-0.7 0.5-1.2t1.2-0.5h12q0.7 0 1.6 0.4t1.3 0.8l2.7 2.7q0.5 0.5 0.9 1.4t0.4 1.6v4.6h1.1q1.4 0 2.4 1t1 2.4z\"\/><\/svg><\/span><span class=\"shariff-text\">drucken<\/span>&nbsp;<\/a><\/li><li class=\"shariff-button info shariff-nocustomcolor\" style=\"background-color:#a8a8a8\"><a href=\"http:\/\/ct.de\/-2467514\" title=\"Weitere Informationen\" aria-label=\"Weitere Informationen\" role=\"button\" rel=\"noopener \" class=\"shariff-link\" style=\"; background-color:#999; color:#fff\" target=\"_blank\"><span class=\"shariff-icon\" style=\"\"><svg width=\"32px\" height=\"20px\" xmlns=\"http:\/\/www.w3.org\/2000\/svg\" viewBox=\"0 0 11 32\"><path fill=\"#999\" d=\"M11.4 24v2.3q0 0.5-0.3 0.8t-0.8 0.4h-9.1q-0.5 0-0.8-0.4t-0.4-0.8v-2.3q0-0.5 0.4-0.8t0.8-0.4h1.1v-6.8h-1.1q-0.5 0-0.8-0.4t-0.4-0.8v-2.3q0-0.5 0.4-0.8t0.8-0.4h6.8q0.5 0 0.8 0.4t0.4 0.8v10.3h1.1q0.5 0 0.8 0.4t0.3 0.8zM9.2 3.4v3.4q0 0.5-0.4 0.8t-0.8 0.4h-4.6q-0.4 0-0.8-0.4t-0.4-0.8v-3.4q0-0.4 0.4-0.8t0.8-0.4h4.6q0.5 0 0.8 0.4t0.4 0.8z\"\/><\/svg><\/span><\/a><\/li><\/ul><\/div>","protected":false},"excerpt":{"rendered":"<p>Am 15. September startet die Online-Vortragsreihe der Adobe Connect DACH Nutzergruppe in ihr zweites Semester. Jeweils dienstags geben erfahrene Connect-Veranstalter\/innen im zwei-w\u00f6chentlichen Rhythmusf\u00fcr eine halbe Stunde Einblicke in verschiedene Nutzungsszenarien, didaktische Tricks und Kniffe sowie vertiefendes, technisches Know-How. Je nach Thema richten sich die einzelnen Vortr\u00e4ge mehr an Anf\u00e4nger\/innen oder fortgeschrittene Anwender\/innen. Alle Vortragstermine finden &hellip; <a href=\"https:\/\/blogs.fu-berlin.de\/fortbildung\/2015\/09\/02\/neue-themen-und-termine-der-online-vortragsreihe-fuer-adobe-connect-nutzerinnen\/\" class=\"more-link\"><span class=\"screen-reader-text\">\u201eNeue Themen und Termine der Online-Vortragsreihe f\u00fcr Adobe Connect Nutzer\/innen\u201c<\/span> weiterlesen<\/a><\/p>\n","protected":false},"author":1248,"featured_media":0,"comment_status":"open","ping_status":"open","sticky":false,"template":"","format":"standard","meta":{"footnotes":""},"categories":[9,35223,70],"tags":[12623,39946,39942,33661,37713],"class_list":["post-2458","post","type-post","status-publish","format-standard","hentry","category-allgemein","category-ankuendigungen","category-veranstaltungstipps","tag-adobe-connect","tag-online-kommunikation","tag-online-seminar","tag-webinar","tag-webkonferenz"],"_links":{"self":[{"href":"https:\/\/blogs.fu-berlin.de\/fortbildung\/wp-json\/wp\/v2\/posts\/2458","targetHints":{"allow":["GET"]}}],"collection":[{"href":"https:\/\/blogs.fu-berlin.de\/fortbildung\/wp-json\/wp\/v2\/posts"}],"about":[{"href":"https:\/\/blogs.fu-berlin.de\/fortbildung\/wp-json\/wp\/v2\/types\/post"}],"author":[{"embeddable":true,"href":"https:\/\/blogs.fu-berlin.de\/fortbildung\/wp-json\/wp\/v2\/users\/1248"}],"replies":[{"embeddable":true,"href":"https:\/\/blogs.fu-berlin.de\/fortbildung\/wp-json\/wp\/v2\/comments?post=2458"}],"version-history":[{"count":2,"href":"https:\/\/blogs.fu-berlin.de\/fortbildung\/wp-json\/wp\/v2\/posts\/2458\/revisions"}],"predecessor-version":[{"id":2460,"href":"https:\/\/blogs.fu-berlin.de\/fortbildung\/wp-json\/wp\/v2\/posts\/2458\/revisions\/2460"}],"wp:attachment":[{"href":"https:\/\/blogs.fu-berlin.de\/fortbildung\/wp-json\/wp\/v2\/media?parent=2458"}],"wp:term":[{"taxonomy":"category","embeddable":true,"href":"https:\/\/blogs.fu-berlin.de\/fortbildung\/wp-json\/wp\/v2\/categories?post=2458"},{"taxonomy":"post_tag","embeddable":true,"href":"https:\/\/blogs.fu-berlin.de\/fortbildung\/wp-json\/wp\/v2\/tags?post=2458"}],"curies":[{"name":"wp","href":"https:\/\/api.w.org\/{rel}","templated":true}]}}