{"id":3420,"date":"2016-11-15T16:44:48","date_gmt":"2016-11-15T14:44:48","guid":{"rendered":"https:\/\/blogs.fu-berlin.de\/fortbildung\/?p=3420"},"modified":"2016-11-15T17:32:49","modified_gmt":"2016-11-15T15:32:49","slug":"veranstaltung-e-examinations-die-theorie-der-praxis","status":"publish","type":"post","link":"https:\/\/blogs.fu-berlin.de\/fortbildung\/2016\/11\/15\/veranstaltung-e-examinations-die-theorie-der-praxis\/","title":{"rendered":"Veranstaltung: E-Examinations. Die Theorie der Praxis"},"content":{"rendered":"<p>Gastbeitrag von Alexander Schulz<\/p>\n<p><span style=\"font-size: small\">F\u00fcr alle Lehrenden, die sich mit den M\u00f6glichkeiten des Einsatzes digitaler Medien in der Lehre befassen und gerne Pr\u00fcfungen computergest\u00fctzt durchf\u00fchren m\u00f6chten, bietet der Arbeitsbereich E-Examinations von CeDiS am kommenden Freitag, den 18.11.2016 in der Zeit von 10:00h s.t. \u00a0\u2013 12:00 Uhr einen Einf\u00fchrungsworkshop zu den M\u00f6glichkeiten computergest\u00fctzter Pr\u00fcfungen an der Freien Universit\u00e4t Berlin an. Zentral f\u00fcr die Durchf\u00fchrung von rechtssicheren und technisch stabilen E-Examinations ist das E-Examination Center (EEC) der Freien Universit\u00e4t Berlin. In diesem wurden seit Er\u00f6ffnung im Februar 2013 mehr als 51.000 Teilnehmende der Freien Universit\u00e4t Berlin, der Charit\u00e9 Universit\u00e4tsmedizin, der Evangelischen Hochschule, der Verwaltungsakademie Berlin und der Senatsverwaltungen des Landes Berlin computergest\u00fctzt gepr\u00fcft. <\/span><\/p>\n<p><b><span style=\"font-size: small\">Inhalt des Workshops<\/span><\/b><\/p>\n<ul type=\"disc\">\n<li><u><span style=\"font-size: small\">Logistik:<\/span><\/u><span style=\"font-size: small\">\u00a0<\/span><span style=\"font-size: small\">Nutzungsm\u00f6glichkeit des E-Examination Center<\/span><span style=\"font-size: small\">s (EEC)<\/span><\/li>\n<li><u><span style=\"font-size: small\">Full-Service<\/span><\/u><span style=\"font-size: small\">: von der Beratung \u00fcber die Planung, Durchf\u00fchrung bis in die Nachbereitung von computergest\u00fctzten (Massen-)Pr\u00fcfungen<\/span><\/li>\n<li><u><span style=\"font-size: small\">Pr\u00fcfungstechnik<\/span><\/u><span style=\"font-size: small\">: technische und rechtliche Sicherheitskonzeption und Pr\u00fcfungsmodi im EEC<\/span><\/li>\n<li><u><span style=\"font-size: small\">Pr\u00fcfungseffizienz und Pr\u00fcfungsdidaktik:<\/span><\/u><span style=\"font-size: small\">\u00a0Zeitersparnis, Pr\u00fcfungstypen, Pr\u00fcfungsformen, Grundlagen von Lernzieltaxonomien f\u00fcr Pr\u00fcfungen, Test-Wiseness und Qualit\u00e4tssicherung<\/span><\/li>\n<\/ul>\n<p><b><span style=\"font-size: small\">Ziel<\/span><\/b><\/p>\n<ul type=\"disc\">\n<li><span style=\"font-size: small\">Sie erhalten grundlegende Einblicke in die E-Examination Services, die Sie als Lehrende von CeDiS in Anspruch nehmen k\u00f6nnen, um Ihre Pr\u00fcfungen computergest\u00fctzt durchf\u00fchren zu k\u00f6nnen.<\/span><\/li>\n<\/ul>\n<p><b><span style=\"font-size: small\">Termin<\/span><\/b><\/p>\n<ul type=\"disc\">\n<li><span style=\"font-size: small\">Datum: 18.11.2016<\/span><\/li>\n<li><span style=\"font-size: small\">Uhrzeit: 10:00 s.t. &#8211; 12:00 Std.<br \/>\n<\/span><\/li>\n<li><span style=\"font-size: small\">Ort: CeDiS Schulungsraum, Garystr. 39 (Link: <\/span><a href=\"https:\/\/www.cedis.fu-berlin.de\/cedis\/veranstaltungen\/raeume\/cedis.html\" target=\"_blank\"><span style=\"font-size: small\">https:\/\/www.cedis.fu-berlin.de\/cedis\/veranstaltungen\/raeume\/cedis.html<\/span><\/a><span style=\"font-size: small\">)<\/span><\/li>\n<\/ul>\n<div class=\"shariff shariff-align-flex-start shariff-widget-align-flex-start\"><ul class=\"shariff-buttons theme-color orientation-horizontal buttonsize-medium\"><li class=\"shariff-button twitter shariff-nocustomcolor\" style=\"background-color:#595959\"><a href=\"https:\/\/twitter.com\/share?url=https%3A%2F%2Fblogs.fu-berlin.de%2Ffortbildung%2F2016%2F11%2F15%2Fveranstaltung-e-examinations-die-theorie-der-praxis%2F&text=Veranstaltung%3A%20E-Examinations.%20Die%20Theorie%20der%20Praxis\" title=\"Bei X teilen\" aria-label=\"Bei X teilen\" role=\"button\" rel=\"noopener nofollow\" class=\"shariff-link\" style=\"; background-color:#000; color:#fff\" target=\"_blank\"><span class=\"shariff-icon\" style=\"\"><svg width=\"32px\" height=\"20px\" xmlns=\"http:\/\/www.w3.org\/2000\/svg\" viewBox=\"0 0 24 24\"><path fill=\"#000\" d=\"M14.258 10.152L23.176 0h-2.113l-7.747 8.813L7.133 0H0l9.352 13.328L0 23.973h2.113l8.176-9.309 6.531 9.309h7.133zm-2.895 3.293l-.949-1.328L2.875 1.56h3.246l6.086 8.523.945 1.328 7.91 11.078h-3.246zm0 0\"\/><\/svg><\/span><span class=\"shariff-text\">teilen<\/span>&nbsp;<\/a><\/li><li class=\"shariff-button facebook shariff-nocustomcolor\" style=\"background-color:#4273c8\"><a href=\"https:\/\/www.facebook.com\/sharer\/sharer.php?u=https%3A%2F%2Fblogs.fu-berlin.de%2Ffortbildung%2F2016%2F11%2F15%2Fveranstaltung-e-examinations-die-theorie-der-praxis%2F\" title=\"Bei Facebook teilen\" aria-label=\"Bei Facebook teilen\" role=\"button\" rel=\"nofollow\" class=\"shariff-link\" style=\"; background-color:#3b5998; color:#fff\" target=\"_blank\"><span class=\"shariff-icon\" style=\"\"><svg width=\"32px\" height=\"20px\" xmlns=\"http:\/\/www.w3.org\/2000\/svg\" viewBox=\"0 0 18 32\"><path fill=\"#3b5998\" d=\"M17.1 0.2v4.7h-2.8q-1.5 0-2.1 0.6t-0.5 1.9v3.4h5.2l-0.7 5.3h-4.5v13.6h-5.5v-13.6h-4.5v-5.3h4.5v-3.9q0-3.3 1.9-5.2t5-1.8q2.6 0 4.1 0.2z\"\/><\/svg><\/span><span class=\"shariff-text\">teilen<\/span>&nbsp;<\/a><\/li><li class=\"shariff-button whatsapp shariff-nocustomcolor\" style=\"background-color:#5cbe4a\"><a href=\"https:\/\/api.whatsapp.com\/send?text=https%3A%2F%2Fblogs.fu-berlin.de%2Ffortbildung%2F2016%2F11%2F15%2Fveranstaltung-e-examinations-die-theorie-der-praxis%2F%20Veranstaltung%3A%20E-Examinations.%20Die%20Theorie%20der%20Praxis\" title=\"Bei Whatsapp teilen\" aria-label=\"Bei Whatsapp teilen\" role=\"button\" rel=\"noopener nofollow\" class=\"shariff-link\" style=\"; background-color:#34af23; color:#fff\" target=\"_blank\"><span class=\"shariff-icon\" style=\"\"><svg width=\"32px\" height=\"20px\" xmlns=\"http:\/\/www.w3.org\/2000\/svg\" viewBox=\"0 0 32 32\"><path fill=\"#34af23\" d=\"M17.6 17.4q0.2 0 1.7 0.8t1.6 0.9q0 0.1 0 0.3 0 0.6-0.3 1.4-0.3 0.7-1.3 1.2t-1.8 0.5q-1 0-3.4-1.1-1.7-0.8-3-2.1t-2.6-3.3q-1.3-1.9-1.3-3.5v-0.1q0.1-1.6 1.3-2.8 0.4-0.4 0.9-0.4 0.1 0 0.3 0t0.3 0q0.3 0 0.5 0.1t0.3 0.5q0.1 0.4 0.6 1.6t0.4 1.3q0 0.4-0.6 1t-0.6 0.8q0 0.1 0.1 0.3 0.6 1.3 1.8 2.4 1 0.9 2.7 1.8 0.2 0.1 0.4 0.1 0.3 0 1-0.9t0.9-0.9zM14 26.9q2.3 0 4.3-0.9t3.6-2.4 2.4-3.6 0.9-4.3-0.9-4.3-2.4-3.6-3.6-2.4-4.3-0.9-4.3 0.9-3.6 2.4-2.4 3.6-0.9 4.3q0 3.6 2.1 6.6l-1.4 4.2 4.3-1.4q2.8 1.9 6.2 1.9zM14 2.2q2.7 0 5.2 1.1t4.3 2.9 2.9 4.3 1.1 5.2-1.1 5.2-2.9 4.3-4.3 2.9-5.2 1.1q-3.5 0-6.5-1.7l-7.4 2.4 2.4-7.2q-1.9-3.2-1.9-6.9 0-2.7 1.1-5.2t2.9-4.3 4.3-2.9 5.2-1.1z\"\/><\/svg><\/span><span class=\"shariff-text\">teilen<\/span>&nbsp;<\/a><\/li><li class=\"shariff-button threema shariff-nocustomcolor shariff-mobile\" style=\"background-color:#4fbc24\"><a href=\"threema:\/\/compose?text=Veranstaltung%3A%20E-Examinations.%20Die%20Theorie%20der%20Praxis%20https%3A%2F%2Fblogs.fu-berlin.de%2Ffortbildung%2F2016%2F11%2F15%2Fveranstaltung-e-examinations-die-theorie-der-praxis%2F\" title=\"Bei Threema teilen\" aria-label=\"Bei Threema teilen\" role=\"button\" rel=\"noopener nofollow\" class=\"shariff-link\" style=\"; background-color:#1f1f1f; color:#fff\" target=\"_blank\"><span class=\"shariff-icon\" style=\"\"><svg width=\"32px\" height=\"20px\" xmlns=\"http:\/\/www.w3.org\/2000\/svg\" viewBox=\"0 0 32 32\"><path fill=\"#1f1f1f\" d=\"M30.8 10.9c-0.3-1.4-0.9-2.6-1.8-3.8-2-2.6-5.5-4.5-9.4-5.2-1.3-0.2-1.9-0.3-3.5-0.3s-2.2 0-3.5 0.3c-4 0.7-7.4 2.6-9.4 5.2-0.9 1.2-1.5 2.4-1.8 3.8-0.1 0.5-0.2 1.2-0.2 1.6 0 0.4 0.1 1.1 0.2 1.6 0.4 1.9 1.3 3.4 2.9 5 0.8 0.8 0.8 0.8 0.7 1.3 0 0.6-0.5 1.6-1.7 3.6-0.3 0.5-0.5 0.9-0.5 0.9 0 0.1 0.1 0.1 0.5 0 0.8-0.2 2.3-0.6 5.6-1.6 1.1-0.3 1.3-0.4 2.3-0.4 0.8 0 1.1 0 2.3 0.2 1.5 0.2 3.5 0.2 4.9 0 5.1-0.6 9.3-2.9 11.4-6.3 0.5-0.9 0.9-1.8 1.1-2.8 0.1-0.5 0.2-1.1 0.2-1.6 0-0.7-0.1-1.1-0.2-1.6-0.3-1.4 0.1 0.5 0 0zM20.6 17.3c0 0.4-0.4 0.8-0.8 0.8h-7.7c-0.4 0-0.8-0.4-0.8-0.8v-4.6c0-0.4 0.4-0.8 0.8-0.8h0.2l0-1.6c0-0.9 0-1.8 0.1-2 0.1-0.6 0.6-1.2 1.1-1.7s1.1-0.7 1.9-0.8c1.8-0.3 3.7 0.7 4.2 2.2 0.1 0.3 0.1 0.7 0.1 2.1v0 1.7h0.1c0.4 0 0.8 0.4 0.8 0.8v4.6zM15.6 7.3c-0.5 0.1-0.8 0.3-1.2 0.6s-0.6 0.8-0.7 1.3c0 0.2 0 0.8 0 1.5l0 1.2h4.6v-1.3c0-1 0-1.4-0.1-1.6-0.3-1.1-1.5-1.9-2.6-1.7zM25.8 28.2c0 1.2-1 2.2-2.1 2.2s-2.1-1-2.1-2.1c0-1.2 1-2.1 2.2-2.1s2.2 1 2.2 2.2zM18.1 28.2c0 1.2-1 2.2-2.1 2.2s-2.1-1-2.1-2.1c0-1.2 1-2.1 2.2-2.1s2.2 1 2.2 2.2zM10.4 28.2c0 1.2-1 2.2-2.1 2.2s-2.1-1-2.1-2.1c0-1.2 1-2.1 2.2-2.1s2.2 1 2.2 2.2z\"\/><\/svg><\/span><span class=\"shariff-text\">teilen<\/span>&nbsp;<\/a><\/li><li class=\"shariff-button printer shariff-nocustomcolor\" style=\"background-color:#a8a8a8\"><a href=\"javascript:window.print()\" title=\"drucken\" aria-label=\"drucken\" role=\"button\" rel=\"noopener nofollow\" class=\"shariff-link\" style=\"; background-color:#999; color:#fff\"><span class=\"shariff-icon\" style=\"\"><svg width=\"32px\" height=\"20px\" xmlns=\"http:\/\/www.w3.org\/2000\/svg\" viewBox=\"0 0 30 32\"><path fill=\"#999\" d=\"M6.8 27.4h16v-4.6h-16v4.6zM6.8 16h16v-6.8h-2.8q-0.7 0-1.2-0.5t-0.5-1.2v-2.8h-11.4v11.4zM27.4 17.2q0-0.5-0.3-0.8t-0.8-0.4-0.8 0.4-0.3 0.8 0.3 0.8 0.8 0.3 0.8-0.3 0.3-0.8zM29.7 17.2v7.4q0 0.2-0.2 0.4t-0.4 0.2h-4v2.8q0 0.7-0.5 1.2t-1.2 0.5h-17.2q-0.7 0-1.2-0.5t-0.5-1.2v-2.8h-4q-0.2 0-0.4-0.2t-0.2-0.4v-7.4q0-1.4 1-2.4t2.4-1h1.2v-9.7q0-0.7 0.5-1.2t1.2-0.5h12q0.7 0 1.6 0.4t1.3 0.8l2.7 2.7q0.5 0.5 0.9 1.4t0.4 1.6v4.6h1.1q1.4 0 2.4 1t1 2.4z\"\/><\/svg><\/span><span class=\"shariff-text\">drucken<\/span>&nbsp;<\/a><\/li><li class=\"shariff-button info shariff-nocustomcolor\" style=\"background-color:#a8a8a8\"><a href=\"http:\/\/ct.de\/-2467514\" title=\"Weitere Informationen\" aria-label=\"Weitere Informationen\" role=\"button\" rel=\"noopener \" class=\"shariff-link\" style=\"; background-color:#999; color:#fff\" target=\"_blank\"><span class=\"shariff-icon\" style=\"\"><svg width=\"32px\" height=\"20px\" xmlns=\"http:\/\/www.w3.org\/2000\/svg\" viewBox=\"0 0 11 32\"><path fill=\"#999\" d=\"M11.4 24v2.3q0 0.5-0.3 0.8t-0.8 0.4h-9.1q-0.5 0-0.8-0.4t-0.4-0.8v-2.3q0-0.5 0.4-0.8t0.8-0.4h1.1v-6.8h-1.1q-0.5 0-0.8-0.4t-0.4-0.8v-2.3q0-0.5 0.4-0.8t0.8-0.4h6.8q0.5 0 0.8 0.4t0.4 0.8v10.3h1.1q0.5 0 0.8 0.4t0.3 0.8zM9.2 3.4v3.4q0 0.5-0.4 0.8t-0.8 0.4h-4.6q-0.4 0-0.8-0.4t-0.4-0.8v-3.4q0-0.4 0.4-0.8t0.8-0.4h4.6q0.5 0 0.8 0.4t0.4 0.8z\"\/><\/svg><\/span><\/a><\/li><\/ul><\/div>","protected":false},"excerpt":{"rendered":"<p>Gastbeitrag von Alexander Schulz F\u00fcr alle Lehrenden, die sich mit den M\u00f6glichkeiten des Einsatzes digitaler Medien in der Lehre befassen und gerne Pr\u00fcfungen computergest\u00fctzt durchf\u00fchren m\u00f6chten, bietet der Arbeitsbereich E-Examinations von CeDiS am kommenden Freitag, den 18.11.2016 in der Zeit von 10:00h s.t. \u00a0\u2013 12:00 Uhr einen Einf\u00fchrungsworkshop zu den M\u00f6glichkeiten computergest\u00fctzter Pr\u00fcfungen an der &hellip; <a href=\"https:\/\/blogs.fu-berlin.de\/fortbildung\/2016\/11\/15\/veranstaltung-e-examinations-die-theorie-der-praxis\/\" class=\"more-link\"><span class=\"screen-reader-text\">\u201eVeranstaltung: E-Examinations. Die Theorie der Praxis\u201c<\/span> weiterlesen<\/a><\/p>\n","protected":false},"author":2328,"featured_media":0,"comment_status":"open","ping_status":"open","sticky":false,"template":"","format":"standard","meta":{"footnotes":""},"categories":[35223,31559],"tags":[],"class_list":["post-3420","post","type-post","status-publish","format-standard","hentry","category-ankuendigungen","category-cedis-veranstaltungen"],"_links":{"self":[{"href":"https:\/\/blogs.fu-berlin.de\/fortbildung\/wp-json\/wp\/v2\/posts\/3420","targetHints":{"allow":["GET"]}}],"collection":[{"href":"https:\/\/blogs.fu-berlin.de\/fortbildung\/wp-json\/wp\/v2\/posts"}],"about":[{"href":"https:\/\/blogs.fu-berlin.de\/fortbildung\/wp-json\/wp\/v2\/types\/post"}],"author":[{"embeddable":true,"href":"https:\/\/blogs.fu-berlin.de\/fortbildung\/wp-json\/wp\/v2\/users\/2328"}],"replies":[{"embeddable":true,"href":"https:\/\/blogs.fu-berlin.de\/fortbildung\/wp-json\/wp\/v2\/comments?post=3420"}],"version-history":[{"count":3,"href":"https:\/\/blogs.fu-berlin.de\/fortbildung\/wp-json\/wp\/v2\/posts\/3420\/revisions"}],"predecessor-version":[{"id":3424,"href":"https:\/\/blogs.fu-berlin.de\/fortbildung\/wp-json\/wp\/v2\/posts\/3420\/revisions\/3424"}],"wp:attachment":[{"href":"https:\/\/blogs.fu-berlin.de\/fortbildung\/wp-json\/wp\/v2\/media?parent=3420"}],"wp:term":[{"taxonomy":"category","embeddable":true,"href":"https:\/\/blogs.fu-berlin.de\/fortbildung\/wp-json\/wp\/v2\/categories?post=3420"},{"taxonomy":"post_tag","embeddable":true,"href":"https:\/\/blogs.fu-berlin.de\/fortbildung\/wp-json\/wp\/v2\/tags?post=3420"}],"curies":[{"name":"wp","href":"https:\/\/api.w.org\/{rel}","templated":true}]}}