{"id":3775,"date":"2017-03-21T15:49:07","date_gmt":"2017-03-21T13:49:07","guid":{"rendered":"https:\/\/blogs.fu-berlin.de\/fortbildung\/?p=3775"},"modified":"2017-03-22T15:23:20","modified_gmt":"2017-03-22T13:23:20","slug":"e-teaching-workshop-planung-einer-blended-learning-lehrveranstaltung","status":"publish","type":"post","link":"https:\/\/blogs.fu-berlin.de\/fortbildung\/2017\/03\/21\/e-teaching-workshop-planung-einer-blended-learning-lehrveranstaltung\/","title":{"rendered":"E-Teaching Workshop: Planung einer Blended Learning Lehrveranstaltung"},"content":{"rendered":"<p>Im E-Teaching Workshop vom 20.03. hatten die Teilnehmerinnen und Teilnehmer des E-Teaching-Programms die Gelegenheit, die Planung ihrer Lehrprojekte konkreter zu gestalten und sich dabei Anregungen von den anwesenden Kolleginnen und Kollegen einzuholen.<\/p>\n<p>Im Rahmen eines Impulsvortrags wurden Planungsebenen, Modelle und Beispiele der Veranstaltungsplanung vorgestellt.<\/p>\n<p>Anschlie\u00dfend haben die Teilnehmer\/innen in Gruppenarbeit Ideen f\u00fcr die Auswahl geeigneter Methoden und Werkzeuge f\u00fcr die Lehrziele ihrer jeweiligen Lehrveranstaltungen erhalten und diskutiert. Im Fokus stand dabei der Mehrwert der ausgew\u00e4hlten Methoden (aus studentischer Perspektive).<\/p>\n<figure id=\"attachment_3792\" aria-describedby=\"caption-attachment-3792\" style=\"width: 300px\" class=\"wp-caption alignnone\"><a href=\"https:\/\/blogs.fu-berlin.de\/fortbildung\/files\/2017\/03\/planungBL_klein.jpg\"><img loading=\"lazy\" decoding=\"async\" class=\"size-medium wp-image-3792\" src=\"https:\/\/blogs.fu-berlin.de\/fortbildung\/files\/2017\/03\/planungBL_klein-300x133.jpg\" alt=\"Verzahnung von Online und Pr\u00e4senz\" width=\"300\" height=\"133\" srcset=\"https:\/\/blogs.fu-berlin.de\/fortbildung\/files\/2017\/03\/planungBL_klein-300x133.jpg 300w, https:\/\/blogs.fu-berlin.de\/fortbildung\/files\/2017\/03\/planungBL_klein-768x341.jpg 768w, https:\/\/blogs.fu-berlin.de\/fortbildung\/files\/2017\/03\/planungBL_klein-1024x455.jpg 1024w, https:\/\/blogs.fu-berlin.de\/fortbildung\/files\/2017\/03\/planungBL_klein-1200x534.jpg 1200w, https:\/\/blogs.fu-berlin.de\/fortbildung\/files\/2017\/03\/planungBL_klein.jpg 1300w\" sizes=\"auto, (max-width: 300px) 85vw, 300px\" \/><\/a><figcaption id=\"caption-attachment-3792\" class=\"wp-caption-text\">Verzahnung von Online und Pr\u00e4senz<\/figcaption><\/figure>\n<p>In einer weiteren Gruppenarbeitsphase wurden verschiedene M\u00f6glichkeiten der Verzahnung von Online- und Pr\u00e4senzphasen genannt. Ein leicht umzusetzendes Beispiel w\u00e4re die Sammlung von Fragen zur Literatur im Online-Forum und ihre Diskussion in der Pr\u00e4senzveranstaltung \u2013 ein guter Impuls f\u00fcr die Studierenden, sich mit der Literatur zu besch\u00e4ftigen.<\/p>\n<p>Im n\u00e4chsten Workshop zur Planung einer Blended Learning Veranstaltung (am 27.03.) wird die Feinplanung des Lehrprojekts anvisiert.<\/p>\n<div class=\"shariff shariff-align-flex-start shariff-widget-align-flex-start\"><ul class=\"shariff-buttons theme-color orientation-horizontal buttonsize-medium\"><li class=\"shariff-button twitter shariff-nocustomcolor\" style=\"background-color:#595959\"><a href=\"https:\/\/twitter.com\/share?url=https%3A%2F%2Fblogs.fu-berlin.de%2Ffortbildung%2F2017%2F03%2F21%2Fe-teaching-workshop-planung-einer-blended-learning-lehrveranstaltung%2F&text=E-Teaching%20Workshop%3A%20Planung%20einer%20Blended%20Learning%20Lehrveranstaltung\" title=\"Bei X teilen\" aria-label=\"Bei X teilen\" role=\"button\" rel=\"noopener nofollow\" class=\"shariff-link\" style=\"; background-color:#000; color:#fff\" target=\"_blank\"><span class=\"shariff-icon\" style=\"\"><svg width=\"32px\" height=\"20px\" xmlns=\"http:\/\/www.w3.org\/2000\/svg\" viewBox=\"0 0 24 24\"><path fill=\"#000\" d=\"M14.258 10.152L23.176 0h-2.113l-7.747 8.813L7.133 0H0l9.352 13.328L0 23.973h2.113l8.176-9.309 6.531 9.309h7.133zm-2.895 3.293l-.949-1.328L2.875 1.56h3.246l6.086 8.523.945 1.328 7.91 11.078h-3.246zm0 0\"\/><\/svg><\/span><span class=\"shariff-text\">teilen<\/span>&nbsp;<\/a><\/li><li class=\"shariff-button facebook shariff-nocustomcolor\" style=\"background-color:#4273c8\"><a href=\"https:\/\/www.facebook.com\/sharer\/sharer.php?u=https%3A%2F%2Fblogs.fu-berlin.de%2Ffortbildung%2F2017%2F03%2F21%2Fe-teaching-workshop-planung-einer-blended-learning-lehrveranstaltung%2F\" title=\"Bei Facebook teilen\" aria-label=\"Bei Facebook teilen\" role=\"button\" rel=\"nofollow\" class=\"shariff-link\" style=\"; background-color:#3b5998; color:#fff\" target=\"_blank\"><span class=\"shariff-icon\" style=\"\"><svg width=\"32px\" height=\"20px\" xmlns=\"http:\/\/www.w3.org\/2000\/svg\" viewBox=\"0 0 18 32\"><path fill=\"#3b5998\" d=\"M17.1 0.2v4.7h-2.8q-1.5 0-2.1 0.6t-0.5 1.9v3.4h5.2l-0.7 5.3h-4.5v13.6h-5.5v-13.6h-4.5v-5.3h4.5v-3.9q0-3.3 1.9-5.2t5-1.8q2.6 0 4.1 0.2z\"\/><\/svg><\/span><span class=\"shariff-text\">teilen<\/span>&nbsp;<\/a><\/li><li class=\"shariff-button whatsapp shariff-nocustomcolor\" style=\"background-color:#5cbe4a\"><a href=\"https:\/\/api.whatsapp.com\/send?text=https%3A%2F%2Fblogs.fu-berlin.de%2Ffortbildung%2F2017%2F03%2F21%2Fe-teaching-workshop-planung-einer-blended-learning-lehrveranstaltung%2F%20E-Teaching%20Workshop%3A%20Planung%20einer%20Blended%20Learning%20Lehrveranstaltung\" title=\"Bei Whatsapp teilen\" aria-label=\"Bei Whatsapp teilen\" role=\"button\" rel=\"noopener nofollow\" class=\"shariff-link\" style=\"; background-color:#34af23; color:#fff\" target=\"_blank\"><span class=\"shariff-icon\" style=\"\"><svg width=\"32px\" height=\"20px\" xmlns=\"http:\/\/www.w3.org\/2000\/svg\" viewBox=\"0 0 32 32\"><path fill=\"#34af23\" d=\"M17.6 17.4q0.2 0 1.7 0.8t1.6 0.9q0 0.1 0 0.3 0 0.6-0.3 1.4-0.3 0.7-1.3 1.2t-1.8 0.5q-1 0-3.4-1.1-1.7-0.8-3-2.1t-2.6-3.3q-1.3-1.9-1.3-3.5v-0.1q0.1-1.6 1.3-2.8 0.4-0.4 0.9-0.4 0.1 0 0.3 0t0.3 0q0.3 0 0.5 0.1t0.3 0.5q0.1 0.4 0.6 1.6t0.4 1.3q0 0.4-0.6 1t-0.6 0.8q0 0.1 0.1 0.3 0.6 1.3 1.8 2.4 1 0.9 2.7 1.8 0.2 0.1 0.4 0.1 0.3 0 1-0.9t0.9-0.9zM14 26.9q2.3 0 4.3-0.9t3.6-2.4 2.4-3.6 0.9-4.3-0.9-4.3-2.4-3.6-3.6-2.4-4.3-0.9-4.3 0.9-3.6 2.4-2.4 3.6-0.9 4.3q0 3.6 2.1 6.6l-1.4 4.2 4.3-1.4q2.8 1.9 6.2 1.9zM14 2.2q2.7 0 5.2 1.1t4.3 2.9 2.9 4.3 1.1 5.2-1.1 5.2-2.9 4.3-4.3 2.9-5.2 1.1q-3.5 0-6.5-1.7l-7.4 2.4 2.4-7.2q-1.9-3.2-1.9-6.9 0-2.7 1.1-5.2t2.9-4.3 4.3-2.9 5.2-1.1z\"\/><\/svg><\/span><span class=\"shariff-text\">teilen<\/span>&nbsp;<\/a><\/li><li class=\"shariff-button threema shariff-nocustomcolor shariff-mobile\" style=\"background-color:#4fbc24\"><a href=\"threema:\/\/compose?text=E-Teaching%20Workshop%3A%20Planung%20einer%20Blended%20Learning%20Lehrveranstaltung%20https%3A%2F%2Fblogs.fu-berlin.de%2Ffortbildung%2F2017%2F03%2F21%2Fe-teaching-workshop-planung-einer-blended-learning-lehrveranstaltung%2F\" title=\"Bei Threema teilen\" aria-label=\"Bei Threema teilen\" role=\"button\" rel=\"noopener nofollow\" class=\"shariff-link\" style=\"; background-color:#1f1f1f; color:#fff\" target=\"_blank\"><span class=\"shariff-icon\" style=\"\"><svg width=\"32px\" height=\"20px\" xmlns=\"http:\/\/www.w3.org\/2000\/svg\" viewBox=\"0 0 32 32\"><path fill=\"#1f1f1f\" d=\"M30.8 10.9c-0.3-1.4-0.9-2.6-1.8-3.8-2-2.6-5.5-4.5-9.4-5.2-1.3-0.2-1.9-0.3-3.5-0.3s-2.2 0-3.5 0.3c-4 0.7-7.4 2.6-9.4 5.2-0.9 1.2-1.5 2.4-1.8 3.8-0.1 0.5-0.2 1.2-0.2 1.6 0 0.4 0.1 1.1 0.2 1.6 0.4 1.9 1.3 3.4 2.9 5 0.8 0.8 0.8 0.8 0.7 1.3 0 0.6-0.5 1.6-1.7 3.6-0.3 0.5-0.5 0.9-0.5 0.9 0 0.1 0.1 0.1 0.5 0 0.8-0.2 2.3-0.6 5.6-1.6 1.1-0.3 1.3-0.4 2.3-0.4 0.8 0 1.1 0 2.3 0.2 1.5 0.2 3.5 0.2 4.9 0 5.1-0.6 9.3-2.9 11.4-6.3 0.5-0.9 0.9-1.8 1.1-2.8 0.1-0.5 0.2-1.1 0.2-1.6 0-0.7-0.1-1.1-0.2-1.6-0.3-1.4 0.1 0.5 0 0zM20.6 17.3c0 0.4-0.4 0.8-0.8 0.8h-7.7c-0.4 0-0.8-0.4-0.8-0.8v-4.6c0-0.4 0.4-0.8 0.8-0.8h0.2l0-1.6c0-0.9 0-1.8 0.1-2 0.1-0.6 0.6-1.2 1.1-1.7s1.1-0.7 1.9-0.8c1.8-0.3 3.7 0.7 4.2 2.2 0.1 0.3 0.1 0.7 0.1 2.1v0 1.7h0.1c0.4 0 0.8 0.4 0.8 0.8v4.6zM15.6 7.3c-0.5 0.1-0.8 0.3-1.2 0.6s-0.6 0.8-0.7 1.3c0 0.2 0 0.8 0 1.5l0 1.2h4.6v-1.3c0-1 0-1.4-0.1-1.6-0.3-1.1-1.5-1.9-2.6-1.7zM25.8 28.2c0 1.2-1 2.2-2.1 2.2s-2.1-1-2.1-2.1c0-1.2 1-2.1 2.2-2.1s2.2 1 2.2 2.2zM18.1 28.2c0 1.2-1 2.2-2.1 2.2s-2.1-1-2.1-2.1c0-1.2 1-2.1 2.2-2.1s2.2 1 2.2 2.2zM10.4 28.2c0 1.2-1 2.2-2.1 2.2s-2.1-1-2.1-2.1c0-1.2 1-2.1 2.2-2.1s2.2 1 2.2 2.2z\"\/><\/svg><\/span><span class=\"shariff-text\">teilen<\/span>&nbsp;<\/a><\/li><li class=\"shariff-button printer shariff-nocustomcolor\" style=\"background-color:#a8a8a8\"><a href=\"javascript:window.print()\" title=\"drucken\" aria-label=\"drucken\" role=\"button\" rel=\"noopener nofollow\" class=\"shariff-link\" style=\"; background-color:#999; color:#fff\"><span class=\"shariff-icon\" style=\"\"><svg width=\"32px\" height=\"20px\" xmlns=\"http:\/\/www.w3.org\/2000\/svg\" viewBox=\"0 0 30 32\"><path fill=\"#999\" d=\"M6.8 27.4h16v-4.6h-16v4.6zM6.8 16h16v-6.8h-2.8q-0.7 0-1.2-0.5t-0.5-1.2v-2.8h-11.4v11.4zM27.4 17.2q0-0.5-0.3-0.8t-0.8-0.4-0.8 0.4-0.3 0.8 0.3 0.8 0.8 0.3 0.8-0.3 0.3-0.8zM29.7 17.2v7.4q0 0.2-0.2 0.4t-0.4 0.2h-4v2.8q0 0.7-0.5 1.2t-1.2 0.5h-17.2q-0.7 0-1.2-0.5t-0.5-1.2v-2.8h-4q-0.2 0-0.4-0.2t-0.2-0.4v-7.4q0-1.4 1-2.4t2.4-1h1.2v-9.7q0-0.7 0.5-1.2t1.2-0.5h12q0.7 0 1.6 0.4t1.3 0.8l2.7 2.7q0.5 0.5 0.9 1.4t0.4 1.6v4.6h1.1q1.4 0 2.4 1t1 2.4z\"\/><\/svg><\/span><span class=\"shariff-text\">drucken<\/span>&nbsp;<\/a><\/li><li class=\"shariff-button info shariff-nocustomcolor\" style=\"background-color:#a8a8a8\"><a href=\"http:\/\/ct.de\/-2467514\" title=\"Weitere Informationen\" aria-label=\"Weitere Informationen\" role=\"button\" rel=\"noopener \" class=\"shariff-link\" style=\"; background-color:#999; color:#fff\" target=\"_blank\"><span class=\"shariff-icon\" style=\"\"><svg width=\"32px\" height=\"20px\" xmlns=\"http:\/\/www.w3.org\/2000\/svg\" viewBox=\"0 0 11 32\"><path fill=\"#999\" d=\"M11.4 24v2.3q0 0.5-0.3 0.8t-0.8 0.4h-9.1q-0.5 0-0.8-0.4t-0.4-0.8v-2.3q0-0.5 0.4-0.8t0.8-0.4h1.1v-6.8h-1.1q-0.5 0-0.8-0.4t-0.4-0.8v-2.3q0-0.5 0.4-0.8t0.8-0.4h6.8q0.5 0 0.8 0.4t0.4 0.8v10.3h1.1q0.5 0 0.8 0.4t0.3 0.8zM9.2 3.4v3.4q0 0.5-0.4 0.8t-0.8 0.4h-4.6q-0.4 0-0.8-0.4t-0.4-0.8v-3.4q0-0.4 0.4-0.8t0.8-0.4h4.6q0.5 0 0.8 0.4t0.4 0.8z\"\/><\/svg><\/span><\/a><\/li><\/ul><\/div>","protected":false},"excerpt":{"rendered":"<p>Im E-Teaching Workshop vom 20.03. hatten die Teilnehmerinnen und Teilnehmer des E-Teaching-Programms die Gelegenheit, die Planung ihrer Lehrprojekte konkreter zu gestalten und sich dabei Anregungen von den anwesenden Kolleginnen und Kollegen einzuholen. Im Rahmen eines Impulsvortrags wurden Planungsebenen, Modelle und Beispiele der Veranstaltungsplanung vorgestellt. Anschlie\u00dfend haben die Teilnehmer\/innen in Gruppenarbeit Ideen f\u00fcr die Auswahl geeigneter &hellip; <a href=\"https:\/\/blogs.fu-berlin.de\/fortbildung\/2017\/03\/21\/e-teaching-workshop-planung-einer-blended-learning-lehrveranstaltung\/\" class=\"more-link\"><span class=\"screen-reader-text\">\u201eE-Teaching Workshop: Planung einer Blended Learning Lehrveranstaltung\u201c<\/span> weiterlesen<\/a><\/p>\n","protected":false},"author":1343,"featured_media":0,"comment_status":"open","ping_status":"open","sticky":false,"template":"","format":"standard","meta":{"footnotes":""},"categories":[31559,39950],"tags":[242],"class_list":["post-3775","post","type-post","status-publish","format-standard","hentry","category-cedis-veranstaltungen","category-rueckblicke","tag-e-teaching"],"_links":{"self":[{"href":"https:\/\/blogs.fu-berlin.de\/fortbildung\/wp-json\/wp\/v2\/posts\/3775","targetHints":{"allow":["GET"]}}],"collection":[{"href":"https:\/\/blogs.fu-berlin.de\/fortbildung\/wp-json\/wp\/v2\/posts"}],"about":[{"href":"https:\/\/blogs.fu-berlin.de\/fortbildung\/wp-json\/wp\/v2\/types\/post"}],"author":[{"embeddable":true,"href":"https:\/\/blogs.fu-berlin.de\/fortbildung\/wp-json\/wp\/v2\/users\/1343"}],"replies":[{"embeddable":true,"href":"https:\/\/blogs.fu-berlin.de\/fortbildung\/wp-json\/wp\/v2\/comments?post=3775"}],"version-history":[{"count":8,"href":"https:\/\/blogs.fu-berlin.de\/fortbildung\/wp-json\/wp\/v2\/posts\/3775\/revisions"}],"predecessor-version":[{"id":3797,"href":"https:\/\/blogs.fu-berlin.de\/fortbildung\/wp-json\/wp\/v2\/posts\/3775\/revisions\/3797"}],"wp:attachment":[{"href":"https:\/\/blogs.fu-berlin.de\/fortbildung\/wp-json\/wp\/v2\/media?parent=3775"}],"wp:term":[{"taxonomy":"category","embeddable":true,"href":"https:\/\/blogs.fu-berlin.de\/fortbildung\/wp-json\/wp\/v2\/categories?post=3775"},{"taxonomy":"post_tag","embeddable":true,"href":"https:\/\/blogs.fu-berlin.de\/fortbildung\/wp-json\/wp\/v2\/tags?post=3775"}],"curies":[{"name":"wp","href":"https:\/\/api.w.org\/{rel}","templated":true}]}}