{"id":3938,"date":"2017-07-04T14:41:59","date_gmt":"2017-07-04T12:41:59","guid":{"rendered":"https:\/\/blogs.fu-berlin.de\/fortbildung\/?p=3938"},"modified":"2017-07-04T14:48:03","modified_gmt":"2017-07-04T12:48:03","slug":"gml2-2017-rueckblick","status":"publish","type":"post","link":"https:\/\/blogs.fu-berlin.de\/fortbildung\/2017\/07\/04\/gml2-2017-rueckblick\/","title":{"rendered":"GML\u00b2 2017: R\u00fcckblick"},"content":{"rendered":"<p>Die diesj\u00e4hrige <a href=\"https:\/\/www.gml-2017.de\/\">GML<sup>2<\/sup><\/a> widmete sich grunds\u00e4tzlichen Fragen: Wie kommen die deutschen Universit\u00e4ten mit dem Thema E-Learning voran? Was sind Erfolgsfaktoren und Hemmnisse beim Einsatz von digitalen Medien in der Lehre?<\/p>\n<p><a href=\"https:\/\/blogs.fu-berlin.de\/fortbildung\/files\/2017\/07\/IMG_1248.jpg\"><img loading=\"lazy\" decoding=\"async\" class=\"size-medium wp-image-3939 alignright\" src=\"https:\/\/blogs.fu-berlin.de\/fortbildung\/files\/2017\/07\/IMG_1248-300x225.jpg\" alt=\"\" width=\"300\" height=\"225\" srcset=\"https:\/\/blogs.fu-berlin.de\/fortbildung\/files\/2017\/07\/IMG_1248-300x225.jpg 300w, https:\/\/blogs.fu-berlin.de\/fortbildung\/files\/2017\/07\/IMG_1248-768x576.jpg 768w, https:\/\/blogs.fu-berlin.de\/fortbildung\/files\/2017\/07\/IMG_1248-1024x768.jpg 1024w, https:\/\/blogs.fu-berlin.de\/fortbildung\/files\/2017\/07\/IMG_1248-1200x900.jpg 1200w\" sizes=\"auto, (max-width: 300px) 85vw, 300px\" \/><\/a>In seiner Keynote pl\u00e4dierte <a href=\"https:\/\/www.omnisophie.com\/\">Gunter Dueck<\/a> daf\u00fcr, die Bildungsangebote \u2013 angefangen bei der Schule \u2013 grunds\u00e4tzlich zu hinterfragen. Analog zur Etablierung verschiedener Online-Dienste, sieht er die Notwendigkeit einer digitalen Universit\u00e4t, die als Vorreiterin Standards f\u00fcr eine neue Art des Lehrens und Lernens im digitalen Zeitalter setzt. Er forderte ein Generalvorlesungsverzeichnis, an dem sich alle Universit\u00e4ten beteiligen und dass die besten Vorlesungen als Videos f\u00fcr jeden abrufbar sind. In der Folge h\u00e4tten die Studierenden und Lehrenden mehr Zeit f\u00fcr Diskussionen und Projektarbeit in den Pr\u00e4senzsitzungen. Diese Vorstellung kommt zum Teil dem Prinzip des Flipped Classroom Models nahe.<\/p>\n<p><a href=\"https:\/\/www.iwm-tuebingen.de\/www\/de\/personen\/ma.html?uid=athillosen\">Anne Thillosen<\/a> fasste die letzten 19-20 Jahre E-Learning an deutschen Hochschulen zusammen \u2013 F\u00f6rderma\u00dfnahmen, Projektschwerpunkte und Ergebnisse. Zu ihrem Fazit geh\u00f6rte, dass das Digitale durchaus Lehren und Lernen ver\u00e4ndert hat \u2013 auch wenn dies von manchen durch zu hohen Erwartungen heruntergespielt wird.<\/p>\n<p>Die didaktischen Aspekte der Planung von digital gest\u00fctzten Kursen waren Gegenstand des Beitrags von <a href=\"https:\/\/www.moskaliuk.com\/\">Johannes Moskaliuk<\/a>. Die eingesetzten Medien sollten laut Moskaliuk anhand ihrer Wirkung auf das Lernen ausgew\u00e4hlt werden \u2013 lernbezogene Medieneigenschaften statt technischer Oberfl\u00e4chenmerkmale. Bei der Planung von Lehrveranstaltungen sollten die impliziten Theorien des Lehrenden reflektiert und die damit verbundene notwendige Kompetenz, die Lehrende mitbringen m\u00fcssen, ber\u00fccksichtigt werden.<\/p>\n<p>Im Vortrag von <a href=\"https:\/\/ulf-ehlers.net\/\">Ulf-Daniel Ehlers<\/a> stand die Forderung nach einer Flexibilisierung und Individualisierung des Studiums \u2013 \u201eEnde der Belehrungskultur\u201c \u2013 im Vordergrund. Ein Beispiel hierf\u00fcr seien flexible Curricula, die eigene Schwerpunkte setzen lassen oder die im Beruf erworbene Kenntnisse und F\u00e4higkeiten anrechnen.<\/p>\n<p><a href=\"https:\/\/blogs.fu-berlin.de\/fortbildung\/files\/2017\/07\/IMG_1262.jpg\"><img loading=\"lazy\" decoding=\"async\" class=\"size-medium wp-image-3940 alignleft\" src=\"https:\/\/blogs.fu-berlin.de\/fortbildung\/files\/2017\/07\/IMG_1262-300x300.jpg\" alt=\"\" width=\"300\" height=\"300\" srcset=\"https:\/\/blogs.fu-berlin.de\/fortbildung\/files\/2017\/07\/IMG_1262-300x300.jpg 300w, https:\/\/blogs.fu-berlin.de\/fortbildung\/files\/2017\/07\/IMG_1262-150x150.jpg 150w, https:\/\/blogs.fu-berlin.de\/fortbildung\/files\/2017\/07\/IMG_1262-768x768.jpg 768w, https:\/\/blogs.fu-berlin.de\/fortbildung\/files\/2017\/07\/IMG_1262-1024x1024.jpg 1024w, https:\/\/blogs.fu-berlin.de\/fortbildung\/files\/2017\/07\/IMG_1262-1200x1200.jpg 1200w, https:\/\/blogs.fu-berlin.de\/fortbildung\/files\/2017\/07\/IMG_1262.jpg 2048w\" sizes=\"auto, (max-width: 300px) 85vw, 300px\" \/><\/a>Die Teilnehmer_innen haben am zweiten Konferenztag eigene Fragen in den Barcamp-Sessions diskutiert. Acht Sessions fanden statt, die Ergebnisse stehen <a href=\"https:\/\/www.gml-2017.de\/barcamp\/index.html\">hier<\/a> zur Verf\u00fcgung.<\/p>\n<p>Eine Paneldiskussion mit Repr\u00e4sentanten Berliner Hochschulen rundete das GML<sup>2<\/sup>-Programm ab.<\/p>\n<p>Die Pr\u00e4sentationsfolien der Vortragenden sind auf der <a href=\"https:\/\/www.gml-2017.de\/programm\/index.html\">Webseite ver\u00f6ffentlicht<\/a> und werden in K\u00fcrze um die Vortragsaufzeichnungen auf der GML<sup>2<\/sup>-Webseite erg\u00e4nzt.<\/p>\n<p>Unter dem Hashtag <a href=\"https:\/\/twitter.com\/search?q=%23gml17&amp;src=typd\">#gml17<\/a> finden Sie die tagungsbegleitenden Tweets.<\/p>\n<p><span style=\"text-indent: 20px;width: auto;padding: 0px 4px 0px 0px;text-align: center;font: bold 11px\/20px 'Helvetica Neue',Helvetica,sans-serif;color: #ffffff;background: #bd081c  no-repeat scroll 3px 50% \/ 14px 14px;cursor: pointer\">Merken<\/span><\/p>\n<div class=\"shariff shariff-align-flex-start shariff-widget-align-flex-start\"><ul class=\"shariff-buttons theme-color orientation-horizontal buttonsize-medium\"><li class=\"shariff-button twitter shariff-nocustomcolor\" style=\"background-color:#595959\"><a href=\"https:\/\/twitter.com\/share?url=https%3A%2F%2Fblogs.fu-berlin.de%2Ffortbildung%2F2017%2F07%2F04%2Fgml2-2017-rueckblick%2F&text=GML%C2%B2%202017%3A%20R%C3%BCckblick\" title=\"Bei X teilen\" aria-label=\"Bei X teilen\" role=\"button\" rel=\"noopener nofollow\" class=\"shariff-link\" style=\"; background-color:#000; color:#fff\" target=\"_blank\"><span class=\"shariff-icon\" style=\"\"><svg width=\"32px\" height=\"20px\" xmlns=\"http:\/\/www.w3.org\/2000\/svg\" viewBox=\"0 0 24 24\"><path fill=\"#000\" d=\"M14.258 10.152L23.176 0h-2.113l-7.747 8.813L7.133 0H0l9.352 13.328L0 23.973h2.113l8.176-9.309 6.531 9.309h7.133zm-2.895 3.293l-.949-1.328L2.875 1.56h3.246l6.086 8.523.945 1.328 7.91 11.078h-3.246zm0 0\"\/><\/svg><\/span><span class=\"shariff-text\">teilen<\/span>&nbsp;<\/a><\/li><li class=\"shariff-button facebook shariff-nocustomcolor\" style=\"background-color:#4273c8\"><a href=\"https:\/\/www.facebook.com\/sharer\/sharer.php?u=https%3A%2F%2Fblogs.fu-berlin.de%2Ffortbildung%2F2017%2F07%2F04%2Fgml2-2017-rueckblick%2F\" title=\"Bei Facebook teilen\" aria-label=\"Bei Facebook teilen\" role=\"button\" rel=\"nofollow\" class=\"shariff-link\" style=\"; background-color:#3b5998; color:#fff\" target=\"_blank\"><span class=\"shariff-icon\" style=\"\"><svg width=\"32px\" height=\"20px\" xmlns=\"http:\/\/www.w3.org\/2000\/svg\" viewBox=\"0 0 18 32\"><path fill=\"#3b5998\" d=\"M17.1 0.2v4.7h-2.8q-1.5 0-2.1 0.6t-0.5 1.9v3.4h5.2l-0.7 5.3h-4.5v13.6h-5.5v-13.6h-4.5v-5.3h4.5v-3.9q0-3.3 1.9-5.2t5-1.8q2.6 0 4.1 0.2z\"\/><\/svg><\/span><span class=\"shariff-text\">teilen<\/span>&nbsp;<\/a><\/li><li class=\"shariff-button whatsapp shariff-nocustomcolor\" style=\"background-color:#5cbe4a\"><a href=\"https:\/\/api.whatsapp.com\/send?text=https%3A%2F%2Fblogs.fu-berlin.de%2Ffortbildung%2F2017%2F07%2F04%2Fgml2-2017-rueckblick%2F%20GML%C2%B2%202017%3A%20R%C3%BCckblick\" title=\"Bei Whatsapp teilen\" aria-label=\"Bei Whatsapp teilen\" role=\"button\" rel=\"noopener nofollow\" class=\"shariff-link\" style=\"; background-color:#34af23; color:#fff\" target=\"_blank\"><span class=\"shariff-icon\" style=\"\"><svg width=\"32px\" height=\"20px\" xmlns=\"http:\/\/www.w3.org\/2000\/svg\" viewBox=\"0 0 32 32\"><path fill=\"#34af23\" d=\"M17.6 17.4q0.2 0 1.7 0.8t1.6 0.9q0 0.1 0 0.3 0 0.6-0.3 1.4-0.3 0.7-1.3 1.2t-1.8 0.5q-1 0-3.4-1.1-1.7-0.8-3-2.1t-2.6-3.3q-1.3-1.9-1.3-3.5v-0.1q0.1-1.6 1.3-2.8 0.4-0.4 0.9-0.4 0.1 0 0.3 0t0.3 0q0.3 0 0.5 0.1t0.3 0.5q0.1 0.4 0.6 1.6t0.4 1.3q0 0.4-0.6 1t-0.6 0.8q0 0.1 0.1 0.3 0.6 1.3 1.8 2.4 1 0.9 2.7 1.8 0.2 0.1 0.4 0.1 0.3 0 1-0.9t0.9-0.9zM14 26.9q2.3 0 4.3-0.9t3.6-2.4 2.4-3.6 0.9-4.3-0.9-4.3-2.4-3.6-3.6-2.4-4.3-0.9-4.3 0.9-3.6 2.4-2.4 3.6-0.9 4.3q0 3.6 2.1 6.6l-1.4 4.2 4.3-1.4q2.8 1.9 6.2 1.9zM14 2.2q2.7 0 5.2 1.1t4.3 2.9 2.9 4.3 1.1 5.2-1.1 5.2-2.9 4.3-4.3 2.9-5.2 1.1q-3.5 0-6.5-1.7l-7.4 2.4 2.4-7.2q-1.9-3.2-1.9-6.9 0-2.7 1.1-5.2t2.9-4.3 4.3-2.9 5.2-1.1z\"\/><\/svg><\/span><span class=\"shariff-text\">teilen<\/span>&nbsp;<\/a><\/li><li class=\"shariff-button threema shariff-nocustomcolor shariff-mobile\" style=\"background-color:#4fbc24\"><a href=\"threema:\/\/compose?text=GML%C2%B2%202017%3A%20R%C3%BCckblick%20https%3A%2F%2Fblogs.fu-berlin.de%2Ffortbildung%2F2017%2F07%2F04%2Fgml2-2017-rueckblick%2F\" title=\"Bei Threema teilen\" aria-label=\"Bei Threema teilen\" role=\"button\" rel=\"noopener nofollow\" class=\"shariff-link\" style=\"; background-color:#1f1f1f; color:#fff\" target=\"_blank\"><span class=\"shariff-icon\" style=\"\"><svg width=\"32px\" height=\"20px\" xmlns=\"http:\/\/www.w3.org\/2000\/svg\" viewBox=\"0 0 32 32\"><path fill=\"#1f1f1f\" d=\"M30.8 10.9c-0.3-1.4-0.9-2.6-1.8-3.8-2-2.6-5.5-4.5-9.4-5.2-1.3-0.2-1.9-0.3-3.5-0.3s-2.2 0-3.5 0.3c-4 0.7-7.4 2.6-9.4 5.2-0.9 1.2-1.5 2.4-1.8 3.8-0.1 0.5-0.2 1.2-0.2 1.6 0 0.4 0.1 1.1 0.2 1.6 0.4 1.9 1.3 3.4 2.9 5 0.8 0.8 0.8 0.8 0.7 1.3 0 0.6-0.5 1.6-1.7 3.6-0.3 0.5-0.5 0.9-0.5 0.9 0 0.1 0.1 0.1 0.5 0 0.8-0.2 2.3-0.6 5.6-1.6 1.1-0.3 1.3-0.4 2.3-0.4 0.8 0 1.1 0 2.3 0.2 1.5 0.2 3.5 0.2 4.9 0 5.1-0.6 9.3-2.9 11.4-6.3 0.5-0.9 0.9-1.8 1.1-2.8 0.1-0.5 0.2-1.1 0.2-1.6 0-0.7-0.1-1.1-0.2-1.6-0.3-1.4 0.1 0.5 0 0zM20.6 17.3c0 0.4-0.4 0.8-0.8 0.8h-7.7c-0.4 0-0.8-0.4-0.8-0.8v-4.6c0-0.4 0.4-0.8 0.8-0.8h0.2l0-1.6c0-0.9 0-1.8 0.1-2 0.1-0.6 0.6-1.2 1.1-1.7s1.1-0.7 1.9-0.8c1.8-0.3 3.7 0.7 4.2 2.2 0.1 0.3 0.1 0.7 0.1 2.1v0 1.7h0.1c0.4 0 0.8 0.4 0.8 0.8v4.6zM15.6 7.3c-0.5 0.1-0.8 0.3-1.2 0.6s-0.6 0.8-0.7 1.3c0 0.2 0 0.8 0 1.5l0 1.2h4.6v-1.3c0-1 0-1.4-0.1-1.6-0.3-1.1-1.5-1.9-2.6-1.7zM25.8 28.2c0 1.2-1 2.2-2.1 2.2s-2.1-1-2.1-2.1c0-1.2 1-2.1 2.2-2.1s2.2 1 2.2 2.2zM18.1 28.2c0 1.2-1 2.2-2.1 2.2s-2.1-1-2.1-2.1c0-1.2 1-2.1 2.2-2.1s2.2 1 2.2 2.2zM10.4 28.2c0 1.2-1 2.2-2.1 2.2s-2.1-1-2.1-2.1c0-1.2 1-2.1 2.2-2.1s2.2 1 2.2 2.2z\"\/><\/svg><\/span><span class=\"shariff-text\">teilen<\/span>&nbsp;<\/a><\/li><li class=\"shariff-button printer shariff-nocustomcolor\" style=\"background-color:#a8a8a8\"><a href=\"javascript:window.print()\" title=\"drucken\" aria-label=\"drucken\" role=\"button\" rel=\"noopener nofollow\" class=\"shariff-link\" style=\"; background-color:#999; color:#fff\"><span class=\"shariff-icon\" style=\"\"><svg width=\"32px\" height=\"20px\" xmlns=\"http:\/\/www.w3.org\/2000\/svg\" viewBox=\"0 0 30 32\"><path fill=\"#999\" d=\"M6.8 27.4h16v-4.6h-16v4.6zM6.8 16h16v-6.8h-2.8q-0.7 0-1.2-0.5t-0.5-1.2v-2.8h-11.4v11.4zM27.4 17.2q0-0.5-0.3-0.8t-0.8-0.4-0.8 0.4-0.3 0.8 0.3 0.8 0.8 0.3 0.8-0.3 0.3-0.8zM29.7 17.2v7.4q0 0.2-0.2 0.4t-0.4 0.2h-4v2.8q0 0.7-0.5 1.2t-1.2 0.5h-17.2q-0.7 0-1.2-0.5t-0.5-1.2v-2.8h-4q-0.2 0-0.4-0.2t-0.2-0.4v-7.4q0-1.4 1-2.4t2.4-1h1.2v-9.7q0-0.7 0.5-1.2t1.2-0.5h12q0.7 0 1.6 0.4t1.3 0.8l2.7 2.7q0.5 0.5 0.9 1.4t0.4 1.6v4.6h1.1q1.4 0 2.4 1t1 2.4z\"\/><\/svg><\/span><span class=\"shariff-text\">drucken<\/span>&nbsp;<\/a><\/li><li class=\"shariff-button info shariff-nocustomcolor\" style=\"background-color:#a8a8a8\"><a href=\"http:\/\/ct.de\/-2467514\" title=\"Weitere Informationen\" aria-label=\"Weitere Informationen\" role=\"button\" rel=\"noopener \" class=\"shariff-link\" style=\"; background-color:#999; color:#fff\" target=\"_blank\"><span class=\"shariff-icon\" style=\"\"><svg width=\"32px\" height=\"20px\" xmlns=\"http:\/\/www.w3.org\/2000\/svg\" viewBox=\"0 0 11 32\"><path fill=\"#999\" d=\"M11.4 24v2.3q0 0.5-0.3 0.8t-0.8 0.4h-9.1q-0.5 0-0.8-0.4t-0.4-0.8v-2.3q0-0.5 0.4-0.8t0.8-0.4h1.1v-6.8h-1.1q-0.5 0-0.8-0.4t-0.4-0.8v-2.3q0-0.5 0.4-0.8t0.8-0.4h6.8q0.5 0 0.8 0.4t0.4 0.8v10.3h1.1q0.5 0 0.8 0.4t0.3 0.8zM9.2 3.4v3.4q0 0.5-0.4 0.8t-0.8 0.4h-4.6q-0.4 0-0.8-0.4t-0.4-0.8v-3.4q0-0.4 0.4-0.8t0.8-0.4h4.6q0.5 0 0.8 0.4t0.4 0.8z\"\/><\/svg><\/span><\/a><\/li><\/ul><\/div>","protected":false},"excerpt":{"rendered":"<p>Die diesj\u00e4hrige GML2 widmete sich grunds\u00e4tzlichen Fragen: Wie kommen die deutschen Universit\u00e4ten mit dem Thema E-Learning voran? Was sind Erfolgsfaktoren und Hemmnisse beim Einsatz von digitalen Medien in der Lehre? In seiner Keynote pl\u00e4dierte Gunter Dueck daf\u00fcr, die Bildungsangebote \u2013 angefangen bei der Schule \u2013 grunds\u00e4tzlich zu hinterfragen. Analog zur Etablierung verschiedener Online-Dienste, sieht er &hellip; <a href=\"https:\/\/blogs.fu-berlin.de\/fortbildung\/2017\/07\/04\/gml2-2017-rueckblick\/\" class=\"more-link\"><span class=\"screen-reader-text\">\u201eGML\u00b2 2017: R\u00fcckblick\u201c<\/span> weiterlesen<\/a><\/p>\n","protected":false},"author":1343,"featured_media":0,"comment_status":"open","ping_status":"open","sticky":false,"template":"","format":"standard","meta":{"footnotes":""},"categories":[31559,39950],"tags":[88028,1601],"class_list":["post-3938","post","type-post","status-publish","format-standard","hentry","category-cedis-veranstaltungen","category-rueckblicke","tag-gml17","tag-tagung"],"_links":{"self":[{"href":"https:\/\/blogs.fu-berlin.de\/fortbildung\/wp-json\/wp\/v2\/posts\/3938","targetHints":{"allow":["GET"]}}],"collection":[{"href":"https:\/\/blogs.fu-berlin.de\/fortbildung\/wp-json\/wp\/v2\/posts"}],"about":[{"href":"https:\/\/blogs.fu-berlin.de\/fortbildung\/wp-json\/wp\/v2\/types\/post"}],"author":[{"embeddable":true,"href":"https:\/\/blogs.fu-berlin.de\/fortbildung\/wp-json\/wp\/v2\/users\/1343"}],"replies":[{"embeddable":true,"href":"https:\/\/blogs.fu-berlin.de\/fortbildung\/wp-json\/wp\/v2\/comments?post=3938"}],"version-history":[{"count":7,"href":"https:\/\/blogs.fu-berlin.de\/fortbildung\/wp-json\/wp\/v2\/posts\/3938\/revisions"}],"predecessor-version":[{"id":3947,"href":"https:\/\/blogs.fu-berlin.de\/fortbildung\/wp-json\/wp\/v2\/posts\/3938\/revisions\/3947"}],"wp:attachment":[{"href":"https:\/\/blogs.fu-berlin.de\/fortbildung\/wp-json\/wp\/v2\/media?parent=3938"}],"wp:term":[{"taxonomy":"category","embeddable":true,"href":"https:\/\/blogs.fu-berlin.de\/fortbildung\/wp-json\/wp\/v2\/categories?post=3938"},{"taxonomy":"post_tag","embeddable":true,"href":"https:\/\/blogs.fu-berlin.de\/fortbildung\/wp-json\/wp\/v2\/tags?post=3938"}],"curies":[{"name":"wp","href":"https:\/\/api.w.org\/{rel}","templated":true}]}}