{"id":47,"date":"2014-05-27T11:27:30","date_gmt":"2014-05-27T09:27:30","guid":{"rendered":"https:\/\/blogs.fu-berlin.de\/fortbildung\/?p=47"},"modified":"2014-11-04T14:18:47","modified_gmt":"2014-11-04T12:18:47","slug":"e-teaching-programm-der-fu-auf-der-gmw-2014","status":"publish","type":"post","link":"https:\/\/blogs.fu-berlin.de\/fortbildung\/2014\/05\/27\/e-teaching-programm-der-fu-auf-der-gmw-2014\/","title":{"rendered":"E-Teaching-Qualifizierung der FU@GMW 2014 (Pre-Conference Workshop)"},"content":{"rendered":"<p><a href=\"https:\/\/blogs.fu-berlin.de\/fortbildung\/files\/2014\/05\/eTeachingLogo_gross.gif\"><img loading=\"lazy\" decoding=\"async\" class=\"alignright size-full wp-image-138\" alt=\"eTeachingLogo_gross\" src=\"https:\/\/blogs.fu-berlin.de\/fortbildung\/files\/2014\/05\/eTeachingLogo_gross.gif\" width=\"196\" height=\"38\" \/><\/a>Gemeinsam mit der <a href=\"https:\/\/uni-potsdam.de\/agelearning\/\" target=\"_blank\">AG eLearning<\/a> der Uni Potsdam und dem <a href=\"https:\/\/tu-dresden.de\/die_tu_dresden\/zentrale_einrichtungen\/mz\" target=\"_blank\">Medienzentrum<\/a> der TU Dresden richtet CeDiS auf der Jahrestagung der Gesellschaft f\u00fcr Medien in der Wissenschaft (<a href=\"https:\/\/www.gmw2014.ch\/\" target=\"_blank\">GMW 2014<\/a>) am 1. September 2014 in Z\u00fcrich einen Workshop zum Thema <strong>Fit f\u00fcr E-Teaching. Empfehlungen f\u00fcr die inhaltliche, methodische und strategische Gestaltung von E-Teaching-Qualifizierungen<\/strong> aus. <ins cite=\"mailto:Brigitte%20Grote\" datetime=\"2014-03-27T12:15\"><\/ins><del datetime=\"2014-03-27T12:15\"><\/del><\/p>\n<p>Idee des Workshops ist folgende: Um die Kompetenzen von Hochschullehrenden f\u00fcr den didaktisch motivierten Einsatz digitaler Medien in der Hochschullehre zu f\u00f6rdern, gibt es an vielen deutschen Universit\u00e4ten und Hochschulen Qualifizierungsangebote unter dem Label E-Teaching. Im Rahmen dieser Ausbildungen erfahren Lehrende selbst unterschiedliche Lernr\u00e4ume, erleben einen Perspektivenwechsel vom Lehrenden zum Lernenden und gestalten daraufhin eigene Lehrr\u00e4ume. Ausgehend von der Diskussion um E-Lehrkompetenz und akademische Medienkompetenz sowie der Vorstellung von Praxisbeispielen der E-Teaching-Ausbildung sollen im Workshop gemeinsam mit den Teilnehmenden Leitlinien f\u00fcr die Entwicklung von E-Teaching-Qualifizierungsangeboten erarbeitet werden. In drei Arbeitsgruppen werden Thesen zu inhaltlichen, methodischen und zielgruppenspezifischen Aspekten der Angebotsentwicklung erarbeitet werden.<\/p>\n<p><!--more-->Ausrichter und deren Programme sind:<\/p>\n<ol>\n<li><a href=\"https:\/\/tu-dresden.de\/die_tu_dresden\/zentrale_einrichtungen\/mz\/weiterbildungen_schulungen\/e-teaching_tud\" target=\"_blank\">E-Teaching.TUD<\/a> \u2013 Ein Qualifizierungsangebot f\u00fcr Lehrende s\u00e4chsischer Hochschulen (Medienzentrum, Technische Universit\u00e4t Dresden)<\/li>\n<li><a href=\"https:\/\/uni-potsdam.de\/agelearning\/eteaching\/\" target=\"_blank\">eTEACHiNG-Programm<\/a> \u2013 Weiterbildung f\u00fcr Lehrende der Brandenburgischen Hochschulen (Arbeitsgruppe eLEARNiNG, Universit\u00e4t Potsdam)<\/li>\n<li><a href=\"https:\/\/www.cedis.fu-berlin.de\/e-learning\/fortbildung\/lehrgaenge\/e-teaching\/index.html\" target=\"_blank\">E-Teaching<\/a> \u2013 E-Learning-Methoden und \u2013Werkzeuge f\u00fcr die Hochschullehre. Qualifizierungsangebot f\u00fcr Lehrende der Freien Universit\u00e4t Berlin (Center f\u00fcr Digitale Systeme, Freie Universit\u00e4t Berlin)<\/li>\n<\/ol>\n<p>Anmeldungen zu dem Workshop sind in K\u00fcrze \u00fcber die <a href=\"https:\/\/www.gmw2014.ch\/\" target=\"_blank\">GMW-Homepage<\/a> m\u00f6glich.<\/p>\n<div class=\"shariff shariff-align-flex-start shariff-widget-align-flex-start\"><ul class=\"shariff-buttons theme-color orientation-horizontal buttonsize-medium\"><li class=\"shariff-button twitter shariff-nocustomcolor\" style=\"background-color:#595959\"><a href=\"https:\/\/twitter.com\/share?url=https%3A%2F%2Fblogs.fu-berlin.de%2Ffortbildung%2F2014%2F05%2F27%2Fe-teaching-programm-der-fu-auf-der-gmw-2014%2F&text=E-Teaching-Qualifizierung%20der%20FU%40GMW%202014%20%28Pre-Conference%20Workshop%29\" title=\"Bei X teilen\" aria-label=\"Bei X teilen\" role=\"button\" rel=\"noopener nofollow\" class=\"shariff-link\" style=\"; background-color:#000; color:#fff\" target=\"_blank\"><span class=\"shariff-icon\" style=\"\"><svg width=\"32px\" height=\"20px\" xmlns=\"http:\/\/www.w3.org\/2000\/svg\" viewBox=\"0 0 24 24\"><path fill=\"#000\" d=\"M14.258 10.152L23.176 0h-2.113l-7.747 8.813L7.133 0H0l9.352 13.328L0 23.973h2.113l8.176-9.309 6.531 9.309h7.133zm-2.895 3.293l-.949-1.328L2.875 1.56h3.246l6.086 8.523.945 1.328 7.91 11.078h-3.246zm0 0\"\/><\/svg><\/span><span class=\"shariff-text\">teilen<\/span>&nbsp;<\/a><\/li><li class=\"shariff-button facebook shariff-nocustomcolor\" style=\"background-color:#4273c8\"><a href=\"https:\/\/www.facebook.com\/sharer\/sharer.php?u=https%3A%2F%2Fblogs.fu-berlin.de%2Ffortbildung%2F2014%2F05%2F27%2Fe-teaching-programm-der-fu-auf-der-gmw-2014%2F\" title=\"Bei Facebook teilen\" aria-label=\"Bei Facebook teilen\" role=\"button\" rel=\"nofollow\" class=\"shariff-link\" style=\"; background-color:#3b5998; color:#fff\" target=\"_blank\"><span class=\"shariff-icon\" style=\"\"><svg width=\"32px\" height=\"20px\" xmlns=\"http:\/\/www.w3.org\/2000\/svg\" viewBox=\"0 0 18 32\"><path fill=\"#3b5998\" d=\"M17.1 0.2v4.7h-2.8q-1.5 0-2.1 0.6t-0.5 1.9v3.4h5.2l-0.7 5.3h-4.5v13.6h-5.5v-13.6h-4.5v-5.3h4.5v-3.9q0-3.3 1.9-5.2t5-1.8q2.6 0 4.1 0.2z\"\/><\/svg><\/span><span class=\"shariff-text\">teilen<\/span>&nbsp;<\/a><\/li><li class=\"shariff-button whatsapp shariff-nocustomcolor\" style=\"background-color:#5cbe4a\"><a href=\"https:\/\/api.whatsapp.com\/send?text=https%3A%2F%2Fblogs.fu-berlin.de%2Ffortbildung%2F2014%2F05%2F27%2Fe-teaching-programm-der-fu-auf-der-gmw-2014%2F%20E-Teaching-Qualifizierung%20der%20FU%40GMW%202014%20%28Pre-Conference%20Workshop%29\" title=\"Bei Whatsapp teilen\" aria-label=\"Bei Whatsapp teilen\" role=\"button\" rel=\"noopener nofollow\" class=\"shariff-link\" style=\"; background-color:#34af23; color:#fff\" target=\"_blank\"><span class=\"shariff-icon\" style=\"\"><svg width=\"32px\" height=\"20px\" xmlns=\"http:\/\/www.w3.org\/2000\/svg\" viewBox=\"0 0 32 32\"><path fill=\"#34af23\" d=\"M17.6 17.4q0.2 0 1.7 0.8t1.6 0.9q0 0.1 0 0.3 0 0.6-0.3 1.4-0.3 0.7-1.3 1.2t-1.8 0.5q-1 0-3.4-1.1-1.7-0.8-3-2.1t-2.6-3.3q-1.3-1.9-1.3-3.5v-0.1q0.1-1.6 1.3-2.8 0.4-0.4 0.9-0.4 0.1 0 0.3 0t0.3 0q0.3 0 0.5 0.1t0.3 0.5q0.1 0.4 0.6 1.6t0.4 1.3q0 0.4-0.6 1t-0.6 0.8q0 0.1 0.1 0.3 0.6 1.3 1.8 2.4 1 0.9 2.7 1.8 0.2 0.1 0.4 0.1 0.3 0 1-0.9t0.9-0.9zM14 26.9q2.3 0 4.3-0.9t3.6-2.4 2.4-3.6 0.9-4.3-0.9-4.3-2.4-3.6-3.6-2.4-4.3-0.9-4.3 0.9-3.6 2.4-2.4 3.6-0.9 4.3q0 3.6 2.1 6.6l-1.4 4.2 4.3-1.4q2.8 1.9 6.2 1.9zM14 2.2q2.7 0 5.2 1.1t4.3 2.9 2.9 4.3 1.1 5.2-1.1 5.2-2.9 4.3-4.3 2.9-5.2 1.1q-3.5 0-6.5-1.7l-7.4 2.4 2.4-7.2q-1.9-3.2-1.9-6.9 0-2.7 1.1-5.2t2.9-4.3 4.3-2.9 5.2-1.1z\"\/><\/svg><\/span><span class=\"shariff-text\">teilen<\/span>&nbsp;<\/a><\/li><li class=\"shariff-button threema shariff-nocustomcolor shariff-mobile\" style=\"background-color:#4fbc24\"><a href=\"threema:\/\/compose?text=E-Teaching-Qualifizierung%20der%20FU%40GMW%202014%20%28Pre-Conference%20Workshop%29%20https%3A%2F%2Fblogs.fu-berlin.de%2Ffortbildung%2F2014%2F05%2F27%2Fe-teaching-programm-der-fu-auf-der-gmw-2014%2F\" title=\"Bei Threema teilen\" aria-label=\"Bei Threema teilen\" role=\"button\" rel=\"noopener nofollow\" class=\"shariff-link\" style=\"; background-color:#1f1f1f; color:#fff\" target=\"_blank\"><span class=\"shariff-icon\" style=\"\"><svg width=\"32px\" height=\"20px\" xmlns=\"http:\/\/www.w3.org\/2000\/svg\" viewBox=\"0 0 32 32\"><path fill=\"#1f1f1f\" d=\"M30.8 10.9c-0.3-1.4-0.9-2.6-1.8-3.8-2-2.6-5.5-4.5-9.4-5.2-1.3-0.2-1.9-0.3-3.5-0.3s-2.2 0-3.5 0.3c-4 0.7-7.4 2.6-9.4 5.2-0.9 1.2-1.5 2.4-1.8 3.8-0.1 0.5-0.2 1.2-0.2 1.6 0 0.4 0.1 1.1 0.2 1.6 0.4 1.9 1.3 3.4 2.9 5 0.8 0.8 0.8 0.8 0.7 1.3 0 0.6-0.5 1.6-1.7 3.6-0.3 0.5-0.5 0.9-0.5 0.9 0 0.1 0.1 0.1 0.5 0 0.8-0.2 2.3-0.6 5.6-1.6 1.1-0.3 1.3-0.4 2.3-0.4 0.8 0 1.1 0 2.3 0.2 1.5 0.2 3.5 0.2 4.9 0 5.1-0.6 9.3-2.9 11.4-6.3 0.5-0.9 0.9-1.8 1.1-2.8 0.1-0.5 0.2-1.1 0.2-1.6 0-0.7-0.1-1.1-0.2-1.6-0.3-1.4 0.1 0.5 0 0zM20.6 17.3c0 0.4-0.4 0.8-0.8 0.8h-7.7c-0.4 0-0.8-0.4-0.8-0.8v-4.6c0-0.4 0.4-0.8 0.8-0.8h0.2l0-1.6c0-0.9 0-1.8 0.1-2 0.1-0.6 0.6-1.2 1.1-1.7s1.1-0.7 1.9-0.8c1.8-0.3 3.7 0.7 4.2 2.2 0.1 0.3 0.1 0.7 0.1 2.1v0 1.7h0.1c0.4 0 0.8 0.4 0.8 0.8v4.6zM15.6 7.3c-0.5 0.1-0.8 0.3-1.2 0.6s-0.6 0.8-0.7 1.3c0 0.2 0 0.8 0 1.5l0 1.2h4.6v-1.3c0-1 0-1.4-0.1-1.6-0.3-1.1-1.5-1.9-2.6-1.7zM25.8 28.2c0 1.2-1 2.2-2.1 2.2s-2.1-1-2.1-2.1c0-1.2 1-2.1 2.2-2.1s2.2 1 2.2 2.2zM18.1 28.2c0 1.2-1 2.2-2.1 2.2s-2.1-1-2.1-2.1c0-1.2 1-2.1 2.2-2.1s2.2 1 2.2 2.2zM10.4 28.2c0 1.2-1 2.2-2.1 2.2s-2.1-1-2.1-2.1c0-1.2 1-2.1 2.2-2.1s2.2 1 2.2 2.2z\"\/><\/svg><\/span><span class=\"shariff-text\">teilen<\/span>&nbsp;<\/a><\/li><li class=\"shariff-button printer shariff-nocustomcolor\" style=\"background-color:#a8a8a8\"><a href=\"javascript:window.print()\" title=\"drucken\" aria-label=\"drucken\" role=\"button\" rel=\"noopener nofollow\" class=\"shariff-link\" style=\"; background-color:#999; color:#fff\"><span class=\"shariff-icon\" style=\"\"><svg width=\"32px\" height=\"20px\" xmlns=\"http:\/\/www.w3.org\/2000\/svg\" viewBox=\"0 0 30 32\"><path fill=\"#999\" d=\"M6.8 27.4h16v-4.6h-16v4.6zM6.8 16h16v-6.8h-2.8q-0.7 0-1.2-0.5t-0.5-1.2v-2.8h-11.4v11.4zM27.4 17.2q0-0.5-0.3-0.8t-0.8-0.4-0.8 0.4-0.3 0.8 0.3 0.8 0.8 0.3 0.8-0.3 0.3-0.8zM29.7 17.2v7.4q0 0.2-0.2 0.4t-0.4 0.2h-4v2.8q0 0.7-0.5 1.2t-1.2 0.5h-17.2q-0.7 0-1.2-0.5t-0.5-1.2v-2.8h-4q-0.2 0-0.4-0.2t-0.2-0.4v-7.4q0-1.4 1-2.4t2.4-1h1.2v-9.7q0-0.7 0.5-1.2t1.2-0.5h12q0.7 0 1.6 0.4t1.3 0.8l2.7 2.7q0.5 0.5 0.9 1.4t0.4 1.6v4.6h1.1q1.4 0 2.4 1t1 2.4z\"\/><\/svg><\/span><span class=\"shariff-text\">drucken<\/span>&nbsp;<\/a><\/li><li class=\"shariff-button info shariff-nocustomcolor\" style=\"background-color:#a8a8a8\"><a href=\"http:\/\/ct.de\/-2467514\" title=\"Weitere Informationen\" aria-label=\"Weitere Informationen\" role=\"button\" rel=\"noopener \" class=\"shariff-link\" style=\"; background-color:#999; color:#fff\" target=\"_blank\"><span class=\"shariff-icon\" style=\"\"><svg width=\"32px\" height=\"20px\" xmlns=\"http:\/\/www.w3.org\/2000\/svg\" viewBox=\"0 0 11 32\"><path fill=\"#999\" d=\"M11.4 24v2.3q0 0.5-0.3 0.8t-0.8 0.4h-9.1q-0.5 0-0.8-0.4t-0.4-0.8v-2.3q0-0.5 0.4-0.8t0.8-0.4h1.1v-6.8h-1.1q-0.5 0-0.8-0.4t-0.4-0.8v-2.3q0-0.5 0.4-0.8t0.8-0.4h6.8q0.5 0 0.8 0.4t0.4 0.8v10.3h1.1q0.5 0 0.8 0.4t0.3 0.8zM9.2 3.4v3.4q0 0.5-0.4 0.8t-0.8 0.4h-4.6q-0.4 0-0.8-0.4t-0.4-0.8v-3.4q0-0.4 0.4-0.8t0.8-0.4h4.6q0.5 0 0.8 0.4t0.4 0.8z\"\/><\/svg><\/span><\/a><\/li><\/ul><\/div>","protected":false},"excerpt":{"rendered":"<p>Gemeinsam mit der AG eLearning der Uni Potsdam und dem Medienzentrum der TU Dresden richtet CeDiS auf der Jahrestagung der Gesellschaft f\u00fcr Medien in der Wissenschaft (GMW 2014) am 1. September 2014 in Z\u00fcrich einen Workshop zum Thema Fit f\u00fcr E-Teaching. Empfehlungen f\u00fcr die inhaltliche, methodische und strategische Gestaltung von E-Teaching-Qualifizierungen aus. Idee des Workshops &hellip; <a href=\"https:\/\/blogs.fu-berlin.de\/fortbildung\/2014\/05\/27\/e-teaching-programm-der-fu-auf-der-gmw-2014\/\" class=\"more-link\"><span class=\"screen-reader-text\">\u201eE-Teaching-Qualifizierung der FU@GMW 2014 (Pre-Conference Workshop)\u201c<\/span> weiterlesen<\/a><\/p>\n","protected":false},"author":108,"featured_media":0,"comment_status":"open","ping_status":"open","sticky":false,"template":"","format":"standard","meta":{"footnotes":""},"categories":[35223,31559],"tags":[242,33359,1715,32559],"class_list":["post-47","post","type-post","status-publish","format-standard","hentry","category-ankuendigungen","category-cedis-veranstaltungen","tag-e-teaching","tag-gmw2014","tag-lehrgang","tag-zertifikat"],"_links":{"self":[{"href":"https:\/\/blogs.fu-berlin.de\/fortbildung\/wp-json\/wp\/v2\/posts\/47","targetHints":{"allow":["GET"]}}],"collection":[{"href":"https:\/\/blogs.fu-berlin.de\/fortbildung\/wp-json\/wp\/v2\/posts"}],"about":[{"href":"https:\/\/blogs.fu-berlin.de\/fortbildung\/wp-json\/wp\/v2\/types\/post"}],"author":[{"embeddable":true,"href":"https:\/\/blogs.fu-berlin.de\/fortbildung\/wp-json\/wp\/v2\/users\/108"}],"replies":[{"embeddable":true,"href":"https:\/\/blogs.fu-berlin.de\/fortbildung\/wp-json\/wp\/v2\/comments?post=47"}],"version-history":[{"count":12,"href":"https:\/\/blogs.fu-berlin.de\/fortbildung\/wp-json\/wp\/v2\/posts\/47\/revisions"}],"predecessor-version":[{"id":386,"href":"https:\/\/blogs.fu-berlin.de\/fortbildung\/wp-json\/wp\/v2\/posts\/47\/revisions\/386"}],"wp:attachment":[{"href":"https:\/\/blogs.fu-berlin.de\/fortbildung\/wp-json\/wp\/v2\/media?parent=47"}],"wp:term":[{"taxonomy":"category","embeddable":true,"href":"https:\/\/blogs.fu-berlin.de\/fortbildung\/wp-json\/wp\/v2\/categories?post=47"},{"taxonomy":"post_tag","embeddable":true,"href":"https:\/\/blogs.fu-berlin.de\/fortbildung\/wp-json\/wp\/v2\/tags?post=47"}],"curies":[{"name":"wp","href":"https:\/\/api.w.org\/{rel}","templated":true}]}}