{"id":602,"date":"2014-06-30T15:47:21","date_gmt":"2014-06-30T13:47:21","guid":{"rendered":"https:\/\/blogs.fu-berlin.de\/fortbildung\/?p=602"},"modified":"2014-06-26T16:00:57","modified_gmt":"2014-06-26T14:00:57","slug":"gmw14-lernraeume-gestalten-bildungskontexte-vielfaeltig-denken-programm-online","status":"publish","type":"post","link":"https:\/\/blogs.fu-berlin.de\/fortbildung\/2014\/06\/30\/gmw14-lernraeume-gestalten-bildungskontexte-vielfaeltig-denken-programm-online\/","title":{"rendered":"GMW14: Lernr\u00e4ume gestalten &#8211; Bildungskontexte vielf\u00e4ltig denken &#8211; Programm online"},"content":{"rendered":"<p><a href=\"https:\/\/blogs.fu-berlin.de\/fortbildung\/files\/2014\/06\/GMW2014_Logo.png\"><img loading=\"lazy\" decoding=\"async\" class=\"alignright size-full wp-image-605\" alt=\"GMW2014_Logo\" src=\"https:\/\/blogs.fu-berlin.de\/fortbildung\/files\/2014\/06\/GMW2014_Logo.png\" width=\"215\" height=\"81\" \/><\/a>Das Programm der <a href=\"https:\/\/www.gmw2014.ch\/\" target=\"_blank\">GMW 2014<\/a> ist nun online. Wir sind auf der Tagung mit dem Workshop &#8222;<a href=\"https:\/\/www.conftool.com\/gmw2014\/index.php?page=browseSessions&amp;print=yes&amp;form_session=2&amp;metadata=show&amp;presentations=show\" target=\"_blank\">Fit f\u00fcr E-Teaching<\/a>&#8222;, den wir gemeinsam mit Kolleginnen der TU Dresden und der Uni Potsdam ausrichten, vertreten.<\/p>\n<p>&nbsp;<\/p>\n<p>Mehr zur Tagung in der offiziellen Ank\u00fcndigung des Veranstalters, der P\u00e4dagogischen Hochschule Z\u00fcrich:<\/p>\n<blockquote><p>Die 22. Jahrestagung der Gesellschaft f\u00fcr Medien in der Wissenschaft #GMW14 mit dem Titel \u00abLernr\u00e4ume gestalten &#8211; Bildungskontexte vielf\u00e4ltig denken\u00bb vom 1. bis 4. September 2014 an der PH Z\u00fcrich l\u00e4dt dazu ein, das Thema \u00abLernr\u00e4ume\u00bb aus unterschiedlichen Perspektiven zu diskutieren. Die darin enthaltenen Begriffe \u00abLernen\u00bb, \u00abR\u00e4ume\u00bb und \u00abGestaltung\u00bb er\u00f6ffnen vielschichtige Lesarten und Verbindungen. Der Begriff \u00abLernr\u00e4ume\u00bb r\u00fcckt die didaktische Gestaltung der Orte und Umgebungen des Lernens in den Mittelpunkt, mit denen sich Lernende und Lehrende gemeinsam auseinandersetzen.<\/p>\n<p><!--more--><\/p>\n<p>Auf der Tagung werden State-of-the-Art-Themen aus dem Bereich Medien in der Wissenschaft behandelt sowie aktuelle Zust\u00e4nde und Bedarfe von Bildungseinrichtungen pr\u00e4sentiert und diskutiert. F\u00fcr Teilnehmende ist dies eine einzigartige Gelegenheit zur Netzwerkbildung, des Austausches und vor allem des Zugangs zu neuen Anwendungsfeldern.<\/p>\n<p>Die Tagung richtet sich an e-learning-Expertinnen und Experten sowie an Entscheidungstr\u00e4ger\/innen der Hochschulfelder aus dem gesamten deutschsprachigen Raum und bietet Fachbeitr\u00e4ge aus den Disziplinen Medien- und Hochschuldidaktik, digitale Infrastrukturen, aber auch aus der Informatik oder der Schulpolitik. Die Teilnehmenden sind vorrangig Lehrpersonen, IT-Entscheidende und Bildungspraktiker\/innen und -forschende.<\/p>\n<p>Der Tagungsbeitrag f\u00fcr vier Tage betr\u00e4gt 450CHF. F\u00fcr Fr\u00fchbuchende, Mitglieder der GMW und Studierende gelten verg\u00fcnstigte Tagungsbeitr\u00e4ge. Die Anmeldung ist ab 1. Juni 2014 unter www.gmw2014.ch ge\u00f6ffnet.<\/p><\/blockquote>\n<div class=\"shariff shariff-align-flex-start shariff-widget-align-flex-start\"><ul class=\"shariff-buttons theme-color orientation-horizontal buttonsize-medium\"><li class=\"shariff-button twitter shariff-nocustomcolor\" style=\"background-color:#595959\"><a href=\"https:\/\/twitter.com\/share?url=https%3A%2F%2Fblogs.fu-berlin.de%2Ffortbildung%2F2014%2F06%2F30%2Fgmw14-lernraeume-gestalten-bildungskontexte-vielfaeltig-denken-programm-online%2F&text=GMW14%3A%20Lernr%C3%A4ume%20gestalten%20%E2%80%93%20Bildungskontexte%20vielf%C3%A4ltig%20denken%20%E2%80%93%20Programm%20online\" title=\"Bei X teilen\" aria-label=\"Bei X teilen\" role=\"button\" rel=\"noopener nofollow\" class=\"shariff-link\" style=\"; background-color:#000; color:#fff\" target=\"_blank\"><span class=\"shariff-icon\" style=\"\"><svg width=\"32px\" height=\"20px\" xmlns=\"http:\/\/www.w3.org\/2000\/svg\" viewBox=\"0 0 24 24\"><path fill=\"#000\" d=\"M14.258 10.152L23.176 0h-2.113l-7.747 8.813L7.133 0H0l9.352 13.328L0 23.973h2.113l8.176-9.309 6.531 9.309h7.133zm-2.895 3.293l-.949-1.328L2.875 1.56h3.246l6.086 8.523.945 1.328 7.91 11.078h-3.246zm0 0\"\/><\/svg><\/span><span class=\"shariff-text\">teilen<\/span>&nbsp;<\/a><\/li><li class=\"shariff-button facebook shariff-nocustomcolor\" style=\"background-color:#4273c8\"><a href=\"https:\/\/www.facebook.com\/sharer\/sharer.php?u=https%3A%2F%2Fblogs.fu-berlin.de%2Ffortbildung%2F2014%2F06%2F30%2Fgmw14-lernraeume-gestalten-bildungskontexte-vielfaeltig-denken-programm-online%2F\" title=\"Bei Facebook teilen\" aria-label=\"Bei Facebook teilen\" role=\"button\" rel=\"nofollow\" class=\"shariff-link\" style=\"; background-color:#3b5998; color:#fff\" target=\"_blank\"><span class=\"shariff-icon\" style=\"\"><svg width=\"32px\" height=\"20px\" xmlns=\"http:\/\/www.w3.org\/2000\/svg\" viewBox=\"0 0 18 32\"><path fill=\"#3b5998\" d=\"M17.1 0.2v4.7h-2.8q-1.5 0-2.1 0.6t-0.5 1.9v3.4h5.2l-0.7 5.3h-4.5v13.6h-5.5v-13.6h-4.5v-5.3h4.5v-3.9q0-3.3 1.9-5.2t5-1.8q2.6 0 4.1 0.2z\"\/><\/svg><\/span><span class=\"shariff-text\">teilen<\/span>&nbsp;<\/a><\/li><li class=\"shariff-button whatsapp shariff-nocustomcolor\" style=\"background-color:#5cbe4a\"><a href=\"https:\/\/api.whatsapp.com\/send?text=https%3A%2F%2Fblogs.fu-berlin.de%2Ffortbildung%2F2014%2F06%2F30%2Fgmw14-lernraeume-gestalten-bildungskontexte-vielfaeltig-denken-programm-online%2F%20GMW14%3A%20Lernr%C3%A4ume%20gestalten%20%E2%80%93%20Bildungskontexte%20vielf%C3%A4ltig%20denken%20%E2%80%93%20Programm%20online\" title=\"Bei Whatsapp teilen\" aria-label=\"Bei Whatsapp teilen\" role=\"button\" rel=\"noopener nofollow\" class=\"shariff-link\" style=\"; background-color:#34af23; color:#fff\" target=\"_blank\"><span class=\"shariff-icon\" style=\"\"><svg width=\"32px\" height=\"20px\" xmlns=\"http:\/\/www.w3.org\/2000\/svg\" viewBox=\"0 0 32 32\"><path fill=\"#34af23\" d=\"M17.6 17.4q0.2 0 1.7 0.8t1.6 0.9q0 0.1 0 0.3 0 0.6-0.3 1.4-0.3 0.7-1.3 1.2t-1.8 0.5q-1 0-3.4-1.1-1.7-0.8-3-2.1t-2.6-3.3q-1.3-1.9-1.3-3.5v-0.1q0.1-1.6 1.3-2.8 0.4-0.4 0.9-0.4 0.1 0 0.3 0t0.3 0q0.3 0 0.5 0.1t0.3 0.5q0.1 0.4 0.6 1.6t0.4 1.3q0 0.4-0.6 1t-0.6 0.8q0 0.1 0.1 0.3 0.6 1.3 1.8 2.4 1 0.9 2.7 1.8 0.2 0.1 0.4 0.1 0.3 0 1-0.9t0.9-0.9zM14 26.9q2.3 0 4.3-0.9t3.6-2.4 2.4-3.6 0.9-4.3-0.9-4.3-2.4-3.6-3.6-2.4-4.3-0.9-4.3 0.9-3.6 2.4-2.4 3.6-0.9 4.3q0 3.6 2.1 6.6l-1.4 4.2 4.3-1.4q2.8 1.9 6.2 1.9zM14 2.2q2.7 0 5.2 1.1t4.3 2.9 2.9 4.3 1.1 5.2-1.1 5.2-2.9 4.3-4.3 2.9-5.2 1.1q-3.5 0-6.5-1.7l-7.4 2.4 2.4-7.2q-1.9-3.2-1.9-6.9 0-2.7 1.1-5.2t2.9-4.3 4.3-2.9 5.2-1.1z\"\/><\/svg><\/span><span class=\"shariff-text\">teilen<\/span>&nbsp;<\/a><\/li><li class=\"shariff-button threema shariff-nocustomcolor shariff-mobile\" style=\"background-color:#4fbc24\"><a href=\"threema:\/\/compose?text=GMW14%3A%20Lernr%C3%A4ume%20gestalten%20%E2%80%93%20Bildungskontexte%20vielf%C3%A4ltig%20denken%20%E2%80%93%20Programm%20online%20https%3A%2F%2Fblogs.fu-berlin.de%2Ffortbildung%2F2014%2F06%2F30%2Fgmw14-lernraeume-gestalten-bildungskontexte-vielfaeltig-denken-programm-online%2F\" title=\"Bei Threema teilen\" aria-label=\"Bei Threema teilen\" role=\"button\" rel=\"noopener nofollow\" class=\"shariff-link\" style=\"; background-color:#1f1f1f; color:#fff\" target=\"_blank\"><span class=\"shariff-icon\" style=\"\"><svg width=\"32px\" height=\"20px\" xmlns=\"http:\/\/www.w3.org\/2000\/svg\" viewBox=\"0 0 32 32\"><path fill=\"#1f1f1f\" d=\"M30.8 10.9c-0.3-1.4-0.9-2.6-1.8-3.8-2-2.6-5.5-4.5-9.4-5.2-1.3-0.2-1.9-0.3-3.5-0.3s-2.2 0-3.5 0.3c-4 0.7-7.4 2.6-9.4 5.2-0.9 1.2-1.5 2.4-1.8 3.8-0.1 0.5-0.2 1.2-0.2 1.6 0 0.4 0.1 1.1 0.2 1.6 0.4 1.9 1.3 3.4 2.9 5 0.8 0.8 0.8 0.8 0.7 1.3 0 0.6-0.5 1.6-1.7 3.6-0.3 0.5-0.5 0.9-0.5 0.9 0 0.1 0.1 0.1 0.5 0 0.8-0.2 2.3-0.6 5.6-1.6 1.1-0.3 1.3-0.4 2.3-0.4 0.8 0 1.1 0 2.3 0.2 1.5 0.2 3.5 0.2 4.9 0 5.1-0.6 9.3-2.9 11.4-6.3 0.5-0.9 0.9-1.8 1.1-2.8 0.1-0.5 0.2-1.1 0.2-1.6 0-0.7-0.1-1.1-0.2-1.6-0.3-1.4 0.1 0.5 0 0zM20.6 17.3c0 0.4-0.4 0.8-0.8 0.8h-7.7c-0.4 0-0.8-0.4-0.8-0.8v-4.6c0-0.4 0.4-0.8 0.8-0.8h0.2l0-1.6c0-0.9 0-1.8 0.1-2 0.1-0.6 0.6-1.2 1.1-1.7s1.1-0.7 1.9-0.8c1.8-0.3 3.7 0.7 4.2 2.2 0.1 0.3 0.1 0.7 0.1 2.1v0 1.7h0.1c0.4 0 0.8 0.4 0.8 0.8v4.6zM15.6 7.3c-0.5 0.1-0.8 0.3-1.2 0.6s-0.6 0.8-0.7 1.3c0 0.2 0 0.8 0 1.5l0 1.2h4.6v-1.3c0-1 0-1.4-0.1-1.6-0.3-1.1-1.5-1.9-2.6-1.7zM25.8 28.2c0 1.2-1 2.2-2.1 2.2s-2.1-1-2.1-2.1c0-1.2 1-2.1 2.2-2.1s2.2 1 2.2 2.2zM18.1 28.2c0 1.2-1 2.2-2.1 2.2s-2.1-1-2.1-2.1c0-1.2 1-2.1 2.2-2.1s2.2 1 2.2 2.2zM10.4 28.2c0 1.2-1 2.2-2.1 2.2s-2.1-1-2.1-2.1c0-1.2 1-2.1 2.2-2.1s2.2 1 2.2 2.2z\"\/><\/svg><\/span><span class=\"shariff-text\">teilen<\/span>&nbsp;<\/a><\/li><li class=\"shariff-button printer shariff-nocustomcolor\" style=\"background-color:#a8a8a8\"><a href=\"javascript:window.print()\" title=\"drucken\" aria-label=\"drucken\" role=\"button\" rel=\"noopener nofollow\" class=\"shariff-link\" style=\"; background-color:#999; color:#fff\"><span class=\"shariff-icon\" style=\"\"><svg width=\"32px\" height=\"20px\" xmlns=\"http:\/\/www.w3.org\/2000\/svg\" viewBox=\"0 0 30 32\"><path fill=\"#999\" d=\"M6.8 27.4h16v-4.6h-16v4.6zM6.8 16h16v-6.8h-2.8q-0.7 0-1.2-0.5t-0.5-1.2v-2.8h-11.4v11.4zM27.4 17.2q0-0.5-0.3-0.8t-0.8-0.4-0.8 0.4-0.3 0.8 0.3 0.8 0.8 0.3 0.8-0.3 0.3-0.8zM29.7 17.2v7.4q0 0.2-0.2 0.4t-0.4 0.2h-4v2.8q0 0.7-0.5 1.2t-1.2 0.5h-17.2q-0.7 0-1.2-0.5t-0.5-1.2v-2.8h-4q-0.2 0-0.4-0.2t-0.2-0.4v-7.4q0-1.4 1-2.4t2.4-1h1.2v-9.7q0-0.7 0.5-1.2t1.2-0.5h12q0.7 0 1.6 0.4t1.3 0.8l2.7 2.7q0.5 0.5 0.9 1.4t0.4 1.6v4.6h1.1q1.4 0 2.4 1t1 2.4z\"\/><\/svg><\/span><span class=\"shariff-text\">drucken<\/span>&nbsp;<\/a><\/li><li class=\"shariff-button info shariff-nocustomcolor\" style=\"background-color:#a8a8a8\"><a href=\"http:\/\/ct.de\/-2467514\" title=\"Weitere Informationen\" aria-label=\"Weitere Informationen\" role=\"button\" rel=\"noopener \" class=\"shariff-link\" style=\"; background-color:#999; color:#fff\" target=\"_blank\"><span class=\"shariff-icon\" style=\"\"><svg width=\"32px\" height=\"20px\" xmlns=\"http:\/\/www.w3.org\/2000\/svg\" viewBox=\"0 0 11 32\"><path fill=\"#999\" d=\"M11.4 24v2.3q0 0.5-0.3 0.8t-0.8 0.4h-9.1q-0.5 0-0.8-0.4t-0.4-0.8v-2.3q0-0.5 0.4-0.8t0.8-0.4h1.1v-6.8h-1.1q-0.5 0-0.8-0.4t-0.4-0.8v-2.3q0-0.5 0.4-0.8t0.8-0.4h6.8q0.5 0 0.8 0.4t0.4 0.8v10.3h1.1q0.5 0 0.8 0.4t0.3 0.8zM9.2 3.4v3.4q0 0.5-0.4 0.8t-0.8 0.4h-4.6q-0.4 0-0.8-0.4t-0.4-0.8v-3.4q0-0.4 0.4-0.8t0.8-0.4h4.6q0.5 0 0.8 0.4t0.4 0.8z\"\/><\/svg><\/span><\/a><\/li><\/ul><\/div>","protected":false},"excerpt":{"rendered":"<p>Das Programm der GMW 2014 ist nun online. Wir sind auf der Tagung mit dem Workshop &#8222;Fit f\u00fcr E-Teaching&#8222;, den wir gemeinsam mit Kolleginnen der TU Dresden und der Uni Potsdam ausrichten, vertreten. &nbsp; Mehr zur Tagung in der offiziellen Ank\u00fcndigung des Veranstalters, der P\u00e4dagogischen Hochschule Z\u00fcrich: Die 22. Jahrestagung der Gesellschaft f\u00fcr Medien in &hellip; <a href=\"https:\/\/blogs.fu-berlin.de\/fortbildung\/2014\/06\/30\/gmw14-lernraeume-gestalten-bildungskontexte-vielfaeltig-denken-programm-online\/\" class=\"more-link\"><span class=\"screen-reader-text\">\u201eGMW14: Lernr\u00e4ume gestalten &#8211; Bildungskontexte vielf\u00e4ltig denken &#8211; Programm online\u201c<\/span> weiterlesen<\/a><\/p>\n","protected":false},"author":108,"featured_media":0,"comment_status":"open","ping_status":"open","sticky":false,"template":"","format":"standard","meta":{"footnotes":""},"categories":[70],"tags":[242,38910,39267,39088,358],"class_list":["post-602","post","type-post","status-publish","format-standard","hentry","category-veranstaltungstipps","tag-e-teaching","tag-gmw-2014","tag-tu-dresden","tag-uni-potsdam","tag-workshop"],"_links":{"self":[{"href":"https:\/\/blogs.fu-berlin.de\/fortbildung\/wp-json\/wp\/v2\/posts\/602","targetHints":{"allow":["GET"]}}],"collection":[{"href":"https:\/\/blogs.fu-berlin.de\/fortbildung\/wp-json\/wp\/v2\/posts"}],"about":[{"href":"https:\/\/blogs.fu-berlin.de\/fortbildung\/wp-json\/wp\/v2\/types\/post"}],"author":[{"embeddable":true,"href":"https:\/\/blogs.fu-berlin.de\/fortbildung\/wp-json\/wp\/v2\/users\/108"}],"replies":[{"embeddable":true,"href":"https:\/\/blogs.fu-berlin.de\/fortbildung\/wp-json\/wp\/v2\/comments?post=602"}],"version-history":[{"count":5,"href":"https:\/\/blogs.fu-berlin.de\/fortbildung\/wp-json\/wp\/v2\/posts\/602\/revisions"}],"predecessor-version":[{"id":608,"href":"https:\/\/blogs.fu-berlin.de\/fortbildung\/wp-json\/wp\/v2\/posts\/602\/revisions\/608"}],"wp:attachment":[{"href":"https:\/\/blogs.fu-berlin.de\/fortbildung\/wp-json\/wp\/v2\/media?parent=602"}],"wp:term":[{"taxonomy":"category","embeddable":true,"href":"https:\/\/blogs.fu-berlin.de\/fortbildung\/wp-json\/wp\/v2\/categories?post=602"},{"taxonomy":"post_tag","embeddable":true,"href":"https:\/\/blogs.fu-berlin.de\/fortbildung\/wp-json\/wp\/v2\/tags?post=602"}],"curies":[{"name":"wp","href":"https:\/\/api.w.org\/{rel}","templated":true}]}}