{"id":10058,"date":"2025-02-28T11:34:58","date_gmt":"2025-02-28T10:34:58","guid":{"rendered":"https:\/\/blogs.fu-berlin.de\/frauenbeauftragte\/?p=10058"},"modified":"2025-03-14T23:20:01","modified_gmt":"2025-03-14T22:20:01","slug":"auf-zum-internationalen-frauentag","status":"publish","type":"post","link":"https:\/\/blogs.fu-berlin.de\/frauenbeauftragte\/2025\/02\/28\/auf-zum-internationalen-frauentag\/","title":{"rendered":"Auf zum Internationalen Frauentag"},"content":{"rendered":"\n<div class=\"wp-block-media-text alignwide is-stacked-on-mobile\"><figure class=\"wp-block-media-text__media\"><img loading=\"lazy\" decoding=\"async\" width=\"794\" height=\"530\" src=\"https:\/\/blogs.fu-berlin.de\/frauenbeauftragte\/files\/2025\/02\/DGB_8Maerz.jpg\" alt=\"\" class=\"wp-image-10085 size-full\" srcset=\"https:\/\/blogs.fu-berlin.de\/frauenbeauftragte\/files\/2025\/02\/DGB_8Maerz.jpg 794w, https:\/\/blogs.fu-berlin.de\/frauenbeauftragte\/files\/2025\/02\/DGB_8Maerz-300x200.jpg 300w, https:\/\/blogs.fu-berlin.de\/frauenbeauftragte\/files\/2025\/02\/DGB_8Maerz-768x513.jpg 768w\" sizes=\"auto, (max-width: 709px) 85vw, (max-width: 909px) 67vw, (max-width: 984px) 61vw, (max-width: 1362px) 45vw, 600px\" \/><\/figure><div class=\"wp-block-media-text__content\">\n<p><strong>8. M\u00e4rz 2025 in Berlin |<\/strong> <strong>Demonstrieren, diskutieren, informieren <\/strong>\u2013 f\u00fcr Frauenrechte auf die Stra\u00dfe gehen, aufs Rad steigen, feministische Vork\u00e4mpferinnen w\u00fcrdigen, Geschlechterungleichheiten reflektieren: Der Internationale Frauentag bietet den Berliner*innen und ihren G\u00e4sten vielf\u00e4ltige M\u00f6glichkeiten, Geschlechtergerechtigkeit in den Mittelpunkt des feministischen Feiertags zu stellen.<\/p>\n\n\n\n<!--more-->\n<\/div><\/div>\n\n\n\n<p>Ins Leben gerufen hat den Internationalen Frauentag 1910 die deutsche Frauenrechtlerin und sozialistische Politikerin Clara Zetkin. Ihre Forderung lautete schlicht: keine Sonderrechte, sondern Menschenrechte f\u00fcr Frauen. Weltweit begehen Menschen dieses Datum j\u00e4hrlich mit Demonstrationen und Veranstaltungen f\u00fcr Gleichberechtigung und Selbstbestimmung von Frauen. Ein <a href=\"https:\/\/www.tagesschau.de\/inland\/bundestagswahl\/startseite\/frauen-im-bundestag-100.html\" target=\"_blank\" rel=\"noreferrer noopener\">R\u00fcckgang des Frauenanteils<\/a> im kommenden Bundestag, das weitere Erstarken rechtspopulistischer Kr\u00e4fte, <a href=\"https:\/\/blogs.fu-berlin.de\/frauenbeauftragte\/2025\/02\/21\/stellungnahmen-fuer-wissenschaftsfreiheit\/\">Anfeindungen<\/a> gegen die Geschlechterforschung \u2013  die aktuelle politische Lage gibt allen Anlass, lautstark und \u00f6ffentlichkeitswirksam f\u00fcr Geschlechtergerechtigkeit einzutreten.<\/p>\n\n\n\n<hr class=\"wp-block-separator has-alpha-channel-opacity\" \/>\n\n\n\n<p class=\"has-medium-font-size\">Diskutieren \u00fcber Gender Gap in der KI<\/p>\n\n\n\n<p>Der Gleichstellung in Wissenschaft und Forschung widmet sich eine \u00f6ffentliche Veranstaltung des Bildungsministeriums f\u00fcr Bildung und Forschung zum Weltfrauentag. Unter dem Titel &#8222;Technologie von morgen, Probleme von gestern: Was tun gegen den Gender Gap in der K\u00fcnstlichen Intelligenz?&#8220; diskutieren Expert*innen, wie mehr junge Frauen f\u00fcr ein KI-Studium begeistert werden k\u00f6nnen und warum die gleichberechtigte Beteiligung der Geschlechter an der Entwicklung von KI von Bedeutung ist.<\/p>\n\n\n\n<p><strong>Ort &amp; Zeit: Freitag, 7. M\u00e4rz 2025 | <strong>10:00-13:00 Uhr<\/strong> |<\/strong> Bundesministerium f\u00fcr Bildung und Forschung (BMBF), Kapelle-Ufer 1, 10117 Berlin | <a rel=\"noreferrer noopener\" href=\"https:\/\/projekttraeger.dlr.de\/media\/events\/weltfrauentag\/\" target=\"_blank\">Anmeldung<\/a> (kostenfrei)<\/p>\n\n\n\n<hr class=\"wp-block-separator has-alpha-channel-opacity\" \/>\n\n\n\n<p class=\"has-medium-font-size\">Informieren \u00fcber Geschlechtergeschichte &#8230;<\/p>\n\n\n\n<p>Das Deutsche Historische Museum l\u00e4dt anl\u00e4sslich des Internationalen Frauentages zu einem eintrittsfreien Programm in seinen aktuellen Ausstellungen ein. Die Themenf\u00fchrung \u201eSpot an! Feministische Perspektiven auf die Ausstellung \u201aRoads not Taken\u2018\u201d betrachtet ausgew\u00e4hlte Ereignisse der deutschen Geschichte des 19. und 20. Jahrhunderts sowohl aus feministischer als auch aus geschlechterhistorischer Perspektive. Die Themenf\u00fchrung \u201eZwischen Norm und Freiheit: Geschlechter im Wandel\u201d in der Ausstellung \u201eWas ist Aufkl\u00e4rung? Fragen an das 18. Jahrhundert\u201d erz\u00e4hlt anhand zahlreicher Objekte die Geschichte der Geschlechtermodelle im 18. Jahrhundert.<\/p>\n\n\n\n<p><strong>Ort &amp; Zeit: <strong>Samstag, 8. M\u00e4rz 2025<\/strong> | <strong>10:00 &#8211; 18:00 Uhr | <\/strong><\/strong>Deutsches Historisches Museum, Pei-Bau, Hinter dem Gie\u00dfhaus 3, 10117 Berlin | <a rel=\"noreferrer noopener\" href=\"https:\/\/www.dhm.de\/nachricht\/8-maerz-internationaler-frauentag-im-dhm\/\" target=\"_blank\">Informationen<\/a> (kostenfrei)<\/p>\n\n\n\n<hr class=\"wp-block-separator has-alpha-channel-opacity\" \/>\n\n\n\n<p class=\"has-medium-font-size\">Wissenschaftlerinnen in Dahlem &#8230;<\/p>\n\n\n\n<p>Die Max-Planck-Gesellschaft bietet eine kostenfreie F\u00fchrung unter dem Titel &#8222;Musen oder Macherinnen? Wissenschaftlerinnen im &#8218;Deutschen Oxford'&#8220; an. Der Rundgang stellt die Lebenswege von Forscherinnen aus Dahlem in der ersten H\u00e4lfte des 20. Jahrhunderts vor und zeigt, in welch kurzer Zeit Frauen ihren Platz in der \u00fcber Jahrhunderte m\u00e4nnlich gepr\u00e4gten Welt der Wissenschaft eroberten und den Campus pr\u00e4gten.<\/p>\n\n\n\n<p><strong>Ort &amp; Zeit: <strong>Samstag, 8. M\u00e4rz 2025<\/strong> | <strong>14:00 &#8211; 15:30 Uhr <strong>|<\/strong><\/strong><\/strong> Harnack-Haus, Ihnestr. 16, 14195 Berlin | <a rel=\"noreferrer noopener\" href=\"https:\/\/www.mpg.de\/24226527\/dahlemtour-berlin1.html\" target=\"_blank\">Anmeldung<\/a> (kostenfrei)<\/p>\n\n\n\n<hr class=\"wp-block-separator has-alpha-channel-opacity\" \/>\n\n\n\n<p class=\"has-medium-font-size\">Wissenschaftlerinnen in der Astronomie &#8230;<\/p>\n\n\n\n<p>Das Zeiss-Gro\u00dfplanetarium l\u00e4dt zum Frauentag ein zu einer Reise durch Wissenschaft und Geschichte unter dem Titel &#8222;Hidden Stars: Wie Frauen die Sterne entdeckten&#8220;. Unter dem Sternenhimmel des Planetariums w\u00fcrdigt die Veranstaltung die herausragenden Leistungen von Wissenschaftlerinnen, die das Wissen \u00fcber Sterne revolutioniert haben. <\/p>\n\n\n\n<p><strong>Ort &amp; Zeit: <strong>Samstag, 8. M\u00e4rz 2025<\/strong> | <strong>19:45 Uhr<\/strong> |<\/strong>Zeiss-Gro\u00dfplanetarium, Prenzlauer Allee 80, 10405 Berlin | <a rel=\"noreferrer noopener\" href=\"https:\/\/www.planetarium.berlin\/veranstaltungen\/hidden-stars\" target=\"_blank\">Tickets<\/a> (10 \u20ac, erm\u00e4\u00dfigt: 8 \u20ac)<\/p>\n\n\n\n<hr class=\"wp-block-separator has-alpha-channel-opacity\" \/>\n\n\n\n<p class=\"has-medium-font-size\">Und Frauen in der Politik<\/p>\n\n\n\n<p>Zu einer Stadtf\u00fchrung unter dem Titel \u201eRund um den Reichstag \u2013 Politische Partizipation von Frauen\u201c l\u00e4dt die Frauen- und Gleichstellungsbeauftragte in Steglitz-Zehlendorf anl\u00e4sslich des Internationalen Frauentags ein. Mit der Historikerin Heike Stange beleuchtet der Rundgang Geschichten und Biografien der ersten Parlamentarierinnen. Pl\u00e4tze f\u00fcr die F\u00fchrung werden vorrangig an interessierte Frauen aus dem Bezirk Steglitz-Zehlendorf vergeben.<\/p>\n\n\n\n<p><strong>Ort &amp; Zeit: Sonntag, 23. M\u00e4rz 2025 | 14:00 Uhr |<\/strong> N\u00e4he Deutscher Bundestag (genauer Ort wird bei Anmeldung bekanntgegeben) | <a rel=\"noreferrer noopener\" href=\"https:\/\/www.berlin.de\/ba-steglitz-zehlendorf\/politik-und-verwaltung\/beauftragte\/gleichstellung\/artikel.1528550.php\" target=\"_blank\">Anmeldung<\/a> (kostenfrei)<\/p>\n\n\n\n<hr class=\"wp-block-separator has-alpha-channel-opacity\" \/>\n\n\n<div class=\"wp-block-image\">\n<figure class=\"alignright size-large is-resized\"><img loading=\"lazy\" decoding=\"async\" src=\"https:\/\/blogs.fu-berlin.de\/frauenbeauftragte\/files\/2025\/02\/rosenfurclara-2025-scaled-1-724x1024.jpg\" alt=\"\" class=\"wp-image-10075\" width=\"181\" height=\"256\" srcset=\"https:\/\/blogs.fu-berlin.de\/frauenbeauftragte\/files\/2025\/02\/rosenfurclara-2025-scaled-1-724x1024.jpg 724w, https:\/\/blogs.fu-berlin.de\/frauenbeauftragte\/files\/2025\/02\/rosenfurclara-2025-scaled-1-212x300.jpg 212w, https:\/\/blogs.fu-berlin.de\/frauenbeauftragte\/files\/2025\/02\/rosenfurclara-2025-scaled-1-768x1086.jpg 768w, https:\/\/blogs.fu-berlin.de\/frauenbeauftragte\/files\/2025\/02\/rosenfurclara-2025-scaled-1-1086x1536.jpg 1086w, https:\/\/blogs.fu-berlin.de\/frauenbeauftragte\/files\/2025\/02\/rosenfurclara-2025-scaled-1-1448x2048.jpg 1448w, https:\/\/blogs.fu-berlin.de\/frauenbeauftragte\/files\/2025\/02\/rosenfurclara-2025-scaled-1-1200x1697.jpg 1200w, https:\/\/blogs.fu-berlin.de\/frauenbeauftragte\/files\/2025\/02\/rosenfurclara-2025-scaled-1.jpg 1810w\" sizes=\"auto, (max-width: 181px) 85vw, 181px\" \/><figcaption>Bezirksamt &amp; FrauenNetz Marzahn-Hellersdorf<\/figcaption><\/figure><\/div>\n\n\n<p class=\"has-medium-font-size\">Gedenken mit Rosen<\/p>\n\n\n\n<p>Zum Gedenken an die Begr\u00fcnderin des Internationalen Frauentags, Clara Zetkin wie zum Eintreten f\u00fcr Frauenrechte l\u00e4dt das FrauenNetz Marzahn-Hellersdorf mit der Kundgebung \u201eRosen f\u00fcr Clara\u201c ein. Nach einem Gru\u00dfwort der Bezirksb\u00fcrgermeisterin Nadja Zivkovic folgen kurze Redebeitr\u00e4ge von Frauenprojekten, Musik und die Niederlegung von Blumen am Denkmal.<\/p>\n\n\n\n<p><strong>Ort &amp; Zeit: Freitag, 7. M\u00e4rz 2025 | <strong>16:00 Uhr<\/strong> | <\/strong>Clara Zetkin-Denkmal, Clara-Zetkin-Park, Niemegker Str. 19-21, 12689 Berlin | <a rel=\"noreferrer noopener\" href=\"https:\/\/buendnis.demokratie-mh.de\/aktuelles\/kundgebung-rosen-fuer-claraam-7-maerz-2025\/\" target=\"_blank\">Aufruf<\/a><\/p>\n\n\n\n<hr class=\"wp-block-separator has-alpha-channel-opacity\" \/>\n\n\n\n<p class=\"has-medium-font-size\">Demonstrieren zu Fu\u00df &#8230;<\/p>\n\n\n\n<p>Auch in diesem Jahr ruft ein breites B\u00fcndnis dazu auf, gemeinsam auf die Stra\u00dfe zu gehen: &#8222;F\u00fcr eine feministische Zukunft und ein solidarisches Jetzt&#8220;. Es mobilisiert f\u00fcr eine gerechte und friedliche Welt, in der alle Menschen \u2013 unabh\u00e4ngig von Geschlecht, Herkunft, sexueller Orientierung oder anderen Zuschreibungen \u2013 gleiche Chancen und Rechte haben. Zu der Demonstration rufen zahlreiche Organisationen und Initiativen aus, darunter die Gewerkschaften ver.di, GEW und der <a href=\"https:\/\/berlin-brandenburg.dgb.de\/bereiche\/gesellschaft\/frauen\/++co++5b9947b2-dcd4-11ef-a11a-e927774b1a11\" target=\"_blank\" rel=\"noreferrer noopener\">DGB Bezirk Berlin-Brandenburg<\/a>, die \u00dcberparteiliche Fraueninitiative Berlin \u2013 Stadt der Frauen, die Zentrale Informationsstelle Autonomer Frauenh\u00e4user und das <a rel=\"noreferrer noopener\" href=\"http:\/\/B\u00fcndnis f\u00fcr sexuelle Selbstbestimmung\" target=\"_blank\">B\u00fcndnis f\u00fcr sexuelle Selbstbestimmung<\/a>.<\/p>\n\n\n\n<p><strong>Ort &amp; Zeit: Samstag, 8. M\u00e4rz 2025 | <strong>12:30 Uhr<\/strong> | <\/strong>Treffpunkt: Oranienplatz, 10999 Berlin | <a rel=\"noreferrer noopener\" href=\"https:\/\/berlin-brandenburg.dgb.de\/bereiche\/gesellschaft\/frauen\/++co++6bb53e26-e495-11ef-817e-f7f79d62298d\" target=\"_blank\">Aufruf<\/a><\/p>\n\n\n<div class=\"wp-block-image\">\n<figure class=\"aligncenter size-large is-resized\"><img loading=\"lazy\" decoding=\"async\" src=\"https:\/\/blogs.fu-berlin.de\/frauenbeauftragte\/files\/2025\/02\/DGB_8Maerz_Aufruf-1024x1024.png\" alt=\"\" class=\"wp-image-10086\" width=\"512\" height=\"512\" srcset=\"https:\/\/blogs.fu-berlin.de\/frauenbeauftragte\/files\/2025\/02\/DGB_8Maerz_Aufruf-1024x1024.png 1024w, https:\/\/blogs.fu-berlin.de\/frauenbeauftragte\/files\/2025\/02\/DGB_8Maerz_Aufruf-300x300.png 300w, https:\/\/blogs.fu-berlin.de\/frauenbeauftragte\/files\/2025\/02\/DGB_8Maerz_Aufruf-150x150.png 150w, https:\/\/blogs.fu-berlin.de\/frauenbeauftragte\/files\/2025\/02\/DGB_8Maerz_Aufruf-768x768.png 768w, https:\/\/blogs.fu-berlin.de\/frauenbeauftragte\/files\/2025\/02\/DGB_8Maerz_Aufruf-1536x1536.png 1536w, https:\/\/blogs.fu-berlin.de\/frauenbeauftragte\/files\/2025\/02\/DGB_8Maerz_Aufruf-2048x2048.png 2048w, https:\/\/blogs.fu-berlin.de\/frauenbeauftragte\/files\/2025\/02\/DGB_8Maerz_Aufruf-1200x1200.png 1200w\" sizes=\"auto, (max-width: 512px) 85vw, 512px\" \/><figcaption>DGB Bezirk Berlin-Brandenburg<\/figcaption><\/figure><\/div>\n\n\n<hr class=\"wp-block-separator has-alpha-channel-opacity\" \/>\n\n\n\n<p class=\"has-medium-font-size\">Per Rad &#8230;<\/p>\n\n\n\n<p>Wer lieber mit dem Fahrrad unterwegs ist als zu Fu\u00df, muss auf das Demonstrieren nicht verzichten. <a rel=\"noreferrer noopener\" href=\"https:\/\/www.instagram.com\/purplerideberlin\/reels\/?locale=de&amp;hl=am-et\" target=\"_blank\">Purple Ride<\/a> ruft FLINTA* (Frauen, Lesben, intergeschlechtliche, nicht-bin\u00e4re und trans und agender Personen) auf, mit einer Fahrraddemo f\u00fcr Selbstbestimmung und Integrit\u00e4t des eigenen K\u00f6rpers zu demonstrieren. Die j\u00e4hrliche Aktion zum Internationalen Frauentag wurde 2019 unter dem Motto <a rel=\"noreferrer noopener\" href=\"https:\/\/www.strasse-zurueckerobern.de\/geschichten\/purple-ride\/\" target=\"_blank\">&#8222;Ab auf&#8217;s Rad, gegen das Patriarchat!&#8220;<\/a> begr\u00fcndet, als der 8. M\u00e4rz in Berlin als gesetzlicher Feiertag eingef\u00fchrt wurde.<\/p>\n\n\n\n<p><strong>Ort &amp; Zeit: Samstag, 8. M\u00e4rz 2025 | <strong>12:00 Uhr<\/strong> |<\/strong> Treffpunkt: Mariannenplatz, 10997 Berlin | <a rel=\"noreferrer noopener\" href=\"https:\/\/www.instagram.com\/purplerideberlin\/reels\/?locale=de&amp;hl=am-et\" target=\"_blank\">Informationen<\/a><\/p>\n\n\n\n<hr class=\"wp-block-separator has-alpha-channel-opacity\" \/>\n\n\n\n<p class=\"has-medium-font-size\">Und auf Social Media<\/p>\n\n\n\n<p>Das Hilfetelefon &#8222;Gewalt gegen Frauen&#8220; stellt zum Internationalen Frauentag ein <a rel=\"noreferrer noopener\" href=\"https:\/\/www.hilfetelefon.de\/materialien\/zum-liken-und-teilen.html\" target=\"_blank\">Shareable <\/a>zur Verf\u00fcgung, das in sozialen Medien geteilt werden kann, um betroffene Frauen, Angeh\u00f6rige und Fachkr\u00e4fte auf ihr Beratungsangebot aufmerksam zu machen.  <\/p>\n\n\n<div class=\"wp-block-image\">\n<figure class=\"aligncenter size-medium is-resized\"><img loading=\"lazy\" decoding=\"async\" src=\"https:\/\/blogs.fu-berlin.de\/frauenbeauftragte\/files\/2025\/02\/250218_Hilfetelefon_Frauentag_Sharepic_1080x1350px-240x300.jpg\" alt=\"\" class=\"wp-image-10077\" width=\"240\" height=\"300\" srcset=\"https:\/\/blogs.fu-berlin.de\/frauenbeauftragte\/files\/2025\/02\/250218_Hilfetelefon_Frauentag_Sharepic_1080x1350px-240x300.jpg 240w, https:\/\/blogs.fu-berlin.de\/frauenbeauftragte\/files\/2025\/02\/250218_Hilfetelefon_Frauentag_Sharepic_1080x1350px-819x1024.jpg 819w, https:\/\/blogs.fu-berlin.de\/frauenbeauftragte\/files\/2025\/02\/250218_Hilfetelefon_Frauentag_Sharepic_1080x1350px-768x960.jpg 768w, https:\/\/blogs.fu-berlin.de\/frauenbeauftragte\/files\/2025\/02\/250218_Hilfetelefon_Frauentag_Sharepic_1080x1350px.jpg 1080w\" sizes=\"auto, (max-width: 240px) 85vw, 240px\" \/><figcaption>Hilfetelefon &#8222;Gewalt gegen Frauen&#8220;<\/figcaption><\/figure><\/div>\n\n\n<hr class=\"wp-block-separator has-alpha-channel-opacity\" \/>\n","protected":false},"excerpt":{"rendered":"<p>8. M\u00e4rz 2025 in Berlin | Demonstrieren, diskutieren, informieren \u2013 f\u00fcr Frauenrechte auf die Stra\u00dfe gehen, aufs Rad steigen, feministische Vork\u00e4mpferinnen w\u00fcrdigen, Geschlechterungleichheiten reflektieren: Der Internationale Frauentag bietet den Berliner*innen und ihren G\u00e4sten vielf\u00e4ltige M\u00f6glichkeiten, Geschlechtergerechtigkeit in den Mittelpunkt des feministischen Feiertags zu stellen.<\/p>\n","protected":false},"author":3850,"featured_media":10085,"comment_status":"open","ping_status":"open","sticky":false,"template":"","format":"standard","meta":{"footnotes":""},"categories":[428608],"tags":[215230,433454,90487,4107,1358],"class_list":["post-10058","post","type-post","status-publish","format-standard","has-post-thumbnail","hentry","category-informiert","tag-gewalt","tag-gleichstellungspolitik","tag-diskriminierung","tag-feminismus","tag-demokratie"],"_links":{"self":[{"href":"https:\/\/blogs.fu-berlin.de\/frauenbeauftragte\/wp-json\/wp\/v2\/posts\/10058","targetHints":{"allow":["GET"]}}],"collection":[{"href":"https:\/\/blogs.fu-berlin.de\/frauenbeauftragte\/wp-json\/wp\/v2\/posts"}],"about":[{"href":"https:\/\/blogs.fu-berlin.de\/frauenbeauftragte\/wp-json\/wp\/v2\/types\/post"}],"author":[{"embeddable":true,"href":"https:\/\/blogs.fu-berlin.de\/frauenbeauftragte\/wp-json\/wp\/v2\/users\/3850"}],"replies":[{"embeddable":true,"href":"https:\/\/blogs.fu-berlin.de\/frauenbeauftragte\/wp-json\/wp\/v2\/comments?post=10058"}],"version-history":[{"count":51,"href":"https:\/\/blogs.fu-berlin.de\/frauenbeauftragte\/wp-json\/wp\/v2\/posts\/10058\/revisions"}],"predecessor-version":[{"id":10186,"href":"https:\/\/blogs.fu-berlin.de\/frauenbeauftragte\/wp-json\/wp\/v2\/posts\/10058\/revisions\/10186"}],"wp:featuredmedia":[{"embeddable":true,"href":"https:\/\/blogs.fu-berlin.de\/frauenbeauftragte\/wp-json\/wp\/v2\/media\/10085"}],"wp:attachment":[{"href":"https:\/\/blogs.fu-berlin.de\/frauenbeauftragte\/wp-json\/wp\/v2\/media?parent=10058"}],"wp:term":[{"taxonomy":"category","embeddable":true,"href":"https:\/\/blogs.fu-berlin.de\/frauenbeauftragte\/wp-json\/wp\/v2\/categories?post=10058"},{"taxonomy":"post_tag","embeddable":true,"href":"https:\/\/blogs.fu-berlin.de\/frauenbeauftragte\/wp-json\/wp\/v2\/tags?post=10058"}],"curies":[{"name":"wp","href":"https:\/\/api.w.org\/{rel}","templated":true}]}}