{"id":10162,"date":"2025-03-14T15:33:10","date_gmt":"2025-03-14T14:33:10","guid":{"rendered":"https:\/\/blogs.fu-berlin.de\/frauenbeauftragte\/?p=10162"},"modified":"2025-04-16T10:30:43","modified_gmt":"2025-04-16T08:30:43","slug":"margherita-von-brentano-preis-ausgeschrieben","status":"publish","type":"post","link":"https:\/\/blogs.fu-berlin.de\/frauenbeauftragte\/2025\/03\/14\/margherita-von-brentano-preis-ausgeschrieben\/","title":{"rendered":"Margherita-von-Brentano-Preis ausgeschrieben"},"content":{"rendered":"\n<div class=\"wp-block-media-text alignwide is-stacked-on-mobile\"><figure class=\"wp-block-media-text__media\"><img loading=\"lazy\" decoding=\"async\" width=\"1024\" height=\"691\" src=\"https:\/\/blogs.fu-berlin.de\/frauenbeauftragte\/files\/2025\/03\/Margherita-von-Brentano-neu-web-1024x691.jpg\" alt=\"\" class=\"wp-image-10163 size-full\" srcset=\"https:\/\/blogs.fu-berlin.de\/frauenbeauftragte\/files\/2025\/03\/Margherita-von-Brentano-neu-web-1024x691.jpg 1024w, https:\/\/blogs.fu-berlin.de\/frauenbeauftragte\/files\/2025\/03\/Margherita-von-Brentano-neu-web-300x202.jpg 300w, https:\/\/blogs.fu-berlin.de\/frauenbeauftragte\/files\/2025\/03\/Margherita-von-Brentano-neu-web-768x518.jpg 768w, https:\/\/blogs.fu-berlin.de\/frauenbeauftragte\/files\/2025\/03\/Margherita-von-Brentano-neu-web-1536x1036.jpg 1536w, https:\/\/blogs.fu-berlin.de\/frauenbeauftragte\/files\/2025\/03\/Margherita-von-Brentano-neu-web-1200x809.jpg 1200w, https:\/\/blogs.fu-berlin.de\/frauenbeauftragte\/files\/2025\/03\/Margherita-von-Brentano-neu-web.jpg 2000w\" sizes=\"auto, (max-width: 709px) 85vw, (max-width: 909px) 67vw, (max-width: 1362px) 62vw, 840px\" \/><\/figure><div class=\"wp-block-media-text__content\">\n<p><strong>Bewerbungsfrist 23. April 2025 |<\/strong> In diesem Jahr vergibt die Freie Universit\u00e4t wieder den  <a rel=\"noreferrer noopener\" href=\"https:\/\/www.mvbz.fu-berlin.de\/ueber-uns\/ueber-margherita-von-brentano\/margherita-von-brentano-preis\" target=\"_blank\">Margherita-von-Brentano-Preis<\/a> f\u00fcr au\u00dferordentliches pers\u00f6nliches Wirken oder hervorragende Initiativen in der Geschlechterforschung oder Gleichstellung, dotiert mit 15.000 Euro. Gruppen oder Einzelpersonen aller Mitgliedsgruppen der Freien Universit\u00e4t k\u00f6nnen sich bewerben oder vorgeschlagen werden.<\/p>\n\n\n\n<!--more-->\n<\/div><\/div>\n\n\n\n<p>Mit dem Margherita-von-Brentano-Preis w\u00fcrdigt das Pr\u00e4sidium der Freien Universit\u00e4t Pers\u00f6nlichkeiten oder Projekte f\u00fcr herausragende Beitr\u00e4ge zur Geschlechterforschung oder Gleichstellung. Die Auszeichnung wird auf Vorschlag des zentralen Frauen- und Gleichstellungsrats durch den Pr\u00e4sidenten der Freien Universit\u00e4t vergeben. Das Ausschreibungs- und Bewerbungsverfahren koordiniert das Margherita-von-Brentano-Zentrum.<\/p>\n\n\n\n<p>F\u00fcr den Preis k\u00f6nnen Einzelpersonen oder Gruppen vorgeschlagen werden; Selbstbewerbungen sind m\u00f6glich. Einzelpersonen m\u00fcssen aktuelle oder ehemalige Mitglieder der Freien Universit\u00e4t sein. Bei Gruppen muss mindestens ein Mitglied diese Zugeh\u00f6rigkeit aufweisen. Wissenschaftliche Leistungen k\u00f6nnen ebenso pr\u00e4miert werden wie Initiativen von Studierenden oder Mitarbeiter*innen in Service, Technik und Verwaltung. Auswahlkriterien sind innovativer Charakter, herausragende fachliche, hochschulpolitische oder gesellschaftliche Bedeutung und die Breite der Resonanz oder Wirkung. Besonders gew\u00fcrdigt werden bei der Auswahl weitere Aspekte wie etwa originelle Formen der Wissensproduktion oder zukunftsweisende Kooperationen, z.B. mit zivilgesellschaftlichen Initiativen oder marginalisierten Gruppen.<\/p>\n\n\n\n<p><a rel=\"noreferrer noopener\" href=\"https:\/\/www.mvbz.fu-berlin.de\/ueber-uns\/ueber-margherita-von-brentano\/index.html\" target=\"_blank\">Margherita von Brentano<\/a>, die Namensgeberin des Preises, wurde 1970 als erste Frau in das Amt der Vizepr\u00e4sidentin der Freien Universit\u00e4t gew\u00e4hlt und war Professorin am Institut f\u00fcr Philosophie. Schon zu Beginn der 1960er Jahre engagierte sie sich daf\u00fcr, die Diskriminierung von Frauen in Hochschule und Wissenschaft zu \u00fcberwinden.<\/p>\n\n\n\n<p>Der Margherita-von-Brentano-Preis wird seit 1995 verliehen, zun\u00e4chst j\u00e4hrlich, seit 2013 alle zwei Jahre. Zu den <a rel=\"noreferrer noopener\" href=\"https:\/\/www.fu-berlin.de\/sites\/margherita-von-brentano\/preistraegerinnen\/index.html\" target=\"_blank\">bisherigen Preistr\u00e4ger*innen<\/a> geh\u00f6rt das Datenbankprojekt \u201eFeminizidmap\u201c (2021), das seit 2019 T\u00f6tungsdelikte an Frauen und M\u00e4dchen aufgrund ihres Geschlechts dokumentiert. Davor hatte die Initiative \u201eMedical Students for Choice\u201c (2019), die sich ehrenamtlich f\u00fcr das Recht auf sexuelle Selbstbestimmung engagiert, die Auszeichnung erhalten. Zuletzt w\u00fcrdigte die Freie Universit\u00e4t mit dem Preis die langj\u00e4hrige zentrale Frauenbeauftragte <a href=\"https:\/\/blogs.fu-berlin.de\/frauenbeauftragte\/2024\/01\/12\/margherita-von-brentano-preis-2023-geht-an\/\">Dr. Mechthild Koreuber<\/a>.<\/p>\n\n\n\n<hr class=\"wp-block-separator has-alpha-channel-opacity\" \/>\n\n\n\n<p class=\"has-medium-font-size\">Margherita-von-Brentano-Preis<\/p>\n\n\n\n<ul class=\"wp-block-list\"><li><strong>Bewerbungsfrist: <\/strong>23.04.2025<\/li><li><a href=\"https:\/\/www.mvbz.fu-berlin.de\/media\/pdfs_docs\/aktivitaeten_mvb-preis_250213_informationen_zur_bewerbung.pdf\">Vergabekriterien f\u00fcr Bewerbungen und Vorschl\u00e4ge f\u00fcr den Margherita-von-Brentano-Preis | Neufassung 2024<\/a><\/li><li>Weitere <a rel=\"noreferrer noopener\" href=\"https:\/\/www.mvbz.fu-berlin.de\/ueber-uns\/ueber-margherita-von-brentano\/margherita-von-brentano-preis\" target=\"_blank\">Informationen<\/a><\/li><li><strong>Bewerbungen<\/strong> an: <a rel=\"noreferrer noopener\" href=\"mailto:bewerbungen@mvbz.fu-berlin.de\" target=\"_blank\">bewerbungen@mvbz.fu-berlin.de<\/a><\/li><li><strong>Kontakt:<\/strong> <a rel=\"noreferrer noopener\" href=\"https:\/\/www.mvbz.fu-berlin.de\/ueber-uns\/team\/pantelmann\/index.html\" target=\"_blank\">Dr. Heike Pantelmann<\/a>, Margherita-von-Brentano-Zentrum<\/li><\/ul>\n\n\n\n<hr class=\"wp-block-separator has-alpha-channel-opacity\" \/>\n","protected":false},"excerpt":{"rendered":"<p>Bewerbungsfrist 23. April 2025 | In diesem Jahr vergibt die Freie Universit\u00e4t wieder den Margherita-von-Brentano-Preis f\u00fcr au\u00dferordentliches pers\u00f6nliches Wirken oder hervorragende Initiativen in der Geschlechterforschung oder Gleichstellung, dotiert mit 15.000 Euro. Gruppen oder Einzelpersonen aller Mitgliedsgruppen der Freien Universit\u00e4t k\u00f6nnen sich bewerben oder vorgeschlagen werden.<\/p>\n","protected":false},"author":3850,"featured_media":10166,"comment_status":"open","ping_status":"open","sticky":false,"template":"","format":"standard","meta":{"footnotes":""},"categories":[428608],"tags":[433454,57446,437124,233545],"class_list":["post-10162","post","type-post","status-publish","format-standard","has-post-thumbnail","hentry","category-informiert","tag-gleichstellungspolitik","tag-geschlechterforschung","tag-wissenschaftlerinnen","tag-studierende"],"_links":{"self":[{"href":"https:\/\/blogs.fu-berlin.de\/frauenbeauftragte\/wp-json\/wp\/v2\/posts\/10162","targetHints":{"allow":["GET"]}}],"collection":[{"href":"https:\/\/blogs.fu-berlin.de\/frauenbeauftragte\/wp-json\/wp\/v2\/posts"}],"about":[{"href":"https:\/\/blogs.fu-berlin.de\/frauenbeauftragte\/wp-json\/wp\/v2\/types\/post"}],"author":[{"embeddable":true,"href":"https:\/\/blogs.fu-berlin.de\/frauenbeauftragte\/wp-json\/wp\/v2\/users\/3850"}],"replies":[{"embeddable":true,"href":"https:\/\/blogs.fu-berlin.de\/frauenbeauftragte\/wp-json\/wp\/v2\/comments?post=10162"}],"version-history":[{"count":13,"href":"https:\/\/blogs.fu-berlin.de\/frauenbeauftragte\/wp-json\/wp\/v2\/posts\/10162\/revisions"}],"predecessor-version":[{"id":10337,"href":"https:\/\/blogs.fu-berlin.de\/frauenbeauftragte\/wp-json\/wp\/v2\/posts\/10162\/revisions\/10337"}],"wp:featuredmedia":[{"embeddable":true,"href":"https:\/\/blogs.fu-berlin.de\/frauenbeauftragte\/wp-json\/wp\/v2\/media\/10166"}],"wp:attachment":[{"href":"https:\/\/blogs.fu-berlin.de\/frauenbeauftragte\/wp-json\/wp\/v2\/media?parent=10162"}],"wp:term":[{"taxonomy":"category","embeddable":true,"href":"https:\/\/blogs.fu-berlin.de\/frauenbeauftragte\/wp-json\/wp\/v2\/categories?post=10162"},{"taxonomy":"post_tag","embeddable":true,"href":"https:\/\/blogs.fu-berlin.de\/frauenbeauftragte\/wp-json\/wp\/v2\/tags?post=10162"}],"curies":[{"name":"wp","href":"https:\/\/api.w.org\/{rel}","templated":true}]}}