{"id":10191,"date":"2025-03-24T10:19:25","date_gmt":"2025-03-24T09:19:25","guid":{"rendered":"https:\/\/blogs.fu-berlin.de\/frauenbeauftragte\/?p=10191"},"modified":"2025-03-24T10:30:52","modified_gmt":"2025-03-24T09:30:52","slug":"bcp-frauenbeauftragte-schreibt-preis-aus","status":"publish","type":"post","link":"https:\/\/blogs.fu-berlin.de\/frauenbeauftragte\/2025\/03\/24\/bcp-frauenbeauftragte-schreibt-preis-aus\/","title":{"rendered":"BCP-Frauenbeauftragte schreibt Preis aus"},"content":{"rendered":"\n<div class=\"wp-block-media-text alignwide is-stacked-on-mobile\"><figure class=\"wp-block-media-text__media\"><img loading=\"lazy\" decoding=\"async\" width=\"1024\" height=\"683\" src=\"https:\/\/blogs.fu-berlin.de\/frauenbeauftragte\/files\/2025\/03\/Blogbeitragsbild_Rahmen-Logo_dezentrale_F-G_BCP_RGB.jpg\" alt=\"\" class=\"wp-image-10209 size-full\" srcset=\"https:\/\/blogs.fu-berlin.de\/frauenbeauftragte\/files\/2025\/03\/Blogbeitragsbild_Rahmen-Logo_dezentrale_F-G_BCP_RGB.jpg 1024w, https:\/\/blogs.fu-berlin.de\/frauenbeauftragte\/files\/2025\/03\/Blogbeitragsbild_Rahmen-Logo_dezentrale_F-G_BCP_RGB-300x200.jpg 300w, https:\/\/blogs.fu-berlin.de\/frauenbeauftragte\/files\/2025\/03\/Blogbeitragsbild_Rahmen-Logo_dezentrale_F-G_BCP_RGB-768x512.jpg 768w\" sizes=\"auto, (max-width: 709px) 85vw, (max-width: 909px) 67vw, (max-width: 1362px) 62vw, 840px\" \/><\/figure><div class=\"wp-block-media-text__content\">\n<p><strong>Vorschlagsfrist 31. Mai 2025<\/strong> \u2013 F\u00fcr den erstmals ausgeschriebenen Preis f\u00fcr geschlechter- und diversit\u00e4tssensible AG-Leitung im Fachbereich Biologie, Chemie und Pharmazie (BCP) k\u00f6nnen alle AG-Mitglieder bis Ende Mai Hochschullehrer*innen ihres Faches nominieren. Ausgelobt wird der mit 1.000 Euro dotierte Preis von der Frauen- und Gleichstellungsbeauftragten des Fachbereichs BCP.<\/p>\n\n\n\n<!--more-->\n<\/div><\/div>\n\n\n\n<p>Mit dem Preis f\u00fcr geschlechter- und diversit\u00e4tssensible AG-Leitung in den F\u00e4chern Biologie, Chemie und Pharmazie m\u00f6chte die <a href=\"https:\/\/www.bcp.fu-berlin.de\/fachbereich\/frauen\/index.html\" target=\"_blank\" rel=\"noreferrer noopener\">Frauen- und Gleichstellungsbeauftragte des Fachbereichs<\/a>, Christine E\u00dfmann-Stern, ab 2025 j\u00e4hrlich Hochschullehrer*innen und wissenschaftliche Mitarbeiter*innen auszeichnen und f\u00f6rdern, die sich in besonderem Ma\u00dfe f\u00fcr Gender- und Diversit\u00e4tssensibilit\u00e4t in ihren Arbeitsgruppen engagiert haben.<\/p>\n\n\n\n<p>Nominierungen k\u00f6nnen mit Begr\u00fcndung bis zum 31. Mai von allen Mitarbeitenden und Studierenden einer der insgesamt 56 Arbeitsgruppen am Fachbereich eingereicht werden. F\u00fcr eingehende Vorschl\u00e4ge hat die dezentrale Frauen- und Gleichstellungsbeauftragte einen ausf\u00fchrlichen <a href=\"https:\/\/www.bcp.fu-berlin.de\/fachbereich\/frauen\/news\/Preis-fuer-gute-AG-Leitung-BCP.html\" target=\"_blank\" rel=\"noreferrer noopener\">Kriterienkatalog<\/a> zur Orientierung vorgelegt, der u.a. regelm\u00e4\u00dfige Feedbackgespr\u00e4che, geschlechterinklusive und diskriminierungskritische Sprache, familiengerechte Veranstaltungsplanung und eine aktive und konstruktive Betreuung in Qualifikationsphasen auff\u00fchrt.<\/p>\n\n\n\n<p>Die mit 1.000 Euro dotierte Auszeichnung wird voraussichtlich im Rahmen des BCP-Sommerfestes zusammen mit dem <a href=\"https:\/\/www.bcp.fu-berlin.de\/studium-lehre\/qualitaetssicherung\/preis-fuer-gute-lehre\/index.html\" target=\"_blank\" rel=\"noreferrer noopener\">Preis f\u00fcr gute Lehre<\/a> verliehen.<\/p>\n\n\n\n<hr class=\"wp-block-separator has-alpha-channel-opacity\" \/>\n\n\n\n<p class=\"has-medium-font-size\">Preis f\u00fcr geschlechter- und diversit\u00e4tssensible AG-Leitung im Fachbereich BCP<\/p>\n\n\n\n<ul class=\"wp-block-list\"><li><strong>Vorschlagsfrist:<\/strong>&nbsp;31.05.2025<\/li><li>Weitere <a href=\"https:\/\/www.bcp.fu-berlin.de\/fachbereich\/frauen\/news\/Preis-fuer-gute-AG-Leitung-BCP.html\" target=\"_blank\" rel=\"noreferrer noopener\">Informationen und Vergabekriterien<\/a><\/li><li><strong>Vorschl\u00e4ge an<\/strong>: <a href=\"mailto:frauenbeauftragte@bcp.fu-berlin.de\" target=\"_blank\" rel=\"noreferrer noopener\">frauenbeauftragte@bcp.fu-berlin.de<\/a> <\/li><li><strong>Kontakt:<\/strong> <a rel=\"noreferrer noopener\" href=\"https:\/\/www.bcp.fu-berlin.de\/fachbereich\/frauen\/index.html\" target=\"_blank\">Christine E\u00dfmann-Stern<\/a><\/li><\/ul>\n","protected":false},"excerpt":{"rendered":"<p>Vorschlagsfrist 31. Mai 2025 \u2013 F\u00fcr den erstmals ausgeschriebenen Preis f\u00fcr geschlechter- und diversit\u00e4tssensible AG-Leitung im Fachbereich Biologie, Chemie und Pharmazie (BCP) k\u00f6nnen alle AG-Mitglieder bis Ende Mai Hochschullehrer*innen ihres Faches nominieren. Ausgelobt wird der mit 1.000 Euro dotierte Preis von der Frauen- und Gleichstellungsbeauftragten des Fachbereichs BCP.<\/p>\n","protected":false},"author":6410,"featured_media":9561,"comment_status":"open","ping_status":"open","sticky":false,"template":"","format":"standard","meta":{"footnotes":""},"categories":[428608],"tags":[423731,305170,433674,437402],"class_list":["post-10191","post","type-post","status-publish","format-standard","has-post-thumbnail","hentry","category-informiert","tag-mintoring","tag-diversity","tag-genderkompetenz","tag-frauenbeauftragte"],"_links":{"self":[{"href":"https:\/\/blogs.fu-berlin.de\/frauenbeauftragte\/wp-json\/wp\/v2\/posts\/10191","targetHints":{"allow":["GET"]}}],"collection":[{"href":"https:\/\/blogs.fu-berlin.de\/frauenbeauftragte\/wp-json\/wp\/v2\/posts"}],"about":[{"href":"https:\/\/blogs.fu-berlin.de\/frauenbeauftragte\/wp-json\/wp\/v2\/types\/post"}],"author":[{"embeddable":true,"href":"https:\/\/blogs.fu-berlin.de\/frauenbeauftragte\/wp-json\/wp\/v2\/users\/6410"}],"replies":[{"embeddable":true,"href":"https:\/\/blogs.fu-berlin.de\/frauenbeauftragte\/wp-json\/wp\/v2\/comments?post=10191"}],"version-history":[{"count":15,"href":"https:\/\/blogs.fu-berlin.de\/frauenbeauftragte\/wp-json\/wp\/v2\/posts\/10191\/revisions"}],"predecessor-version":[{"id":10222,"href":"https:\/\/blogs.fu-berlin.de\/frauenbeauftragte\/wp-json\/wp\/v2\/posts\/10191\/revisions\/10222"}],"wp:featuredmedia":[{"embeddable":true,"href":"https:\/\/blogs.fu-berlin.de\/frauenbeauftragte\/wp-json\/wp\/v2\/media\/9561"}],"wp:attachment":[{"href":"https:\/\/blogs.fu-berlin.de\/frauenbeauftragte\/wp-json\/wp\/v2\/media?parent=10191"}],"wp:term":[{"taxonomy":"category","embeddable":true,"href":"https:\/\/blogs.fu-berlin.de\/frauenbeauftragte\/wp-json\/wp\/v2\/categories?post=10191"},{"taxonomy":"post_tag","embeddable":true,"href":"https:\/\/blogs.fu-berlin.de\/frauenbeauftragte\/wp-json\/wp\/v2\/tags?post=10191"}],"curies":[{"name":"wp","href":"https:\/\/api.w.org\/{rel}","templated":true}]}}