{"id":10245,"date":"2025-05-07T08:45:00","date_gmt":"2025-05-07T06:45:00","guid":{"rendered":"https:\/\/blogs.fu-berlin.de\/frauenbeauftragte\/?p=10245"},"modified":"2025-05-07T08:44:05","modified_gmt":"2025-05-07T06:44:05","slug":"marthe-vogt-preis-2025","status":"publish","type":"post","link":"https:\/\/blogs.fu-berlin.de\/frauenbeauftragte\/2025\/05\/07\/marthe-vogt-preis-2025\/","title":{"rendered":"Marthe-Vogt-Preis 2025"},"content":{"rendered":"\n<div class=\"wp-block-media-text alignwide is-stacked-on-mobile\"><figure class=\"wp-block-media-text__media\"><img loading=\"lazy\" decoding=\"async\" width=\"1024\" height=\"512\" src=\"https:\/\/blogs.fu-berlin.de\/frauenbeauftragte\/files\/2025\/04\/MVP2025_Signet_2zu3-1024x512.png\" alt=\"\" class=\"wp-image-10335 size-full\" srcset=\"https:\/\/blogs.fu-berlin.de\/frauenbeauftragte\/files\/2025\/04\/MVP2025_Signet_2zu3-1024x512.png 1024w, https:\/\/blogs.fu-berlin.de\/frauenbeauftragte\/files\/2025\/04\/MVP2025_Signet_2zu3-300x150.png 300w, https:\/\/blogs.fu-berlin.de\/frauenbeauftragte\/files\/2025\/04\/MVP2025_Signet_2zu3-768x384.png 768w, https:\/\/blogs.fu-berlin.de\/frauenbeauftragte\/files\/2025\/04\/MVP2025_Signet_2zu3.png 1064w\" sizes=\"auto, (max-width: 709px) 85vw, (max-width: 909px) 67vw, (max-width: 1362px) 62vw, 840px\" \/><\/figure><div class=\"wp-block-media-text__content\">\n<p><strong>Ausschreibungsfrist: 31. Mai 2025<\/strong> \u2013 F\u00fcr den diesj\u00e4hrigen <a rel=\"noreferrer noopener\" href=\"https:\/\/www.fv-berlin.de\/karriere\/marthe-vogt-preis\/\" target=\"_blank\">Marthe-Vogt-Preis<\/a> k\u00f6nnen noch bis Ende Mai Kandidatinnen vorgeschlagen werden. In Frage kommen Wissenschaftlerinnen, die in den letzten zwei Jahren eine mathematisch-naturwissenschaftliche Promotion an einer Hochschule oder einer Forschungseinrichtung in Berlin oder Brandenburg mit Pr\u00e4dikat abgeschlossen haben.<\/p>\n\n\n\n<!--more-->\n<\/div><\/div>\n\n\n\n<p>Mit dem Marthe-Vogt-Preis des <a rel=\"noreferrer noopener\" href=\"https:\/\/www.fv-berlin.de\/\" target=\"_blank\">Forschungsverbundes Berlin e.V.<\/a> (FVB) werden j\u00e4hrlich besondere Leistungen junger Wissenschaftlerinnen ausgezeichnet. Die mit 3.000 Euro dotierte Auszeichnung soll dazu beitragen, der Forschungst\u00e4tigkeit neue Impulse zu geben und den Anteil von Wissenschaftlerinnen in Forschung und Wissenschaft zu erh\u00f6hen. <\/p>\n\n\n\n<p>Seit 2001 vergibt der FVB, der Zusammenschluss aller Berliner Mitgliedsinstitute der Leibniz-Gemeinschaft, den Marthe-Vogt-Preis. Er w\u00fcrdigt die mit Pr\u00e4dikat abgeschlossene Promotion einer Nachwuchswissenschaftlerin in einem Forschungsgebiet, das von den Instituten des Forschungsverbundes bearbeitet wird. Dazu z\u00e4hlen Molekulare Pharmakologie, Strukturbiologie und Chemische Biologie, Neue Materialien, Gew\u00e4sser\u00f6kologie und Biodiversit\u00e4tsforschung, Biologie, Veterin\u00e4rmedizin und Umweltforschung, Nanomaterialien, Quantenmaterialien, Optoelektronik und Materialwissenschaften, Laserforschung und Licht-Materie-Wechselwirkung sowie Angewandte Mathematik. Die Dissertation oder Teile davon sollten in renommierten wissenschaftlichen Zeitschriften publiziert worden sein. Der Preis wird im Rahmen einer \u00f6ffentlichen Veranstaltung am 13. Oktober 2025 \u00fcbergeben.<\/p>\n\n\n\n<p class=\"has-medium-font-size\">Die Namensgeberin<\/p>\n\n\n\n<p>Namensgeberin des Preises ist <a rel=\"noreferrer noopener\" href=\"https:\/\/royalsocietypublishing.org\/doi\/pdf\/10.1098\/rsbm.2005.0027\" target=\"_blank\">Marthe Louise Vogt<\/a> (1903-2003), eine der f\u00fchrenden Neurowissenschaftler*innen und Pharmakolog*innen des 20. Jahrhunderts. W\u00e4hrend ihrer \u00fcber 50j\u00e4hrigen Forschungslaufbahn, zun\u00e4chst am Kaiser-Wilhelm-Institut f\u00fcr Hirnforschung in Berlin-Buch (heute Leibniz-Forschungsinstitut f\u00fcr Molekulare Pharmakologie), ebnete sie unter anderem den Weg f\u00fcr die pharmakologische Behandlung psychischer Erkrankungen. Gew\u00fcrdigt wird mit dem Preis nicht nur ihre Forschung, sondern auch ihre politische Haltung. Vogt war eine Gegnerin des Nationalsozialismus. 1935 verlie\u00df sie Deutschland und forschte in Gro\u00dfbritannien weiter.<\/p>\n\n\n<div class=\"wp-block-image\">\n<figure class=\"aligncenter size-large is-resized\"><img loading=\"lazy\" decoding=\"async\" src=\"https:\/\/blogs.fu-berlin.de\/frauenbeauftragte\/files\/2025\/04\/MVP2025_Slider_dt-1024x384.jpg\" alt=\"\" class=\"wp-image-10262\" width=\"512\" height=\"192\" srcset=\"https:\/\/blogs.fu-berlin.de\/frauenbeauftragte\/files\/2025\/04\/MVP2025_Slider_dt-1024x384.jpg 1024w, https:\/\/blogs.fu-berlin.de\/frauenbeauftragte\/files\/2025\/04\/MVP2025_Slider_dt-300x113.jpg 300w, https:\/\/blogs.fu-berlin.de\/frauenbeauftragte\/files\/2025\/04\/MVP2025_Slider_dt-768x288.jpg 768w, https:\/\/blogs.fu-berlin.de\/frauenbeauftragte\/files\/2025\/04\/MVP2025_Slider_dt-1536x576.jpg 1536w, https:\/\/blogs.fu-berlin.de\/frauenbeauftragte\/files\/2025\/04\/MVP2025_Slider_dt-2048x768.jpg 2048w, https:\/\/blogs.fu-berlin.de\/frauenbeauftragte\/files\/2025\/04\/MVP2025_Slider_dt-1200x450.jpg 1200w\" sizes=\"auto, (max-width: 512px) 85vw, 512px\" \/><figcaption><sub>Grafik: Anja Matzker | <\/sub><a rel=\"noreferrer noopener\" href=\"https:\/\/creativecommons.org\/licenses\/by\/4.0\/deed.en\" target=\"_blank\"><sub>CC BY 4.0<\/sub><\/a><\/figcaption><\/figure><\/div>\n\n\n<hr class=\"wp-block-separator has-css-opacity\" \/>\n\n\n\n<p class=\"has-medium-font-size\">Marthe-Vogt-Preis 2025 im \u00dcberblick<\/p>\n\n\n\n<ul class=\"wp-block-list\"><li><strong>Einsendeschluss:<\/strong> 31. Mai 2025<\/li><li><strong>Teilnahmeberechtigt:<\/strong> Nachwuchswissenschaftlerinnen, die eine herausragende Dissertation nach dem 31.05.2023 vorgelegt haben an einer Hochschule oder au\u00dferuniversit\u00e4ren Forschungseinrichtung im Raum Berlin und Brandenburg in einem der Arbeitsgebiete des Forschungsverbundes Berlin.<\/li><li><strong>Vorschlagsberechtigt<\/strong>: Habilitierte Fachbereichsmitglieder von Hochschulen, Direktor*innen au\u00dferuniversit\u00e4rer Forschungseinrichtungen in Berlin und Brandenburg.<\/li><li><a rel=\"noreferrer noopener\" href=\"https:\/\/www.fv-berlin.de\/fileadmin\/user_upload\/aktuelles\/marthe-vogt-preis\/Ausschreibung_Marthe-Vogt-Preis_FVB_2025.pdf\" target=\"_blank\"><strong>Ausschreibung<\/strong><\/a> und weitere <a rel=\"noreferrer noopener\" href=\"https:\/\/www.fv-berlin.de\/karriere\/marthe-vogt-preis\/\" target=\"_blank\">Informationen zum Antragsverfahren<\/a><\/li><li><strong>\u00d6ffentliche Veranstaltung zur diesj\u00e4hrigen Preisverleihung: <\/strong>13. Oktober 2025<\/li><\/ul>\n\n\n\n<hr class=\"wp-block-separator has-alpha-channel-opacity\" \/>\n","protected":false},"excerpt":{"rendered":"<p>Ausschreibungsfrist: 31. Mai 2025 \u2013 F\u00fcr den diesj\u00e4hrigen Marthe-Vogt-Preis k\u00f6nnen noch bis Ende Mai Kandidatinnen vorgeschlagen werden. In Frage kommen Wissenschaftlerinnen, die in den letzten zwei Jahren eine mathematisch-naturwissenschaftliche Promotion an einer Hochschule oder einer Forschungseinrichtung in Berlin oder Brandenburg mit Pr\u00e4dikat abgeschlossen haben.<\/p>\n","protected":false},"author":6410,"featured_media":3687,"comment_status":"open","ping_status":"open","sticky":false,"template":"","format":"standard","meta":{"footnotes":""},"categories":[428608],"tags":[423731,301208,437124],"class_list":["post-10245","post","type-post","status-publish","format-standard","has-post-thumbnail","hentry","category-informiert","tag-mintoring","tag-frauenfoerderung","tag-wissenschaftlerinnen"],"_links":{"self":[{"href":"https:\/\/blogs.fu-berlin.de\/frauenbeauftragte\/wp-json\/wp\/v2\/posts\/10245","targetHints":{"allow":["GET"]}}],"collection":[{"href":"https:\/\/blogs.fu-berlin.de\/frauenbeauftragte\/wp-json\/wp\/v2\/posts"}],"about":[{"href":"https:\/\/blogs.fu-berlin.de\/frauenbeauftragte\/wp-json\/wp\/v2\/types\/post"}],"author":[{"embeddable":true,"href":"https:\/\/blogs.fu-berlin.de\/frauenbeauftragte\/wp-json\/wp\/v2\/users\/6410"}],"replies":[{"embeddable":true,"href":"https:\/\/blogs.fu-berlin.de\/frauenbeauftragte\/wp-json\/wp\/v2\/comments?post=10245"}],"version-history":[{"count":20,"href":"https:\/\/blogs.fu-berlin.de\/frauenbeauftragte\/wp-json\/wp\/v2\/posts\/10245\/revisions"}],"predecessor-version":[{"id":10336,"href":"https:\/\/blogs.fu-berlin.de\/frauenbeauftragte\/wp-json\/wp\/v2\/posts\/10245\/revisions\/10336"}],"wp:featuredmedia":[{"embeddable":true,"href":"https:\/\/blogs.fu-berlin.de\/frauenbeauftragte\/wp-json\/wp\/v2\/media\/3687"}],"wp:attachment":[{"href":"https:\/\/blogs.fu-berlin.de\/frauenbeauftragte\/wp-json\/wp\/v2\/media?parent=10245"}],"wp:term":[{"taxonomy":"category","embeddable":true,"href":"https:\/\/blogs.fu-berlin.de\/frauenbeauftragte\/wp-json\/wp\/v2\/categories?post=10245"},{"taxonomy":"post_tag","embeddable":true,"href":"https:\/\/blogs.fu-berlin.de\/frauenbeauftragte\/wp-json\/wp\/v2\/tags?post=10245"}],"curies":[{"name":"wp","href":"https:\/\/api.w.org\/{rel}","templated":true}]}}