{"id":10320,"date":"2025-04-22T10:16:49","date_gmt":"2025-04-22T08:16:49","guid":{"rendered":"https:\/\/blogs.fu-berlin.de\/frauenbeauftragte\/?p=10320"},"modified":"2025-04-22T17:33:27","modified_gmt":"2025-04-22T15:33:27","slug":"vortrag-rassismus-an-der-hochschule","status":"publish","type":"post","link":"https:\/\/blogs.fu-berlin.de\/frauenbeauftragte\/2025\/04\/22\/vortrag-rassismus-an-der-hochschule\/","title":{"rendered":"Vortrag: Rassismus an der Hochschule"},"content":{"rendered":"\n<div class=\"wp-block-media-text alignwide is-stacked-on-mobile\"><figure class=\"wp-block-media-text__media\"><img loading=\"lazy\" decoding=\"async\" width=\"1024\" height=\"683\" src=\"https:\/\/blogs.fu-berlin.de\/frauenbeauftragte\/files\/2025\/04\/TupokeOgette\u00a9AlinaSchessler-98-scaled-Signatur-1024x683.png\" alt=\"\" class=\"wp-image-10376 size-full\" srcset=\"https:\/\/blogs.fu-berlin.de\/frauenbeauftragte\/files\/2025\/04\/TupokeOgette\u00a9AlinaSchessler-98-scaled-Signatur-1024x683.png 1024w, https:\/\/blogs.fu-berlin.de\/frauenbeauftragte\/files\/2025\/04\/TupokeOgette\u00a9AlinaSchessler-98-scaled-Signatur-300x200.png 300w, https:\/\/blogs.fu-berlin.de\/frauenbeauftragte\/files\/2025\/04\/TupokeOgette\u00a9AlinaSchessler-98-scaled-Signatur-768x512.png 768w, https:\/\/blogs.fu-berlin.de\/frauenbeauftragte\/files\/2025\/04\/TupokeOgette\u00a9AlinaSchessler-98-scaled-Signatur-1536x1025.png 1536w, https:\/\/blogs.fu-berlin.de\/frauenbeauftragte\/files\/2025\/04\/TupokeOgette\u00a9AlinaSchessler-98-scaled-Signatur-2048x1366.png 2048w, https:\/\/blogs.fu-berlin.de\/frauenbeauftragte\/files\/2025\/04\/TupokeOgette\u00a9AlinaSchessler-98-scaled-Signatur-1200x801.png 1200w\" sizes=\"auto, (max-width: 709px) 85vw, (max-width: 909px) 67vw, (max-width: 1362px) 62vw, 840px\" \/><\/figure><div class=\"wp-block-media-text__content\">\n<p><strong>Vortrag | 29. April 2025 | 18:00 &#8211; 19:00 Uhr<\/strong> <strong>\u2013<\/strong> Die Stabsstelle Diversity und Antidiskriminierung der Freien Universit\u00e4t l\u00e4dt ein zum Vortrag <a href=\"https:\/\/www.fu-berlin.de\/sites\/diversity\/termine\/2025\/Veranstaltungen-DIV\/250429-Vortrag-Ogette-Rassis.html\" target=\"_blank\" rel=\"noreferrer noopener\">\u201eRassismus an der Hochschule: Erkennen, Verstehen, Ver\u00e4ndern&#8220;<\/a>. Referentin ist die Autorin und Antirassismus-Trainerin Tupoka Ogette. Thema und Veranstaltung umrahmen die Einsetzung der Kommission f\u00fcr Diversity und Antidiskriminierung der FU, wie im Berliner Hochschulgesetz vorgesehen.<\/p>\n\n\n\n<!--more-->\n<\/div><\/div>\n\n\n\n<p><a rel=\"noreferrer noopener\" href=\"https:\/\/www.tupoka.de\/\" target=\"_blank\">Tupoka Ogettes<\/a> wohl bekanntestes Buch tr\u00e4gt den Titel <a href=\"https:\/\/unrast-verlag.de\/produkt\/exit-racism\/\" target=\"_blank\" rel=\"noreferrer noopener\">&#8222;Exit Racism&#8220;<\/a>. Darin beschreibt sie, wie Menschen lernen k\u00f6nnen, rassismuskritisch zu denken. In ihrem Vortrag &#8222;Rassismus an der Hochschule: Erkennen, Verstehen, Ver\u00e4ndern\u201c wirft sie einen kritischen Blick auf die Mechanismen des Alltagsrassismus und legt dar, wie Rassismus das universit\u00e4re Leben pr\u00e4gt. Sie zeigt auf, welche unsichtbaren Strukturen dabei eine Rolle spielen und welche ersten Schritte notwendig sind, um Rassismuskritik nachhaltig in der Hochschule zu verankern. <\/p>\n\n\n\n<p>Als Referentin und Beraterin zu den Themenbereichen Antirassismus, Diversity und Empowerment versucht Ogette zu ergr\u00fcnden, warum es so schwer f\u00e4llt \u00fcber Rassismus zu sprechen, welche Widerstandsmechanismen dabei wirken und wie diese \u00fcberwunden werden k\u00f6nnen. &#8222;Dieser Vortrag&#8220;, so die Ank\u00fcndigung, &#8222;l\u00e4dt alle ein, Verantwortung zu \u00fcbernehmen und den Weg zu einer gerechteren Bildungslandschaft mitzugestalten.&#8220;<\/p>\n\n\n\n<p class=\"has-medium-font-size\">Gesetzlicher Auftrag: Hochschule der Vielfalt<\/p>\n\n\n\n<p>Auf eine diskriminierungsfreie Bildung hinzuwirken und geeignete Strukturen daf\u00fcr aufzubauen &#8211; dazu sind die Hochschulen des Landes Berlin durch das Berliner Hochschulgesetz (BerlHG) seit der Novelle 2021 verpflichtet. Neben einer Beratungs- und Beschwerdestelle f\u00fcr die Anliegen der diskriminierungsfreien Hochschule (<a rel=\"noreferrer noopener\" href=\"https:\/\/gesetze.berlin.de\/bsbe\/document\/jlr-HSchulGBE2011V21P5b\" target=\"_blank\">\u00a7 5b BerlHG<\/a>) sieht der gesetzliche Auftrag eine Anlaufstelle vor, um die entsprechenden Aufgaben wahrzunehmen (<a rel=\"noreferrer noopener\" href=\"https:\/\/gesetze.berlin.de\/bsbe\/document\/jlr-HSchulGBE2011V23P59a\" target=\"_blank\">\u00a7 59a BerlHG<\/a>). Diese kann ein Gremium oder eine beauftragte Person sein. <\/p>\n\n\n\n<p class=\"has-medium-font-size\">Schrittweiser Aufbau der Diversity-Strukturen <\/p>\n\n\n\n<p>Die Freie Universit\u00e4t hat 2024 in ihrer <a rel=\"noreferrer noopener\" href=\"https:\/\/www.fu-berlin.de\/service\/zuvdocs\/amtsblatt\/2024\/ab032024.pdf\" target=\"_blank\">Antidiskriminierungssatzung<\/a> konkretisiert, wie sie ihre entsprechenden Strukturen ausgestaltet. Zun\u00e4chst wurden Diversity-Ansprechpersonen in allen Bereichen benannt, die gemeinsam das <a rel=\"noreferrer noopener\" href=\"https:\/\/www.fu-berlin.de\/sites\/diversity\/diversity-fu\/arbeitsstrukturen\/plenum\/index.html\" target=\"_blank\">Diversity-Plenum<\/a> bilden. Anfang 2023 wurde dann die <a rel=\"noreferrer noopener\" href=\"https:\/\/www.fu-berlin.de\/sites\/diversity\/index.html\" target=\"_blank\">Stabsstelle Diversity und Antidiskriminierung<\/a> eingerichtet. Am 15. April 2025 fand nun die konstituierende Sitzung der <a rel=\"noreferrer noopener\" href=\"https:\/\/www.fu-berlin.de\/sites\/diversity\/diversity-fu\/arbeitsstrukturen\/kommission\/index.html\" target=\"_blank\">Kommission f\u00fcr Diversity und Antidiskriminierung<\/a> statt. Qua Amt geh\u00f6ren ihr neben dem f\u00fcr Diversity zust\u00e4ndigen Pr\u00e4sidiumsmitglied verschiedene Beauftragte an, darunter auch die zentrale Frauen- und Gleichstellungsbeauftragte. <\/p>\n\n\n\n<p>Die zw\u00f6lf Mitglieder qua Benennung repr\u00e4sentieren die vier Mitgliedsgruppen der Hochschule und werden durch den Akademischen Senat benannt. Aus deren Kreis w\u00e4hlt die gesamte Kommission den*die Beauftragte*n f\u00fcr Diversity und Antidiskriminierung  gem\u00e4\u00df \u00a7 59a BerlHG. Die beauftragte Person f\u00fchrt den Vorsitz der Kommission und berichtet dem Akademischen Senat j\u00e4hrlich \u00fcber den Fortgang der Diversity-Arbeit an der Freien Universit\u00e4t. Der \u00f6ffentliche Vortrag von Tupoka Ogette begleitet den Auftakt der Kommission f\u00fcr Diversity und Antidiskriminierung, eines weiteren zentralen Elements der komplexen <a rel=\"noreferrer noopener\" href=\"https:\/\/www.fu-berlin.de\/sites\/diversity\/diversity-fu\/arbeitsstrukturen\/index.html\" target=\"_blank\">Diversity-Strukturen<\/a> der FU. Mit der k\u00fcnftigen Wahl der*des Beauftragten werden diese Arbeitsstrukturen vervollst\u00e4ndigt.<\/p>\n\n\n\n<hr class=\"wp-block-separator has-alpha-channel-opacity\" \/>\n\n\n\n<p class=\"has-medium-font-size\">Im \u00dcberblick<strong> <\/strong><\/p>\n\n\n\n<p><strong><a href=\"https:\/\/www.fu-berlin.de\/sites\/diversity\/termine\/2025\/Veranstaltungen-DIV\/250429-Vortrag-Ogette-Rassis.html\" target=\"_blank\" rel=\"noreferrer noopener\">Rassismus an der Hochschule: Erkennen, Verstehen, Ver\u00e4ndern<\/a><\/strong><\/p>\n\n\n\n<p><em>Vortrag<\/em>: <em>Tupoka Ogette<\/em><\/p>\n\n\n\n<p class=\"has-medium-font-size\">Zeit &amp; Ort<\/p>\n\n\n\n<ul class=\"wp-block-list\"><li>Dienstag, 29.04.2025 | 18:00 &#8211; 19:00 Uhr<\/li><li>Freie Universit\u00e4t Berlin <strong>| <\/strong>Henry-Ford-Bau <strong>| <\/strong>H\u00f6rsaal C <strong>| <\/strong><br>Garystra\u00dfe 35 <strong>| <\/strong> 14195 Berlin<\/li><li>Keine Anmeldung erforderlich<\/li><\/ul>\n\n\n<div class=\"wp-block-image\">\n<figure class=\"aligncenter size-full is-resized\"><img loading=\"lazy\" decoding=\"async\" src=\"https:\/\/blogs.fu-berlin.de\/frauenbeauftragte\/files\/2025\/04\/Poster-Vortrag-Ogette.png\" alt=\"\" class=\"wp-image-10322\" width=\"375\" height=\"529\" srcset=\"https:\/\/blogs.fu-berlin.de\/frauenbeauftragte\/files\/2025\/04\/Poster-Vortrag-Ogette.png 500w, https:\/\/blogs.fu-berlin.de\/frauenbeauftragte\/files\/2025\/04\/Poster-Vortrag-Ogette-213x300.png 213w\" sizes=\"auto, (max-width: 375px) 85vw, 375px\" \/><figcaption>Quelle: Stabsstelle Diversity und Antidiskriminierung<\/figcaption><\/figure><\/div>\n\n\n<hr class=\"wp-block-separator has-alpha-channel-opacity\" \/>\n\n\n\n<p>Weiterf\u00fchrende Links<\/p>\n\n\n\n<ul class=\"wp-block-list\"><li>Blogbeitrag zur Antidiskriminierungssatzung: <a rel=\"noreferrer noopener\" href=\"https:\/\/blogs.fu-berlin.de\/frauenbeauftragte\/2024\/04\/29\/neue-regelungen-fur-chancengleichheit-1\/\" target=\"_blank\">Neue Regelungen f\u00fcr Chancengleichheit (1)<\/a><\/li><li>Weitere <a rel=\"noreferrer noopener\" href=\"https:\/\/www.fu-berlin.de\/sites\/diversity\/termine\/index.html\" target=\"_blank\">Veranstaltungsangebote<\/a> der Stabsstelle Diversity und Antidiskriminierung<\/li><\/ul>\n","protected":false},"excerpt":{"rendered":"<p>Vortrag | 29. April 2025 | 18:00 &#8211; 19:00 Uhr \u2013 Die Stabsstelle Diversity und Antidiskriminierung der Freien Universit\u00e4t l\u00e4dt ein zum Vortrag \u201eRassismus an der Hochschule: Erkennen, Verstehen, Ver\u00e4ndern&#8220;. Referentin ist die Autorin und Antirassismus-Trainerin Tupoka Ogette. Thema und Veranstaltung umrahmen die Einsetzung der Kommission f\u00fcr Diversity und Antidiskriminierung der FU, wie im Berliner &hellip; <a href=\"https:\/\/blogs.fu-berlin.de\/frauenbeauftragte\/2025\/04\/22\/vortrag-rassismus-an-der-hochschule\/\" class=\"more-link\"><span class=\"screen-reader-text\">\u201eVortrag: Rassismus an der Hochschule\u201c<\/span> weiterlesen<\/a><\/p>\n","protected":false},"author":6410,"featured_media":10376,"comment_status":"open","ping_status":"open","sticky":false,"template":"","format":"standard","meta":{"footnotes":""},"categories":[428608,603],"tags":[305170,90487,2740],"class_list":["post-10320","post","type-post","status-publish","format-standard","has-post-thumbnail","hentry","category-informiert","category-vorgestellt","tag-diversity","tag-diskriminierung","tag-rassismus"],"_links":{"self":[{"href":"https:\/\/blogs.fu-berlin.de\/frauenbeauftragte\/wp-json\/wp\/v2\/posts\/10320","targetHints":{"allow":["GET"]}}],"collection":[{"href":"https:\/\/blogs.fu-berlin.de\/frauenbeauftragte\/wp-json\/wp\/v2\/posts"}],"about":[{"href":"https:\/\/blogs.fu-berlin.de\/frauenbeauftragte\/wp-json\/wp\/v2\/types\/post"}],"author":[{"embeddable":true,"href":"https:\/\/blogs.fu-berlin.de\/frauenbeauftragte\/wp-json\/wp\/v2\/users\/6410"}],"replies":[{"embeddable":true,"href":"https:\/\/blogs.fu-berlin.de\/frauenbeauftragte\/wp-json\/wp\/v2\/comments?post=10320"}],"version-history":[{"count":59,"href":"https:\/\/blogs.fu-berlin.de\/frauenbeauftragte\/wp-json\/wp\/v2\/posts\/10320\/revisions"}],"predecessor-version":[{"id":10409,"href":"https:\/\/blogs.fu-berlin.de\/frauenbeauftragte\/wp-json\/wp\/v2\/posts\/10320\/revisions\/10409"}],"wp:featuredmedia":[{"embeddable":true,"href":"https:\/\/blogs.fu-berlin.de\/frauenbeauftragte\/wp-json\/wp\/v2\/media\/10376"}],"wp:attachment":[{"href":"https:\/\/blogs.fu-berlin.de\/frauenbeauftragte\/wp-json\/wp\/v2\/media?parent=10320"}],"wp:term":[{"taxonomy":"category","embeddable":true,"href":"https:\/\/blogs.fu-berlin.de\/frauenbeauftragte\/wp-json\/wp\/v2\/categories?post=10320"},{"taxonomy":"post_tag","embeddable":true,"href":"https:\/\/blogs.fu-berlin.de\/frauenbeauftragte\/wp-json\/wp\/v2\/tags?post=10320"}],"curies":[{"name":"wp","href":"https:\/\/api.w.org\/{rel}","templated":true}]}}