{"id":10445,"date":"2025-04-30T09:45:57","date_gmt":"2025-04-30T07:45:57","guid":{"rendered":"https:\/\/blogs.fu-berlin.de\/frauenbeauftragte\/?p=10445"},"modified":"2025-06-23T18:50:09","modified_gmt":"2025-06-23T16:50:09","slug":"antrittsvortrag-zur-audre-lorde-gastprofessur","status":"publish","type":"post","link":"https:\/\/blogs.fu-berlin.de\/frauenbeauftragte\/2025\/04\/30\/antrittsvortrag-zur-audre-lorde-gastprofessur\/","title":{"rendered":"Antrittsvortrag zur Audre Lorde-Gastprofessur"},"content":{"rendered":"\n<div class=\"wp-block-media-text alignwide is-stacked-on-mobile\"><figure class=\"wp-block-media-text__media\"><img loading=\"lazy\" decoding=\"async\" width=\"749\" height=\"499\" src=\"https:\/\/blogs.fu-berlin.de\/frauenbeauftragte\/files\/2025\/04\/Prof-Angela-Akorsu-portrait.teaser.png\" alt=\"\" class=\"wp-image-10469 size-full\" srcset=\"https:\/\/blogs.fu-berlin.de\/frauenbeauftragte\/files\/2025\/04\/Prof-Angela-Akorsu-portrait.teaser.png 749w, https:\/\/blogs.fu-berlin.de\/frauenbeauftragte\/files\/2025\/04\/Prof-Angela-Akorsu-portrait.teaser-300x200.png 300w\" sizes=\"auto, (max-width: 709px) 85vw, (max-width: 909px) 67vw, (max-width: 984px) 61vw, (max-width: 1362px) 45vw, 600px\" \/><\/figure><div class=\"wp-block-media-text__content\">\n<p><strong>Veranstaltung | 6. Mai 2025 | 13:00\u201317:00 Uhr<\/strong> \u2013<a rel=\"noreferrer noopener\" href=\"https:\/\/directory.ucc.edu.gh\/p\/angela-dziedzom-akorsu\" target=\"_blank\"> Angela Dziedzom Akorsu<\/a> hat die 2025 an der Freien Universit\u00e4t angesiedelte <a rel=\"noreferrer noopener\" href=\"https:\/\/www.berlin-university-alliance.de\/commitments\/diversity\/audre-lorde\/index.html\" target=\"_blank\">Audre Lorde-Gastprofessur<\/a> inne. Sie ist Professorin der University of Cape Coast und h\u00e4lt im Rahmen der DiGENet Dialogues ihren Antrittsvortrag zum Thema \u201eGender Division of Labour, Women\u2019s Work and the Sustainability Question: The Case of Ghana\u201c.<\/p>\n\n\n\n<!--more-->\n<\/div><\/div>\n\n\n\n<p>Das&nbsp;Diversity and Gender Equality Network&nbsp;(<a href=\"https:\/\/www.berlin-university-alliance.de\/commitments\/diversity\/index.html\" target=\"_blank\" rel=\"noreferrer noopener\">DiGENet<\/a>)&nbsp;der Berlin University Alliance (BUA) l\u00e4dt zur <a href=\"https:\/\/www.berlin-university-alliance.de\/commitments\/diversity\/digenet\/15_-Treffen-des-Diversity-and-Gender-Equality-Network-_DiGENet_-am-06_-Mai-2025.html\" target=\"_blank\" rel=\"noreferrer noopener\">15. DiGENet Netzwerkveranstaltung<\/a> ein. \u201eSustainable Synergies: Uniting Gender, Diversity, and Global South Voices\u201c ist das Thema der DiGENet Dialogues Anfang Mai. <\/p>\n\n\n<div class=\"wp-block-image\">\n<figure class=\"alignright size-full\"><img loading=\"lazy\" decoding=\"async\" width=\"275\" height=\"183\" src=\"https:\/\/blogs.fu-berlin.de\/frauenbeauftragte\/files\/2024\/04\/Unbenannt-3-zu-2.jpg\" alt=\"\" class=\"wp-image-8395\" \/><\/figure><\/div>\n\n\n<p>Den Auftakt der Veranstaltung bildet der Antrittsvortrag von Angela Dziedzom Akorsu, Professorin an der University of Cape Coast, den sie anl\u00e4sslich der Audre Lorde-Gastprofessur h\u00e4lt. In ihrem Vortrag spricht sie zu \u201eGender Division of Labour, Women\u2019s Work and the Sustainability Question: The Case of Ghana\u201c.<\/p>\n\n\n\n<p class=\"has-medium-font-size\">Audre Lorde-Gastprofessur am OSI<\/p>\n\n\n\n<p>Die diesj\u00e4hrige Audre Lorde-Gastprofessur<em> <\/em>ist im Sommersemester 2025 an der Freien Universit\u00e4t angesiedelt: am <a href=\"https:\/\/www.polsoz.fu-berlin.de\/polwiss\/forschung\/grundlagen\/gender-div\/index.html\" target=\"_blank\" rel=\"noreferrer noopener\">Arbeitsbereich Gender und Diversity<\/a> des Otto-Suhr-Instituts f\u00fcr Politikwissenschaft. Mit dieser Gastprofessur verfolgt die BUA das Ziel, die Diversit\u00e4ts- und Geschlechterforschung in der Berliner Forschungslandschaft sichtbarer zu machen und f\u00fcr eine breitere Debatte zu \u00f6ffnen. <\/p>\n\n\n\n<p class=\"has-medium-font-size\">Die Namensgeberin<\/p>\n\n\n\n<p>Die Audre Lorde-BUA-Guestprofessorship for Intersectional Diversity Studies wurde 2021 vom DiGENet eingerichtet. Benannt ist sie nach der karibisch-amerikanischen Schriftstellerin, Bibliothekswissenschaftlerin und Anglistik-Professorin Audre Lorde (1934-1992). Lorde war Gastprofessorin an der FU und zwischen 1984 und 1992 immer wieder f\u00fcr l\u00e4ngere Aufenthalte in Berlin. Umfangreiche Materialien zum Leben und Wirken von Audre Lorde haben das John-F.-Kennedy-Institut f\u00fcr Nordamerikastudien und das Universit\u00e4tsarchiv der FU im <a rel=\"noreferrer noopener\" href=\"https:\/\/www.jfki.fu-berlin.de\/library\/holdings\/audrelorde\/index.html\" target=\"_blank\">Digitalen Audre-Lorde-Archiv<\/a> erschlossen. <\/p>\n\n\n\n<hr class=\"wp-block-separator has-alpha-channel-opacity\" \/>\n\n\n\n<p class=\"has-medium-font-size\">Im \u00dcberblick<\/p>\n\n\n\n<p><strong>DiGENet Dialogues: Sustainable Synergies: Uniting Gender, Diversity, and Global South Voices<\/strong><\/p>\n\n\n\n<ul class=\"wp-block-list\"><li>Veranstaltungssprache:&nbsp;Englisch<\/li><li>Anmeldung: <a href=\"mailto:DiGENet@berlin-university-alliance.de\" target=\"_blank\" rel=\"noreferrer noopener\">DiGENet@berlin-university-alliance.de<\/a><\/li><\/ul>\n\n\n\n<p class=\"has-medium-font-size\">Zeit &amp; Ort<\/p>\n\n\n\n<ul class=\"wp-block-list\"><li>Dienstag, 06.05.2025 |&nbsp;13:00\u201317:00 Uhr<\/li><li>Humboldt-Universit\u00e4t zu Berlin <strong>|<\/strong> Festsaal <strong>|<\/strong> Luisenstra\u00dfe 56 <strong>|<\/strong> 10115 Berlin<\/li><\/ul>\n\n\n\n<p class=\"has-medium-font-size\">Kontakt <\/p>\n\n\n\n<ul class=\"wp-block-list\"><li>Christian Richter, Referent Diversity and Gender Equality Network (DiGENet)<\/li><li>E-Mail:&nbsp;<a href=\"mailto:christian.richter@berlin-university-alliance.de\" target=\"_blank\" rel=\"noreferrer noopener\">christian.richter@berlin-university-alliance.de<\/a><\/li><\/ul>\n\n\n\n<hr class=\"wp-block-separator has-alpha-channel-opacity\" \/>\n\n\n\n<p>Die Ausschreibung f\u00fcr die <a rel=\"noreferrer noopener\" href=\"https:\/\/www.berlin-university-alliance.de\/commitments\/diversity\/audre-lorde\/index.html\" target=\"_blank\">Audre Lorde Visiting Professorship for Intersectional Diversity Studies 2026<\/a> ist bereits ge\u00f6ffnet. DiGENet-Mitglieder k\u00f6nnen bis zum&nbsp;28. Mai 2025&nbsp;Nominierungsvorschl\u00e4ge zur Besetzung der Gastprofessur an der Technischen Universit\u00e4t Berlin einreichen.<\/p>\n","protected":false},"excerpt":{"rendered":"<p>Veranstaltung | 6. Mai 2025 | 13:00\u201317:00 Uhr \u2013 Angela Dziedzom Akorsu hat die 2025 an der Freien Universit\u00e4t angesiedelte Audre Lorde-Gastprofessur inne. Sie ist Professorin der University of Cape Coast und h\u00e4lt im Rahmen der DiGENet Dialogues ihren Antrittsvortrag zum Thema \u201eGender Division of Labour, Women\u2019s Work and the Sustainability Question: The Case of &hellip; <a href=\"https:\/\/blogs.fu-berlin.de\/frauenbeauftragte\/2025\/04\/30\/antrittsvortrag-zur-audre-lorde-gastprofessur\/\" class=\"more-link\"><span class=\"screen-reader-text\">\u201eAntrittsvortrag zur Audre Lorde-Gastprofessur\u201c<\/span> weiterlesen<\/a><\/p>\n","protected":false},"author":6410,"featured_media":10468,"comment_status":"open","ping_status":"open","sticky":false,"template":"","format":"standard","meta":{"footnotes":""},"categories":[428608],"tags":[305170,57446,303556],"class_list":["post-10445","post","type-post","status-publish","format-standard","has-post-thumbnail","hentry","category-informiert","tag-diversity","tag-geschlechterforschung","tag-intersektionalitaet"],"_links":{"self":[{"href":"https:\/\/blogs.fu-berlin.de\/frauenbeauftragte\/wp-json\/wp\/v2\/posts\/10445","targetHints":{"allow":["GET"]}}],"collection":[{"href":"https:\/\/blogs.fu-berlin.de\/frauenbeauftragte\/wp-json\/wp\/v2\/posts"}],"about":[{"href":"https:\/\/blogs.fu-berlin.de\/frauenbeauftragte\/wp-json\/wp\/v2\/types\/post"}],"author":[{"embeddable":true,"href":"https:\/\/blogs.fu-berlin.de\/frauenbeauftragte\/wp-json\/wp\/v2\/users\/6410"}],"replies":[{"embeddable":true,"href":"https:\/\/blogs.fu-berlin.de\/frauenbeauftragte\/wp-json\/wp\/v2\/comments?post=10445"}],"version-history":[{"count":24,"href":"https:\/\/blogs.fu-berlin.de\/frauenbeauftragte\/wp-json\/wp\/v2\/posts\/10445\/revisions"}],"predecessor-version":[{"id":10476,"href":"https:\/\/blogs.fu-berlin.de\/frauenbeauftragte\/wp-json\/wp\/v2\/posts\/10445\/revisions\/10476"}],"wp:featuredmedia":[{"embeddable":true,"href":"https:\/\/blogs.fu-berlin.de\/frauenbeauftragte\/wp-json\/wp\/v2\/media\/10468"}],"wp:attachment":[{"href":"https:\/\/blogs.fu-berlin.de\/frauenbeauftragte\/wp-json\/wp\/v2\/media?parent=10445"}],"wp:term":[{"taxonomy":"category","embeddable":true,"href":"https:\/\/blogs.fu-berlin.de\/frauenbeauftragte\/wp-json\/wp\/v2\/categories?post=10445"},{"taxonomy":"post_tag","embeddable":true,"href":"https:\/\/blogs.fu-berlin.de\/frauenbeauftragte\/wp-json\/wp\/v2\/tags?post=10445"}],"curies":[{"name":"wp","href":"https:\/\/api.w.org\/{rel}","templated":true}]}}