{"id":10487,"date":"2025-06-06T11:57:41","date_gmt":"2025-06-06T09:57:41","guid":{"rendered":"https:\/\/blogs.fu-berlin.de\/frauenbeauftragte\/?p=10487"},"modified":"2025-06-06T12:07:37","modified_gmt":"2025-06-06T10:07:37","slug":"nachhaltig-geschlechtergerecht-in-die-zukunft","status":"publish","type":"post","link":"https:\/\/blogs.fu-berlin.de\/frauenbeauftragte\/2025\/06\/06\/nachhaltig-geschlechtergerecht-in-die-zukunft\/","title":{"rendered":"Nachhaltig geschlechtergerecht in die Zukunft"},"content":{"rendered":"\n<div class=\"wp-block-media-text alignwide is-stacked-on-mobile\"><figure class=\"wp-block-media-text__media\"><img loading=\"lazy\" decoding=\"async\" width=\"1024\" height=\"768\" src=\"https:\/\/blogs.fu-berlin.de\/frauenbeauftragte\/files\/2025\/06\/mizanur-rahman-DVswRFgp2_Q-unsplash-1024x768.jpg\" alt=\"\" class=\"wp-image-10490 size-full\" srcset=\"https:\/\/blogs.fu-berlin.de\/frauenbeauftragte\/files\/2025\/06\/mizanur-rahman-DVswRFgp2_Q-unsplash-1024x768.jpg 1024w, https:\/\/blogs.fu-berlin.de\/frauenbeauftragte\/files\/2025\/06\/mizanur-rahman-DVswRFgp2_Q-unsplash-300x225.jpg 300w, https:\/\/blogs.fu-berlin.de\/frauenbeauftragte\/files\/2025\/06\/mizanur-rahman-DVswRFgp2_Q-unsplash-768x576.jpg 768w, https:\/\/blogs.fu-berlin.de\/frauenbeauftragte\/files\/2025\/06\/mizanur-rahman-DVswRFgp2_Q-unsplash-1536x1152.jpg 1536w, https:\/\/blogs.fu-berlin.de\/frauenbeauftragte\/files\/2025\/06\/mizanur-rahman-DVswRFgp2_Q-unsplash-1200x900.jpg 1200w, https:\/\/blogs.fu-berlin.de\/frauenbeauftragte\/files\/2025\/06\/mizanur-rahman-DVswRFgp2_Q-unsplash.jpg 1920w\" sizes=\"auto, (max-width: 709px) 85vw, (max-width: 909px) 67vw, (max-width: 1362px) 62vw, 840px\" \/><\/figure><div class=\"wp-block-media-text__content\">\n<p><strong>FUturist Midterm Event: 19. Juni 2025 | 14:00-18:00 Uhr<\/strong> <strong>|<\/strong> Auch in diesem Jahr f\u00f6rdert die Freie Universit\u00e4t f\u00fcnf Projekte zu sozialer und \u00f6kologischer Nachhaltigkeit auf dem Campus, darunter zwei Projekte zu Diversit\u00e4t und Gleichstellung. Das <a href=\"https:\/\/www.fu-berlin.de\/sites\/nachhaltigkeit\/stabsstelle\/kommunikation\/aktuelles\/250602_f4event.html\" target=\"_blank\" rel=\"noreferrer noopener\">Midterm Event<\/a> l\u00e4dt dazu ein, die Projektideen n\u00e4her kennenzulernen. <\/p>\n\n\n\n<!--more-->\n<\/div><\/div>\n\n\n\n<p>Seit 2022 f\u00f6rdert die Freie Universit\u00e4t mit der Ausschreibung <a rel=\"noreferrer noopener\" href=\"https:\/\/www.fu-berlin.de\/sites\/nachhaltigkeit\/stabsstelle\/Innovationsmanagement\/Futurist\/faq1\/index.html\" target=\"_blank\">FUturist<\/a> j\u00e4hrlich neuartige Ideen f\u00fcr sozial-\u00f6kologische Ver\u00e4nderungen, die positiv in Lehre, Forschung, Verwaltung oder auf den Campus wirken. Beim Midterm Event stellen die pr\u00e4mierten Projekte ihre Zwischenergebnisse vor. Ein Workshop-Programm und ein Get-Together mit Musik und Snacks auf der Dachterrasse der Holzlaube begleiten die Veranstaltung. <\/p>\n\n\n\n<p>Neben Projekten zu Themen wie nachhaltige Mobilit\u00e4t, Biodiversit\u00e4t und \u00d6kologie sind unter den <a rel=\"noreferrer noopener\" href=\"https:\/\/www.fu-berlin.de\/sites\/nachhaltigkeit\/stabsstelle\/Innovationsmanagement\/Futurist\/preistraeger25\/index.html\" target=\"_blank\">Preistr\u00e4ger*innen 2025<\/a> auch zwei Projekte, die sich sozialen Nachhaltigkeitszielen wie Geschlechtergerechtigkeit und einer friedlichen, inklusiven Gesellschaft widmen.<\/p>\n\n\n\n<p class=\"has-medium-font-size\">FLINTA-Personen in der Physik sichtbar machen<\/p>\n\n\n\n<p>Der Name des gef\u00f6rderten Projekts <a rel=\"noreferrer noopener\" href=\"https:\/\/www.fu-berlin.de\/sites\/nachhaltigkeit\/stabsstelle\/Innovationsmanagement\/Futurist\/preistraeger25\/flinta1\/index.html\" target=\"_blank\">FUFLINTA\u03a6<\/a> ist Programm: Langfristiges Ziel ist es, mehr Frauen und FLINTA-Personen (Frauen, Lesben, intergeschlechtliche, nicht-bin\u00e4re und trans und agender Personen) f\u00fcr die Physik zu begeistern und deren Sichtbarkeit zu erh\u00f6hen. In dem Projekt haben sich drei Wissenschaftler*innen mit Schwerpunkt Physikdidaktik zusammengeschlossen: Eva Glomski, wissenschaftliche Mitarbeiterin an der FU, Prof. Dr. Marcus Kubsch, Juniorprofessor der Physikdidaktik an der FU, und Prof.\u2018in Dr. Lisa Stinken-R\u00f6sner, Professorin f\u00fcr Physik und ihre Didaktik an der Universit\u00e4t Bielefeld. Der griechische Buchstabe Phi (\u03a6) in der Projektbezeichnung wird als allgemeines Zeichen f\u00fcr die Physik verwendet. <\/p>\n\n\n\n<p>FUFLINTA\u03a6 adressiert Studierende, um sie zu bef\u00e4higen, aktiv zur F\u00f6rderung von Geschlechtergerechtigkeit und Diversit\u00e4t beizutragen und eine inklusive Wissenschaftskultur zu etablieren. Im Sommersemester leitet das 2025 Seminar \u201eScience Identity im Physik- und Naturwissenschaftsunterricht f\u00f6rdern\u201c Studierende an, Frauen in der Wissenschaft sichtbarer zu machen und die Verbindung zur science identity herzustellen.<\/p>\n\n\n\n<p class=\"has-medium-font-size\">Demokratie durch Wissenschaftskommunikation st\u00e4rken<\/p>\n\n\n\n<p>Das pr\u00e4mierte Lehrprojekt <a rel=\"noreferrer noopener\" href=\"https:\/\/www.fu-berlin.de\/sites\/nachhaltigkeit\/stabsstelle\/Innovationsmanagement\/Futurist\/preistraeger25\/wirksam1\/index.html\" target=\"_blank\">Nachhaltig WIRksam<\/a> l\u00e4dt Studierende unterschiedlicher Fachbereiche  dazu ein, wissenschaftsbasierte Kommunikationsstrategien zu erproben, um eigene Erkenntnisse und Lernprozesse \u00fcber den akademischen Kontext hinaus vermitteln und den gesellschaftlichen Diskurs mitpr\u00e4gen zu k\u00f6nnen. Dr. Jana Gerlach, Mitarbeiterin in der Toolbox Gender und Diversity in der Lehre, und Dr. Sabina Garc\u00eda Peter, zust\u00e4ndig f\u00fcr Wissenschaftskommunikation am <a href=\"https:\/\/www.mvbz.fu-berlin.de\/index.html\" target=\"_blank\" rel=\"noreferrer noopener\">Margherita-von-Brentano-Zentrum f\u00fcr Geschlechterforschung<\/a>, bieten des Lehrprojekt im Rahmen des ABV-Bereichs Gender &amp; Diversity-Kompetenz an. <\/p>\n\n\n\n<p>Das Seminar hat zum Ziel, den Zusammenhang von Demokratiekrise und gruppenfeindlichen Narrativen zu analysieren und kommunikative Gegenstrategien zu entwickeln. Als Seminarprodukt sollen konkrete Formate der Wissenschaftskommunikation, wie Comics, Videos oder Podcasts, erstellt werden. Diese werden anschlie\u00dfend in die <a rel=\"noreferrer noopener\" href=\"https:\/\/www.genderdiversitylehre.fu-berlin.de\/index.html\" target=\"_blank\">Toolbox Gender und Diversity in der Lehre <\/a>integriert und so Lehrenden und weiteren Interessierten langfristig verf\u00fcgbar gemacht.<\/p>\n\n\n\n<hr class=\"wp-block-separator has-alpha-channel-opacity\" \/>\n\n\n\n<p class=\"has-medium-font-size\">Zeit &amp; Ort<\/p>\n\n\n\n<ul class=\"wp-block-list\"><li>Donnerstag, 19. Juni 2025 | 14:00 Uhr<\/li><li>Freie Universit\u00e4t Berlin | Holzlaube | Fabeckstr. 23\/25 | 14195 Berlin | Raum 2.2059 und 2.2058<\/li><li>kostenfrei<\/li><li>Um <a href=\"https:\/\/www.fu-berlin.de\/sites\/nachhaltigkeit\/stabsstelle\/Innovationsmanagement\/PM-Anmeldung\/index.html\">Anmeldung<\/a> wird gebeten<\/li><li><a rel=\"noreferrer noopener\" href=\"https:\/\/www.fu-berlin.de\/sites\/nachhaltigkeit\/stabsstelle\/kommunikation\/aktuelles\/250602_f4event.html\" target=\"_blank\">Weitere Informationen<\/a><\/li><li>Sprache: Deutsch<\/li><\/ul>\n\n\n\n<hr class=\"wp-block-separator has-alpha-channel-opacity\" \/>\n\n\n\n<figure class=\"wp-block-image size-large\"><img loading=\"lazy\" decoding=\"async\" width=\"724\" height=\"1024\" src=\"https:\/\/blogs.fu-berlin.de\/frauenbeauftragte\/files\/2025\/06\/plakatmidterm25-724x1024.jpg\" alt=\"\" class=\"wp-image-10493\" srcset=\"https:\/\/blogs.fu-berlin.de\/frauenbeauftragte\/files\/2025\/06\/plakatmidterm25-724x1024.jpg 724w, https:\/\/blogs.fu-berlin.de\/frauenbeauftragte\/files\/2025\/06\/plakatmidterm25-212x300.jpg 212w, https:\/\/blogs.fu-berlin.de\/frauenbeauftragte\/files\/2025\/06\/plakatmidterm25-768x1086.jpg 768w, https:\/\/blogs.fu-berlin.de\/frauenbeauftragte\/files\/2025\/06\/plakatmidterm25-1086x1536.jpg 1086w, https:\/\/blogs.fu-berlin.de\/frauenbeauftragte\/files\/2025\/06\/plakatmidterm25-1448x2048.jpg 1448w, https:\/\/blogs.fu-berlin.de\/frauenbeauftragte\/files\/2025\/06\/plakatmidterm25-1200x1697.jpg 1200w, https:\/\/blogs.fu-berlin.de\/frauenbeauftragte\/files\/2025\/06\/plakatmidterm25.jpg 1655w\" sizes=\"auto, (max-width: 709px) 85vw, (max-width: 909px) 67vw, (max-width: 984px) 61vw, (max-width: 1362px) 45vw, 600px\" \/><\/figure>\n\n\n\n<hr class=\"wp-block-separator has-alpha-channel-opacity\" \/>\n","protected":false},"excerpt":{"rendered":"<p>FUturist Midterm Event: 19. Juni 2025 | 14:00-18:00 Uhr | Auch in diesem Jahr f\u00f6rdert die Freie Universit\u00e4t f\u00fcnf Projekte zu sozialer und \u00f6kologischer Nachhaltigkeit auf dem Campus, darunter zwei Projekte zu Diversit\u00e4t und Gleichstellung. Das Midterm Event l\u00e4dt dazu ein, die Projektideen n\u00e4her kennenzulernen.<\/p>\n","protected":false},"author":3850,"featured_media":10490,"comment_status":"open","ping_status":"open","sticky":false,"template":"","format":"standard","meta":{"footnotes":""},"categories":[428608],"tags":[423731,305170,433454,367,433674,233545,1358],"class_list":["post-10487","post","type-post","status-publish","format-standard","has-post-thumbnail","hentry","category-informiert","tag-mintoring","tag-diversity","tag-gleichstellungspolitik","tag-lehre","tag-genderkompetenz","tag-studierende","tag-demokratie"],"_links":{"self":[{"href":"https:\/\/blogs.fu-berlin.de\/frauenbeauftragte\/wp-json\/wp\/v2\/posts\/10487","targetHints":{"allow":["GET"]}}],"collection":[{"href":"https:\/\/blogs.fu-berlin.de\/frauenbeauftragte\/wp-json\/wp\/v2\/posts"}],"about":[{"href":"https:\/\/blogs.fu-berlin.de\/frauenbeauftragte\/wp-json\/wp\/v2\/types\/post"}],"author":[{"embeddable":true,"href":"https:\/\/blogs.fu-berlin.de\/frauenbeauftragte\/wp-json\/wp\/v2\/users\/3850"}],"replies":[{"embeddable":true,"href":"https:\/\/blogs.fu-berlin.de\/frauenbeauftragte\/wp-json\/wp\/v2\/comments?post=10487"}],"version-history":[{"count":9,"href":"https:\/\/blogs.fu-berlin.de\/frauenbeauftragte\/wp-json\/wp\/v2\/posts\/10487\/revisions"}],"predecessor-version":[{"id":10499,"href":"https:\/\/blogs.fu-berlin.de\/frauenbeauftragte\/wp-json\/wp\/v2\/posts\/10487\/revisions\/10499"}],"wp:featuredmedia":[{"embeddable":true,"href":"https:\/\/blogs.fu-berlin.de\/frauenbeauftragte\/wp-json\/wp\/v2\/media\/10490"}],"wp:attachment":[{"href":"https:\/\/blogs.fu-berlin.de\/frauenbeauftragte\/wp-json\/wp\/v2\/media?parent=10487"}],"wp:term":[{"taxonomy":"category","embeddable":true,"href":"https:\/\/blogs.fu-berlin.de\/frauenbeauftragte\/wp-json\/wp\/v2\/categories?post=10487"},{"taxonomy":"post_tag","embeddable":true,"href":"https:\/\/blogs.fu-berlin.de\/frauenbeauftragte\/wp-json\/wp\/v2\/tags?post=10487"}],"curies":[{"name":"wp","href":"https:\/\/api.w.org\/{rel}","templated":true}]}}