{"id":10553,"date":"2025-06-27T09:00:00","date_gmt":"2025-06-27T07:00:00","guid":{"rendered":"https:\/\/blogs.fu-berlin.de\/frauenbeauftragte\/?p=10553"},"modified":"2025-07-11T10:42:58","modified_gmt":"2025-07-11T08:42:58","slug":"einladung-feierlicher-amtsantritt-2","status":"publish","type":"post","link":"https:\/\/blogs.fu-berlin.de\/frauenbeauftragte\/2025\/06\/27\/einladung-feierlicher-amtsantritt-2\/","title":{"rendered":"Einladung: Feierlicher Amtsantritt"},"content":{"rendered":"\n<div class=\"wp-block-media-text alignwide is-stacked-on-mobile\"><figure class=\"wp-block-media-text__media\"><img loading=\"lazy\" decoding=\"async\" width=\"1024\" height=\"683\" src=\"https:\/\/blogs.fu-berlin.de\/frauenbeauftragte\/files\/2024\/08\/14009413-1024x683_Quelle.jpg\" alt=\"\" class=\"wp-image-9348 size-full\" srcset=\"https:\/\/blogs.fu-berlin.de\/frauenbeauftragte\/files\/2024\/08\/14009413-1024x683_Quelle.jpg 1024w, https:\/\/blogs.fu-berlin.de\/frauenbeauftragte\/files\/2024\/08\/14009413-1024x683_Quelle-300x200.jpg 300w, https:\/\/blogs.fu-berlin.de\/frauenbeauftragte\/files\/2024\/08\/14009413-1024x683_Quelle-768x512.jpg 768w\" sizes=\"auto, (max-width: 709px) 85vw, (max-width: 909px) 67vw, (max-width: 1362px) 62vw, 840px\" \/><\/figure><div class=\"wp-block-media-text__content\">\n<p><strong>10. Juli 2025 | 14:00-15:30 Uhr<\/strong> | <strong>Frauen- und Gleichstellungsbeauftragte neu im Amt: <\/strong>Begr\u00fc\u00dfen Sie mit der Ersten Vizepr\u00e4sidentin Verena Blechinger-Talcott und dem Team geschlechter*gerecht neu gew\u00e4hlte Kolleginnen im Amt und erfahren Sie mehr \u00fcber Gleichstellung an der Freien Universit\u00e4t. Um <a rel=\"noreferrer noopener\" href=\"https:\/\/www.fu-berlin.de\/sites\/frauenbeauftragte\/Veranstaltungen\/2025-feierlicher-amtsantritt\/PM-Amtsantritt-Anmeldung\/index.html\" target=\"_blank\">Anmeldung<\/a> bis zum 30. Juni wird gebeten.<\/p>\n\n\n\n<!--more-->\n<\/div><\/div>\n\n\n\n<p>Auch in den letzten zw\u00f6lf Monaten wurden in diversen Fachbereichen, Zentralinstituten und -einrichtungen sowie Servicestellen Frauen- und Gleichstellungsbeauftragte neu gew\u00e4hlt. Langj\u00e4hrig engagierte Kolleginnen scheiden aus dem Amt, viele stehen am Beginn einer weiteren Amtszeit, einige treten das Amt erstmalig an. In den Fachbereichen sind zum ersten Mal zwei Stellvertreterinnen gew\u00e4hlt worden. Wir nehmen den Amtsantritt zum Anlass, \u00fcber Gleichstellung an der Freien Universit\u00e4t zu informieren und auf die neu gew\u00e4hlten wie auf die scheidenden Amtskolleginnen anzusto\u00dfen.<\/p>\n\n\n\n<p>Kommen Sie mit Frauen- und Gleichstellungsbeauftragten ins Gespr\u00e4ch, erfahren Sie, was Ehemalige aus ihrer Amtszeit berichten, und lernen Sie Gleichstellungsinteressierte aus der gesamten Universit\u00e4t kennen. Geben Sie dem <a rel=\"noreferrer noopener\" href=\"https:\/\/www.theater-ohne-probe.de\/\" target=\"_blank\">Theater ohne Probe<\/a><em> <\/em>Impulse, zum Thema Gleichstellung zu improvisieren, und lassen Sie sich von dieser kreativen Herangehensweise inspirieren.  Ob aus Wissenschaft, Studium und Lehre, Technik, Service und Verwaltung \u2013 alle Interessierten sind herzlich willkommen sich bei Sekt und Selters, Kaffee und Kuchen auszutauschen und zu vernetzen.<\/p>\n\n\n\n<hr class=\"wp-block-separator has-alpha-channel-opacity\" \/>\n\n\n\n<p class=\"has-medium-font-size\">Programm<\/p>\n\n\n\n<figure class=\"wp-block-table aligncenter\"><table><tbody><tr><td>Begr\u00fc\u00dfung<\/td><td><strong>Dr. Corinna Tomberger<\/strong>, zentrale Frauen- und Gleichstellungsbeauftragte<\/td><\/tr><tr><td>R\u00fcckblick <\/td><td><strong>Brigitte Reysen-Kostudis<\/strong>, Frauen- und Gleichstellungsbeauftragte, ZE Studienberatung und Psychologische Beratung, bis 2024<\/td><\/tr><tr><td>R\u00fcckblick <\/td><td><strong>Prof. Constance Scharff Ph.D.<\/strong>, Stellvertretende Frauen- und Gleichstellungsbeauftragte, Fachbereich Biologie, Chemie, Pharmazie, bis 2025<\/td><\/tr><tr><td>Amtseinf\u00fchrung der neu gew\u00e4hlten Frauen- und Gleichstellungsbeauftragten<\/td><td><strong>Prof. Dr. Verena Blechinger-Talcott<\/strong>, Erste Vizepr\u00e4sidentin <\/td><\/tr><tr><td>Theater ohne Probe<\/td><td><strong>Thomas J\u00e4kel<\/strong>,<strong> Uta M. Walter<\/strong><\/td><\/tr><\/tbody><\/table><\/figure>\n\n\n\n<hr class=\"wp-block-separator has-alpha-channel-opacity\" \/>\n\n\n\n<p>Der Amtsantritt der Frauen- und Gleichstellungsbeauftragten (FGB) und Stellvertreterinnen (Stv.) folgender Bereiche wird mit der Veranstaltung gew\u00fcrdigt:<\/p>\n\n\n\n<ul class=\"wp-block-list\"><li>Fachbereich Biologie, Chemie, Pharmazie (FGB, Stv.)<\/li><li>Fachbereich Mathematik und Informatik (FGB, Stv.)<\/li><li>Fachbereich Politik- und Sozialwissenschaften (FGB, Stv.)<\/li><li>Fachbereich Wirtschaftswissenschaft (FGB, Stv.)<\/li><li>Lateinamerika-Institut&nbsp;(FGB, Stv.)<\/li><li>Osteuropa-Institut (Stv.)<\/li><li>ZE Dahlem Research School (FGB, Stv.)<\/li><li>ZE Studienberatung und Psychologische Beratung (FGB)<\/li><li>Zentrale Universit\u00e4tsverwaltung (FGB, Stv.)<\/li><li>Zentrale Frauen- und Gleichstellungsbeauftragte (Stv.)<\/li><\/ul>\n\n\n\n<hr class=\"wp-block-separator has-alpha-channel-opacity\" \/>\n\n\n\n<p class=\"has-medium-font-size\">Zeit &amp; Ort<\/p>\n\n\n\n<ul class=\"wp-block-list\"><li>10.07.2025 | 14:00 &#8211; 15:30 Uhr <\/li><li>Freie Universit\u00e4t Berlin | Henry-Ford-Bau | Zwischengeschoss | Garystr. 35 | 14195 Berlin (barrierefrei)<\/li><li>Veranstaltet von Team geschlechter*gerecht in Kooperation mit der Ersten Vizepr\u00e4sidentin<\/li><li><a rel=\"noreferrer noopener\" href=\"https:\/\/www.fu-berlin.de\/sites\/frauenbeauftragte\/Veranstaltungen\/2025-feierlicher-amtsantritt\/index.html\" target=\"_blank\"><strong>Einladung<\/strong><\/a><\/li><li><strong><a rel=\"noreferrer noopener\" href=\"https:\/\/www.fu-berlin.de\/sites\/frauenbeauftragte\/Veranstaltungen\/2025-feierlicher-amtsantritt\/PM-Amtsantritt-Anmeldung\/index.html\" target=\"_blank\">Anmeldung<\/a><\/strong> erbeten bis zum 30. Juni 2025<\/li><\/ul>\n\n\n\n<p>Bitte beachten Sie, dass im Rahmen der Veranstaltung Fotos f\u00fcr die \u00d6ffentlichkeitsarbeit gemacht werden. <\/p>\n\n\n\n<hr class=\"wp-block-separator has-alpha-channel-opacity\" \/>\n","protected":false},"excerpt":{"rendered":"<p>10. Juli 2025 | 14:00-15:30 Uhr | Frauen- und Gleichstellungsbeauftragte neu im Amt: Begr\u00fc\u00dfen Sie mit der Ersten Vizepr\u00e4sidentin Verena Blechinger-Talcott und dem Team geschlechter*gerecht neu gew\u00e4hlte Kolleginnen im Amt und erfahren Sie mehr \u00fcber Gleichstellung an der Freien Universit\u00e4t. Um Anmeldung bis zum 30. Juni wird gebeten.<\/p>\n","protected":false},"author":3850,"featured_media":9348,"comment_status":"open","ping_status":"open","sticky":false,"template":"","format":"standard","meta":{"footnotes":""},"categories":[428608],"tags":[433454,437402],"class_list":["post-10553","post","type-post","status-publish","format-standard","has-post-thumbnail","hentry","category-informiert","tag-gleichstellungspolitik","tag-frauenbeauftragte"],"_links":{"self":[{"href":"https:\/\/blogs.fu-berlin.de\/frauenbeauftragte\/wp-json\/wp\/v2\/posts\/10553","targetHints":{"allow":["GET"]}}],"collection":[{"href":"https:\/\/blogs.fu-berlin.de\/frauenbeauftragte\/wp-json\/wp\/v2\/posts"}],"about":[{"href":"https:\/\/blogs.fu-berlin.de\/frauenbeauftragte\/wp-json\/wp\/v2\/types\/post"}],"author":[{"embeddable":true,"href":"https:\/\/blogs.fu-berlin.de\/frauenbeauftragte\/wp-json\/wp\/v2\/users\/3850"}],"replies":[{"embeddable":true,"href":"https:\/\/blogs.fu-berlin.de\/frauenbeauftragte\/wp-json\/wp\/v2\/comments?post=10553"}],"version-history":[{"count":19,"href":"https:\/\/blogs.fu-berlin.de\/frauenbeauftragte\/wp-json\/wp\/v2\/posts\/10553\/revisions"}],"predecessor-version":[{"id":10620,"href":"https:\/\/blogs.fu-berlin.de\/frauenbeauftragte\/wp-json\/wp\/v2\/posts\/10553\/revisions\/10620"}],"wp:featuredmedia":[{"embeddable":true,"href":"https:\/\/blogs.fu-berlin.de\/frauenbeauftragte\/wp-json\/wp\/v2\/media\/9348"}],"wp:attachment":[{"href":"https:\/\/blogs.fu-berlin.de\/frauenbeauftragte\/wp-json\/wp\/v2\/media?parent=10553"}],"wp:term":[{"taxonomy":"category","embeddable":true,"href":"https:\/\/blogs.fu-berlin.de\/frauenbeauftragte\/wp-json\/wp\/v2\/categories?post=10553"},{"taxonomy":"post_tag","embeddable":true,"href":"https:\/\/blogs.fu-berlin.de\/frauenbeauftragte\/wp-json\/wp\/v2\/tags?post=10553"}],"curies":[{"name":"wp","href":"https:\/\/api.w.org\/{rel}","templated":true}]}}