{"id":10572,"date":"2025-07-04T10:36:07","date_gmt":"2025-07-04T08:36:07","guid":{"rendered":"https:\/\/blogs.fu-berlin.de\/frauenbeauftragte\/?p=10572"},"modified":"2025-07-04T11:03:30","modified_gmt":"2025-07-04T09:03:30","slug":"geschlechterforschung-vernetzt-intersektional","status":"publish","type":"post","link":"https:\/\/blogs.fu-berlin.de\/frauenbeauftragte\/2025\/07\/04\/geschlechterforschung-vernetzt-intersektional\/","title":{"rendered":"Geschlechterforschung: vernetzt &amp; intersektional"},"content":{"rendered":"\n<div class=\"wp-block-media-text alignwide is-stacked-on-mobile\"><figure class=\"wp-block-media-text__media\"><img loading=\"lazy\" decoding=\"async\" width=\"1024\" height=\"683\" src=\"https:\/\/blogs.fu-berlin.de\/frauenbeauftragte\/files\/2025\/06\/MvBZ_Logo_RGB_2024_2_3-1024x683.png\" alt=\"\" class=\"wp-image-10523 size-full\" srcset=\"https:\/\/blogs.fu-berlin.de\/frauenbeauftragte\/files\/2025\/06\/MvBZ_Logo_RGB_2024_2_3-1024x683.png 1024w, https:\/\/blogs.fu-berlin.de\/frauenbeauftragte\/files\/2025\/06\/MvBZ_Logo_RGB_2024_2_3-300x200.png 300w, https:\/\/blogs.fu-berlin.de\/frauenbeauftragte\/files\/2025\/06\/MvBZ_Logo_RGB_2024_2_3-768x512.png 768w, https:\/\/blogs.fu-berlin.de\/frauenbeauftragte\/files\/2025\/06\/MvBZ_Logo_RGB_2024_2_3.png 1182w\" sizes=\"auto, (max-width: 709px) 85vw, (max-width: 909px) 67vw, (max-width: 1362px) 62vw, 840px\" \/><\/figure><div class=\"wp-block-media-text__content\">\n<p><strong>Mitgliederversammlung &amp; Vortrag: 14. Juli 2025 | 16:00-18:00h &amp; 18:00-20:00h<\/strong> &#8211; Das Margherita-von-Brentano-Zentrum (MvBZ) l\u00e4dt zur Mitgliedschaft und zu seiner <a rel=\"noreferrer noopener\" href=\"https:\/\/www.mvbz.fu-berlin.de\/termine\/20250714_mitgliederversammlung.html\" target=\"_blank\">ersten Mitgliederversammlung<\/a> ein. Im Anschluss h\u00e4lt Angela Akorsu, internationale Audre Lorde-Gastprofessorin der Berlin University Alliance an der FU, eine \u00f6ffentliche Keynote in englischer Sprache.<\/p>\n\n\n\n<!--more-->\n<\/div><\/div>\n\n\n<div class=\"wp-block-image\">\n<figure class=\"alignright size-full is-resized\"><img loading=\"lazy\" decoding=\"async\" src=\"https:\/\/blogs.fu-berlin.de\/frauenbeauftragte\/files\/2025\/06\/termine_250714_mitgliederversammlung_mvbz.png\" alt=\"\" class=\"wp-image-10573\" width=\"250\" height=\"250\" srcset=\"https:\/\/blogs.fu-berlin.de\/frauenbeauftragte\/files\/2025\/06\/termine_250714_mitgliederversammlung_mvbz.png 500w, https:\/\/blogs.fu-berlin.de\/frauenbeauftragte\/files\/2025\/06\/termine_250714_mitgliederversammlung_mvbz-300x300.png 300w, https:\/\/blogs.fu-berlin.de\/frauenbeauftragte\/files\/2025\/06\/termine_250714_mitgliederversammlung_mvbz-150x150.png 150w\" sizes=\"auto, (max-width: 250px) 85vw, 250px\" \/><\/figure><\/div>\n\n\n<p>Geschlechterforschung findet in vielen Fachbereichen und Zentralinstituten der Freien Universit\u00e4t statt. Das MvBZ bietet allen FU-Forschenden, die sich mit Themen und Methoden der Geschlechterforschung besch\u00e4ftigen, von nun an eine Mitgliedschaft an. Ziel dieser neuen Struktur ist es, den Austausch und die forschungsorientierte Vernetzung zu bef\u00f6rdern. Weiterhin wird zuk\u00fcnftig ein f\u00e4cher\u00fcbergreifendes Doktorand*innen-Colloquium in der Geschlechterforschung angeboten. Um den Anschub interdisziplin\u00e4rer Projekte zu f\u00f6rdern, ist ein Seed Money Programm vorgesehen.<\/p>\n\n\n\n<p>An die erste Mitgliederversammlung des MvBZ schlie\u00dft sich eine \u00f6ffentliche Keynote von Prof. Angela Dziedzom Akorsu unter dem Titel <a rel=\"noreferrer noopener\" href=\"https:\/\/www.mvbz.fu-berlin.de\/termine\/20250714_keynote.html\" target=\"_blank\">&#8222;Confronting Epistemic Injustices in Academia: The Role of Gender Studies Centers&#8220;<\/a> an. Akorsu forscht und lehrt von April bis Oktober 2025 als <a rel=\"noreferrer noopener\" href=\"https:\/\/www.polsoz.fu-berlin.de\/polwiss\/forschung\/grundlagen\/gender-div\/team\/Gastprofessor-innen\/Angela_Akorsu\/index.html\" target=\"_blank\">Audre Lorde-Gastprofessorin<\/a> f\u00fcr Intersectional Diversity Studies an der Freien Universit\u00e4t. Sie ist Dekanin der School for Development Studies und Associate Professorin of Labour and Gender Studies an der University of Cape Coast in Ghana. Die internationale Gastprofessur, die Akorsu innehat, wird j\u00e4hrlich vom <a rel=\"noreferrer noopener\" href=\"https:\/\/www.berlin-university-alliance.de\/commitments\/diversity\/digenet\/index.html\" target=\"_blank\">Diversity and Gender Equality Network (DiGENet)<\/a> der Berlin University Alliance vergeben.<\/p>\n\n\n\n<hr class=\"wp-block-separator has-alpha-channel-opacity\" \/>\n\n\n\n<p class=\"has-medium-font-size\">Zeit &amp; Ort<\/p>\n\n\n\n<ul class=\"wp-block-list\"><li>Montag, 14. Juli 2025 | 16:00-18:00h &amp; 18:00-20:00h<\/li><li>Freie Universit\u00e4t Berlin | Seminarzentrum Raum L 116 | Silberlaube (Erdgeschoss) | Otto-von-Simson-Str. 26 | 14195 Berlin<\/li><li>kostenfrei<\/li><li>Anmeldung <a rel=\"noreferrer noopener\" href=\"https:\/\/www.mvbz.fu-berlin.de\/termine\/250714_mvbz-mitgliederversammlung_keynote\/PM-anmeldung_mitgliederversammlung_keynote\" data-type=\"URL\" target=\"_blank\">Mitgliederversammlung<\/a> | <a rel=\"noreferrer noopener\" href=\"https:\/\/www.mvbz.fu-berlin.de\/termine\/anmeldung_keynote_akorsu\/PM-anmeldung_keynote_akorsu\/index.html\" target=\"_blank\">Keynote<\/a><\/li><li>Weitere Informationen zur <a rel=\"noreferrer noopener\" href=\"https:\/\/www.mvbz.fu-berlin.de\/termine\/20250714_mitgliederversammlung.html\" data-type=\"URL\" target=\"_blank\">Mitgliederversammlung<\/a><\/li><li>Keynote in englischer Sprache<\/li><\/ul>\n\n\n\n<hr class=\"wp-block-separator has-alpha-channel-opacity\" \/>\n\n\n<div class=\"wp-block-image\">\n<figure class=\"aligncenter size-full is-resized\"><img loading=\"lazy\" decoding=\"async\" src=\"https:\/\/blogs.fu-berlin.de\/frauenbeauftragte\/files\/2025\/06\/termine_250714_keynote.png\" alt=\"\" class=\"wp-image-10575\" width=\"500\" height=\"500\" srcset=\"https:\/\/blogs.fu-berlin.de\/frauenbeauftragte\/files\/2025\/06\/termine_250714_keynote.png 500w, https:\/\/blogs.fu-berlin.de\/frauenbeauftragte\/files\/2025\/06\/termine_250714_keynote-300x300.png 300w, https:\/\/blogs.fu-berlin.de\/frauenbeauftragte\/files\/2025\/06\/termine_250714_keynote-150x150.png 150w\" sizes=\"auto, (max-width: 500px) 85vw, 500px\" \/><\/figure><\/div>\n\n\n<hr class=\"wp-block-separator has-alpha-channel-opacity\" \/>\n","protected":false},"excerpt":{"rendered":"<p>Mitgliederversammlung &amp; Vortrag: 14. Juli 2025 | 16:00-18:00h &amp; 18:00-20:00h &#8211; Das Margherita-von-Brentano-Zentrum (MvBZ) l\u00e4dt zur Mitgliedschaft und zu seiner ersten Mitgliederversammlung ein. Im Anschluss h\u00e4lt Angela Akorsu, internationale Audre Lorde-Gastprofessorin der Berlin University Alliance an der FU, eine \u00f6ffentliche Keynote in englischer Sprache.<\/p>\n","protected":false},"author":3850,"featured_media":10521,"comment_status":"open","ping_status":"open","sticky":false,"template":"","format":"standard","meta":{"footnotes":""},"categories":[428608],"tags":[305170,57446,303556],"class_list":["post-10572","post","type-post","status-publish","format-standard","has-post-thumbnail","hentry","category-informiert","tag-diversity","tag-geschlechterforschung","tag-intersektionalitaet"],"_links":{"self":[{"href":"https:\/\/blogs.fu-berlin.de\/frauenbeauftragte\/wp-json\/wp\/v2\/posts\/10572","targetHints":{"allow":["GET"]}}],"collection":[{"href":"https:\/\/blogs.fu-berlin.de\/frauenbeauftragte\/wp-json\/wp\/v2\/posts"}],"about":[{"href":"https:\/\/blogs.fu-berlin.de\/frauenbeauftragte\/wp-json\/wp\/v2\/types\/post"}],"author":[{"embeddable":true,"href":"https:\/\/blogs.fu-berlin.de\/frauenbeauftragte\/wp-json\/wp\/v2\/users\/3850"}],"replies":[{"embeddable":true,"href":"https:\/\/blogs.fu-berlin.de\/frauenbeauftragte\/wp-json\/wp\/v2\/comments?post=10572"}],"version-history":[{"count":21,"href":"https:\/\/blogs.fu-berlin.de\/frauenbeauftragte\/wp-json\/wp\/v2\/posts\/10572\/revisions"}],"predecessor-version":[{"id":10610,"href":"https:\/\/blogs.fu-berlin.de\/frauenbeauftragte\/wp-json\/wp\/v2\/posts\/10572\/revisions\/10610"}],"wp:featuredmedia":[{"embeddable":true,"href":"https:\/\/blogs.fu-berlin.de\/frauenbeauftragte\/wp-json\/wp\/v2\/media\/10521"}],"wp:attachment":[{"href":"https:\/\/blogs.fu-berlin.de\/frauenbeauftragte\/wp-json\/wp\/v2\/media?parent=10572"}],"wp:term":[{"taxonomy":"category","embeddable":true,"href":"https:\/\/blogs.fu-berlin.de\/frauenbeauftragte\/wp-json\/wp\/v2\/categories?post=10572"},{"taxonomy":"post_tag","embeddable":true,"href":"https:\/\/blogs.fu-berlin.de\/frauenbeauftragte\/wp-json\/wp\/v2\/tags?post=10572"}],"curies":[{"name":"wp","href":"https:\/\/api.w.org\/{rel}","templated":true}]}}