{"id":10646,"date":"2025-07-31T12:02:58","date_gmt":"2025-07-31T10:02:58","guid":{"rendered":"https:\/\/blogs.fu-berlin.de\/frauenbeauftragte\/?p=10646"},"modified":"2025-09-15T13:32:19","modified_gmt":"2025-09-15T11:32:19","slug":"pride-flaggen-an-zwei-hochschulen-zerstoert","status":"publish","type":"post","link":"https:\/\/blogs.fu-berlin.de\/frauenbeauftragte\/2025\/07\/31\/pride-flaggen-an-zwei-hochschulen-zerstoert\/","title":{"rendered":"Pride-Flaggen an Berliner Hochschulen zerst\u00f6rt"},"content":{"rendered":"\n<div class=\"wp-block-media-text alignwide is-stacked-on-mobile\"><figure class=\"wp-block-media-text__media\"><img loading=\"lazy\" decoding=\"async\" width=\"1024\" height=\"684\" src=\"https:\/\/blogs.fu-berlin.de\/frauenbeauftragte\/files\/2025\/07\/fup-24-134-pride-month.Bernd-Wannenmacher-003-1024x684.png\" alt=\"\" class=\"wp-image-10650 size-full\" srcset=\"https:\/\/blogs.fu-berlin.de\/frauenbeauftragte\/files\/2025\/07\/fup-24-134-pride-month.Bernd-Wannenmacher-003-1024x684.png 1024w, https:\/\/blogs.fu-berlin.de\/frauenbeauftragte\/files\/2025\/07\/fup-24-134-pride-month.Bernd-Wannenmacher-003-300x200.png 300w, https:\/\/blogs.fu-berlin.de\/frauenbeauftragte\/files\/2025\/07\/fup-24-134-pride-month.Bernd-Wannenmacher-003-768x513.png 768w, https:\/\/blogs.fu-berlin.de\/frauenbeauftragte\/files\/2025\/07\/fup-24-134-pride-month.Bernd-Wannenmacher-003-1536x1025.png 1536w, https:\/\/blogs.fu-berlin.de\/frauenbeauftragte\/files\/2025\/07\/fup-24-134-pride-month.Bernd-Wannenmacher-003-1200x801.png 1200w, https:\/\/blogs.fu-berlin.de\/frauenbeauftragte\/files\/2025\/07\/fup-24-134-pride-month.Bernd-Wannenmacher-003.png 2000w\" sizes=\"auto, (max-width: 709px) 85vw, (max-width: 909px) 67vw, (max-width: 1362px) 62vw, 840px\" \/><\/figure><div class=\"wp-block-media-text__content\">\n<p>In einer <a rel=\"noreferrer noopener\" href=\"https:\/\/www.lakof-berlin.de\/publikationen\/statement-pride-flagge_290725.pdf\" target=\"_blank\">gemeinsamen Stellungnahme<\/a> verurteilen die Landeskonferenz der Frauen- und Gleichstellungsbeauftragten (<a rel=\"noreferrer noopener\" href=\"https:\/\/www.lakof-berlin.de\/_aktuelles\/pride-statement.html\" target=\"_blank\">LakoF<\/a>) und die Landeskonferenz der Rektor*innen und Pr\u00e4sident*innen der Berliner Hochschulen (<a rel=\"noreferrer noopener\" href=\"https:\/\/www.lkrp-berlin.de\/aktuelles\/250729-pride-flaggen-an-hochschulen-zerstoert\/index.html\" target=\"_blank\">LKRP<\/a>) die Zerst\u00f6rung von Pride-Flaggen an zwei Berliner Hochschulen. Die Flagge steht f\u00fcr Solidarit\u00e4t mit queeren Communities und setzt ein Zeichen gegen jede Form der Diskriminierung.<\/p>\n\n\n\n<!--more-->\n<\/div><\/div>\n\n\n\n<p>Auch an der <a rel=\"noreferrer noopener\" href=\"https:\/\/www.fu-berlin.de\/campusleben\/campus\/2025\/250626-hissen-prideflag\/index.html\" target=\"_blank\">Freien Universit\u00e4t<\/a> und anderen Berliner Hochschulen wehte in den letzten Wochen die Pride-Flagge. An der <a rel=\"noreferrer noopener\" href=\"https:\/\/www.khsb-berlin.de\/hochschule\/service\/nachrichten\/prideflaggen-zerstoert-statement-der-lakof-und-der-lkrp.html\" target=\"_blank\">Katholischen Hochschule f\u00fcr Sozialwesen<\/a> und der <a rel=\"noreferrer noopener\" href=\"https:\/\/www.instagram.com\/p\/DL-HVQAsCaA\/?utm_source=ig_embed\" target=\"_blank\">Hochschule f\u00fcr Schauspielkunst Ernst Busch <\/a>wurden die Pride-Flaggen abgerissen, besch\u00e4digt und zerst\u00f6rt. Dazu haben die LakoF und die LKRP eine gemeinsame Stellungnahme abgegeben, die wir an dieser Stelle im Wortlaut ver\u00f6ffentlichen:<\/p>\n\n\n\n<p class=\"has-medium-font-size\">Pride-Flaggen an Hochschulen zerst\u00f6rt<\/p>\n\n\n\n<p>An zwei Berliner Hochschulen wurden Pride-Flaggen und -Banner in den letzten Wochen abgerissen und zerst\u00f6rt. Hochschulangeh\u00f6rige, die sich einmischten, wurden angefeindet und beleidigt. Solche Angriffe sind nicht hinnehmbar! Gleichzeitig zeigen sie uns, dass wir noch enger zusammenstehen und unsere Werte verteidigen m\u00fcssen: Die Berliner Hochschulen stehen f\u00fcr Vielfalt und sind Orte der Freiheit, des Austauschs und der Demokratie. Hass und Ausgrenzung haben an den Berliner Hochschulen keinen Platz und werden konsequent verfolgt.<\/p>\n\n\n\n<blockquote class=\"wp-block-quote is-layout-flow wp-block-quote-is-layout-flow\"><p>\u201eSolche Angriffe sind nicht hinnehmbar!\u201c<\/p><cite>Stellungnahme der LakoF und der LKRP<\/cite><\/blockquote>\n\n\n\n<p>An den Berliner Hochschulen werden seit vielen Jahren regelm\u00e4\u00dfig im Sommer die Regenbogen- bzw. Pride-Flaggen gehisst, um zu Toleranz und Respekt aufzurufen gegen\u00fcber der Selbstbestimmung in der Geschlechtsidentit\u00e4t und sexuellen Orientierung und als Positionierung gegen die zunehmenden Angriffe auf queere Menschen. Wir sind entsetzt, dass auch im Zuge der aktuellen bundesweiten Debatten zur Pride-Flagge in unserer Gesellschaft eine Gewaltbereitschaft entstanden ist, die zur Zerst\u00f6rung dieses Symbols f\u00fcr Vielfalt gef\u00fchrt hat.<\/p>\n\n\n\n<p>Die Berliner Hochschulen haben in den letzten Jahren Grundordnungen erg\u00e4nzt, Satzungen erarbeitet und ihr Beratungsangebot ausgebaut, um ihrer Aufgabe nach Berliner Hochschulgesetz \u00a7 5b, Diskriminierungen zu verhindern und zu beseitigen, noch besser gerecht zu werden. Weitere rechtliche Grundlagen unseres Handelns sind das Allgemeine Gleichstellungsgesetz AGG, das Landesgleichstellungsgesetz und das Landesantidiskriminierungsgesetz LADG und das Gesetz zur F\u00f6rderung der Partizipation in der Migrationsgesellschaft PartMigG. Die Pride-Flaggen, die in den letzten Wochen an vielen H\u00e4usern gehisst wurden, stehen f\u00fcr die Solidarit\u00e4t mit queeren Communities an unseren Hochschulen.<\/p>\n","protected":false},"excerpt":{"rendered":"<p>In einer gemeinsamen Stellungnahme verurteilen die Landeskonferenz der Frauen- und Gleichstellungsbeauftragten (LakoF) und die Landeskonferenz der Rektor*innen und Pr\u00e4sident*innen der Berliner Hochschulen (LKRP) die Zerst\u00f6rung von Pride-Flaggen an zwei Berliner Hochschulen. Die Flagge steht f\u00fcr Solidarit\u00e4t mit queeren Communities und setzt ein Zeichen gegen jede Form der Diskriminierung.<\/p>\n","protected":false},"author":6410,"featured_media":10650,"comment_status":"open","ping_status":"open","sticky":false,"template":"","format":"standard","meta":{"footnotes":""},"categories":[428608,424297],"tags":[305170,215230,90487,1358],"class_list":["post-10646","post","type-post","status-publish","format-standard","has-post-thumbnail","hentry","category-informiert","category-positionen","tag-diversity","tag-gewalt","tag-diskriminierung","tag-demokratie"],"_links":{"self":[{"href":"https:\/\/blogs.fu-berlin.de\/frauenbeauftragte\/wp-json\/wp\/v2\/posts\/10646","targetHints":{"allow":["GET"]}}],"collection":[{"href":"https:\/\/blogs.fu-berlin.de\/frauenbeauftragte\/wp-json\/wp\/v2\/posts"}],"about":[{"href":"https:\/\/blogs.fu-berlin.de\/frauenbeauftragte\/wp-json\/wp\/v2\/types\/post"}],"author":[{"embeddable":true,"href":"https:\/\/blogs.fu-berlin.de\/frauenbeauftragte\/wp-json\/wp\/v2\/users\/6410"}],"replies":[{"embeddable":true,"href":"https:\/\/blogs.fu-berlin.de\/frauenbeauftragte\/wp-json\/wp\/v2\/comments?post=10646"}],"version-history":[{"count":12,"href":"https:\/\/blogs.fu-berlin.de\/frauenbeauftragte\/wp-json\/wp\/v2\/posts\/10646\/revisions"}],"predecessor-version":[{"id":10941,"href":"https:\/\/blogs.fu-berlin.de\/frauenbeauftragte\/wp-json\/wp\/v2\/posts\/10646\/revisions\/10941"}],"wp:featuredmedia":[{"embeddable":true,"href":"https:\/\/blogs.fu-berlin.de\/frauenbeauftragte\/wp-json\/wp\/v2\/media\/10650"}],"wp:attachment":[{"href":"https:\/\/blogs.fu-berlin.de\/frauenbeauftragte\/wp-json\/wp\/v2\/media?parent=10646"}],"wp:term":[{"taxonomy":"category","embeddable":true,"href":"https:\/\/blogs.fu-berlin.de\/frauenbeauftragte\/wp-json\/wp\/v2\/categories?post=10646"},{"taxonomy":"post_tag","embeddable":true,"href":"https:\/\/blogs.fu-berlin.de\/frauenbeauftragte\/wp-json\/wp\/v2\/tags?post=10646"}],"curies":[{"name":"wp","href":"https:\/\/api.w.org\/{rel}","templated":true}]}}