{"id":10662,"date":"2025-08-08T12:36:25","date_gmt":"2025-08-08T10:36:25","guid":{"rendered":"https:\/\/blogs.fu-berlin.de\/frauenbeauftragte\/?p=10662"},"modified":"2026-02-13T14:26:25","modified_gmt":"2026-02-13T13:26:25","slug":"treibende-kraefte-und-brueckenbauerinnen","status":"publish","type":"post","link":"https:\/\/blogs.fu-berlin.de\/frauenbeauftragte\/2025\/08\/08\/treibende-kraefte-und-brueckenbauerinnen\/","title":{"rendered":"&#8222;Treibende Kr\u00e4fte und Br\u00fcckenbauerinnen&#8220;"},"content":{"rendered":"\n<div class=\"wp-block-media-text alignwide is-stacked-on-mobile\"><figure class=\"wp-block-media-text__media\"><img loading=\"lazy\" decoding=\"async\" width=\"1024\" height=\"682\" src=\"https:\/\/blogs.fu-berlin.de\/frauenbeauftragte\/files\/2025\/08\/044_Amtsantritt_neu_gewaehlten_Frauenbeauftragten_MG_0681_mit-Bildquelle_.jpg\" alt=\"\" class=\"wp-image-10748 size-full\" srcset=\"https:\/\/blogs.fu-berlin.de\/frauenbeauftragte\/files\/2025\/08\/044_Amtsantritt_neu_gewaehlten_Frauenbeauftragten_MG_0681_mit-Bildquelle_.jpg 1024w, https:\/\/blogs.fu-berlin.de\/frauenbeauftragte\/files\/2025\/08\/044_Amtsantritt_neu_gewaehlten_Frauenbeauftragten_MG_0681_mit-Bildquelle_-300x200.jpg 300w, https:\/\/blogs.fu-berlin.de\/frauenbeauftragte\/files\/2025\/08\/044_Amtsantritt_neu_gewaehlten_Frauenbeauftragten_MG_0681_mit-Bildquelle_-768x512.jpg 768w\" sizes=\"auto, (max-width: 709px) 85vw, (max-width: 909px) 67vw, (max-width: 1362px) 62vw, 840px\" \/><\/figure><div class=\"wp-block-media-text__content\">\n<p>Am 10. Juli 2025 begr\u00fc\u00dften die Erste Vizepr\u00e4sidentin Verena Blechinger-Talcott und das Team geschlechter*gerecht die neu gew\u00e4hlten Frauen- und Gleichstellungsbeauftragten im Amt und reflektierten den Stand der Gleichstellung an der Freien Universit\u00e4t. \u00dcber die feierliche Amtseinf\u00fchrung und die Verabschiedung langj\u00e4hriger Kolleginnen berichtete <a rel=\"noreferrer noopener\" href=\"https:\/\/www.fu-berlin.de\/campusleben\/vorgestellt\/2025\/250806-dezentrale-frauenbeauftragte\/index.html\" target=\"_blank\">campus.leben<\/a>.<\/p>\n\n\n\n<!--more-->\n<\/div><\/div>\n\n\n\n<p>Mehr UMPF! Das war das Motto, unter dem die Amtseinf\u00fchrung der neugew\u00e4hlten Frauen- und Gleichstellungsbeauftragten und Stellvertreterinnen am 10. Juli im Henry-Ford-Bau stand. Den Rahmen gaben der Festveranstaltung Auftritte des Theaters ohne Probe, welches \u201e<strong>U<\/strong>nbequeme <strong>M<\/strong>achtkritische <strong>P<\/strong>ower <strong>F<\/strong>rauen\u201c feierte.<\/p>\n\n\n\n<p>\u201eNeue Ideen werden nicht immer gleich funktionieren. Das Prinzip ,Scheiter heiter!\u2018 ist eine wunderbare p\u00e4dagogische Haltung\u201c, gab die Schauspielerin Uta M. Walter dem Publikum zu bedenken. Sie las von Zetteln ab, auf denen die etwa vierzig G\u00e4ste beim Einlass in wenigen Worten schreiben sollten, was sie h\u00e4ufig zu h\u00f6ren bekommen, wenn es um das Thema \u201eGeschlechtergerechtigkeit\u201c geht: \u201eDas bedeutet, dass man sich nicht alleine f\u00fchlt. Egal welchen Geschlechts man ist\u201c, lautete eine R\u00fcckmeldung. \u201eUnd hier: Respekt f\u00fcr Vielfalt \u2013 ja, ja, das ist ein Satz, der in Berufungskommissionen oft f\u00e4llt\u201c, sagte die Schauspielerin und lie\u00df durchblicken, dass die Umsetzung dann oft auf einem anderen Blatt stehe. Das zeigte sich auch in etlichen R\u00fcckmeldungen aus dem Publikum. \u201eHat die Hochschule nichts Wichtigeres zu tun?\u201c oder: \u201eWir machen keine Frauenf\u00f6rderung \u2013 wir f\u00f6rdern Exzellenz an der Universit\u00e4t!\u201c, so einige Kommentare, mit denen Frauen- und Gleichstellungsbeauftragte in ihrer Arbeit konfrontiert sind. Es gibt noch viel zu tun, dem konnte die zentrale Frauen- und Gleichstellungsbeauftragte Corinna Tomberger nur zustimmen.<\/p>\n\n\n<div class=\"wp-block-image\">\n<figure class=\"aligncenter size-full\"><img loading=\"lazy\" decoding=\"async\" width=\"2560\" height=\"1707\" src=\"https:\/\/blogs.fu-berlin.de\/frauenbeauftragte\/files\/2025\/08\/001_Amtsantritt_neu_gewa\u0308hlten_Frauenbeauftragten_MG_0476-scaled.jpg\" alt=\"\" class=\"wp-image-10667\" srcset=\"https:\/\/blogs.fu-berlin.de\/frauenbeauftragte\/files\/2025\/08\/001_Amtsantritt_neu_gewa\u0308hlten_Frauenbeauftragten_MG_0476-scaled.jpg 2560w, https:\/\/blogs.fu-berlin.de\/frauenbeauftragte\/files\/2025\/08\/001_Amtsantritt_neu_gewa\u0308hlten_Frauenbeauftragten_MG_0476-300x200.jpg 300w, https:\/\/blogs.fu-berlin.de\/frauenbeauftragte\/files\/2025\/08\/001_Amtsantritt_neu_gewa\u0308hlten_Frauenbeauftragten_MG_0476-1024x683.jpg 1024w, https:\/\/blogs.fu-berlin.de\/frauenbeauftragte\/files\/2025\/08\/001_Amtsantritt_neu_gewa\u0308hlten_Frauenbeauftragten_MG_0476-768x512.jpg 768w, https:\/\/blogs.fu-berlin.de\/frauenbeauftragte\/files\/2025\/08\/001_Amtsantritt_neu_gewa\u0308hlten_Frauenbeauftragten_MG_0476-1536x1024.jpg 1536w, https:\/\/blogs.fu-berlin.de\/frauenbeauftragte\/files\/2025\/08\/001_Amtsantritt_neu_gewa\u0308hlten_Frauenbeauftragten_MG_0476-2048x1365.jpg 2048w, https:\/\/blogs.fu-berlin.de\/frauenbeauftragte\/files\/2025\/08\/001_Amtsantritt_neu_gewa\u0308hlten_Frauenbeauftragten_MG_0476-1200x800.jpg 1200w\" sizes=\"auto, (max-width: 709px) 85vw, (max-width: 909px) 67vw, (max-width: 1362px) 62vw, 840px\" \/><figcaption class=\"wp-element-caption\">Die Schauspieler*innen Thomas J\u00e4kel und Uta M. Walter von Theater ohne Probe. <br>Bildquelle: Christian Demarco<\/figcaption><\/figure><\/div>\n\n\n<hr class=\"wp-block-separator has-alpha-channel-opacity\" \/>\n\n\n\n<p class=\"has-medium-font-size\">Mehr Kapazit\u00e4ten f\u00fcr Gleichstellung<\/p>\n\n\n\n<p>Als wesentliche Entwicklung f\u00fchrte sie die personelle Verst\u00e4rkung auf dezentraler Ebene an. An den Fachbereichen waren mit den Wahlen im Juni 2025 erstmalig zwei \u00c4mter f\u00fcr Stellvertreterinnen zu vergeben. Seit vorigem Jahr werden auch nebenberufliche Stellvertreterinnen anteilig von ihren Dienstaufgaben freigestellt; studentische Stellvertreterinnen erhalten eine Aufwandsentsch\u00e4digung.<\/p>\n\n\n\n<p>\u201eDiese St\u00e4rkung der dezentralen Gleichstellungsstrukturen verdanken wir zum einen der Novellierung des Berliner Hochschulgesetzes, zum anderen einer Hochschulleitung, die Gleichstellung als gesetzlichen Auftrag ernst nimmt. Das ist leider auch im Jahr 2025 nicht selbstverst\u00e4ndlich, und das m\u00f6chte ich an dieser Stelle ausdr\u00fccklich w\u00fcrdigen\u201c, sagte Corinna Tomberger. Gut 39 Prozent Frauenanteil an unbefristeten Professuren \u2013 auch wenn die Freie Universit\u00e4t Berlin (FU) beachtliche gleichstellungspolitische Erfolge vorzuweisen hat, seien starke Gleichstellungsstrukturen weiterhin erforderlich.<\/p>\n\n\n\n<p>Das gelte umso mehr angesichts der aktuellen Situation der Berliner Hochschulen, der massiven K\u00fcrzung der Landesmittel. \u201eDie FU, so unsere derzeitige Perspektive, wird in den kommenden Jahren um zehn Prozent kleiner werden m\u00fcssen.\u201c Was bedeutet der Strukturumbau f\u00fcr Geschlechtergerechtigkeit an der Freien Universit\u00e4t? \u201eWenn die Mittel knapp werden, Verteilungsk\u00e4mpfe ausgetragen werden, gewinnen informelle Machtstrukturen an Bedeutung\u201c, gab Corinna Tomberger zu bedenken. Und dies seien nach wie vor h\u00e4ufig \u201eold boys networks\u201c, also m\u00e4nnlich dominierte Netzwerke.<\/p>\n\n\n\n<p class=\"has-medium-font-size\">Erfolgsrezept Vernetzung<\/p>\n\n\n\n<p>Daher sollten sich die Frauen- und Gleichstellungsbeauftragten ebenfalls austauschen und vernetzen, am besten gleich an diesem Tag bei bereitgestelltem Sekt und Selters, Kaffee und Kuchen, denn ihr Aufgabenfeld sei weit. So werden sie unter anderem an Einstellungen und Berufungsverfahren beteiligt und sind Ansprechpersonen f\u00fcr Menschen, die sich geschlechtsbezogener Benachteiligung, Diskriminierung und sexualisierter Bel\u00e4stigung ausgesetzt sehen.<\/p>\n\n\n\n<p>\u201eDa sind viele F\u00e4higkeiten gefragt\u201c, sagte Corinna Tomberger. \u201eGanz sicher aber: R\u00fcckgrat und ein dickes Fell.\u201c Befriedigend an dem Amt sei der Gestaltungsspielraum, wenn es darum gehe, die verfassungsrechtlich gebotene Chancengleichheit umzusetzen. Allerdings seien auch mehrere \u00c4mter vakant geblieben, weil sich keine Kandidatinnen gefunden h\u00e4tten, bedauerte Corinna Tomberger, und warb um Verst\u00e4rkung: \u201eAuf zentraler Ebene sind wir auf Amtskolleginnen in den Bereichen angewiesen, die die M\u00fchen der Ebene beherzt in Angriff nehmen.\u201c<\/p>\n\n\n\n<p>Im Anschluss berichteten zwei Ehemalige aus ihrer Amtszeit: Brigitte Reysen-Kostudis blickte auf f\u00fcnf Jahre als Frauen- und Gleichstellungsbeauftragte der Zentraleinrichtung Studienberatung und Psychologische Beratung zur\u00fcck. \u201eDezentrale Frauenbeauftragte zu sein, bedeutet auch: frustriert zu werden\u201c, sagte sie. Allerdings konnte sie auch Erfolge w\u00e4hrend ihrer Amtszeit sehen: \u201eEs gibt mehr Einsicht daf\u00fcr, was Grenz\u00fcberschreitungen sind.\u201c So k\u00f6nne man sexistische Bemerkungen nicht mehr einfach so unter den Tisch kehren, wenn man ein \u201eWar doch nur ein Scherz\u201c dahinterschiebt.<\/p>\n\n\n<div class=\"wp-block-image\">\n<figure class=\"aligncenter size-large\"><img decoding=\"async\" src=\"https:\/\/blogs.fu-berlin.de\/frauenbeauftragte\/files\/2025\/08\/040_Amtsantritt_neu_gewa\u0308hlten_Frauenbeauftragten_MG_0663-1024x683.jpg\" alt=\"\" class=\"wp-image-10675\" \/><figcaption class=\"wp-element-caption\">Dr. Corinna Tomberger (erste v.l.) und Prof.Dr. Verena Blechinger-Talcott (vierte v.l.) verabschieden Prof.Dr. Constance Scharff, Brigitte Reysen-Kostudis und Mariam Duduchava (v.l.n.r.) aus dem Amt. <br>Bildquelle: Christian Demarco<\/figcaption><\/figure><\/div>\n\n\n<hr class=\"wp-block-separator has-alpha-channel-opacity\" \/>\n\n\n\n<p>Zum erh\u00f6hten Bewusstsein f\u00fcr Grenz\u00fcberschreitungen haben auch die zahlreichen Angebote unter Federf\u00fchrung des Teams geschlechter*gerecht beigetragen, welches regelm\u00e4\u00dfig Veranstaltungen wie rund um den <a href=\"https:\/\/www.fu-berlin.de\/sites\/frauenbeauftragte\/termine\/2024\/20241112-anti-gewalt-aktionstage.html\">Internationalen Tag zur Beseitigung von Gewalt gegen Frauen<\/a> anbietet.<\/p>\n\n\n\n<p class=\"has-medium-font-size\">Manchmal muss man unbequem sein<\/p>\n\n\n\n<p>Brigitte Reysen-Kostudis riet ihren Nachfolgerinnen: \u201eLasst euch nicht demotivieren! Vernetzt euch \u2013 das gibt Kraft!\u201c und \u00fcbergab das Wort an Professorin Constance Scharff. Diese hielt ihren R\u00fcckblick als ehemalige stellvertretende Frauen- und Gleichstellungsbeauftragte am \u201em\u00e4nnerdominierten\u201c Fachbereich Biologie, Chemie, Pharmazie. \u201eIch bin \u00dcberzeugungst\u00e4terin geworden, wenn es darum geht, f\u00fcr eine gerechtere Arbeitsumgebung zu sorgen\u201c, sagte die Biologin. Das akademische Umfeld sei immer noch stark \u201evon m\u00e4nnlichem Dominanzverhalten\u201c gepr\u00e4gt. Bei ihrer Beteiligung an Berufungsverfahren in Aus\u00fcbung ihres Amtes sei ihre Funktion \u201eeher als Feindbild\u201c gesehen worden denn als unterst\u00fctzende Instanz, die darauf hinwirkt, dass der gesetzliche Auftrag der Gleichbehandlung der Geschlechter erf\u00fcllt wird. Die Professorin betonte, wie wichtig es sei, \u201enoch st\u00e4rker an der Sensibilisierung f\u00fcr Diversit\u00e4t und Geschlechtergerechtigkeit zu arbeiten, um eine offene, respektvolle Gespr\u00e4chskultur zu f\u00f6rdern\u201c.&nbsp;<\/p>\n\n\n\n<p>Nach diesen R\u00fcckblicken \u00fcbernahm die Erste Vizepr\u00e4sidentin Verena Blechinger-Talcott die Amtseinf\u00fchrung der gew\u00e4hlten Frauen- und Gleichstellungsbeauftragten aus neun Bereichen, die mit Blumen begr\u00fc\u00dft wurden.<\/p>\n\n\n\n<figure class=\"wp-block-gallery has-nested-images columns-1 is-cropped wp-block-gallery-1 is-layout-flex wp-block-gallery-is-layout-flex\">\n<figure class=\"wp-block-image size-large\"><img loading=\"lazy\" decoding=\"async\" width=\"1024\" height=\"683\" data-id=\"10711\" src=\"https:\/\/blogs.fu-berlin.de\/frauenbeauftragte\/files\/2025\/08\/049_Amtsantritt_neu_gewa\u0308hlten_Frauenbeauftragten_MG_0720-1024x683.jpg\" alt=\"\" class=\"wp-image-10711\" srcset=\"https:\/\/blogs.fu-berlin.de\/frauenbeauftragte\/files\/2025\/08\/049_Amtsantritt_neu_gewa\u0308hlten_Frauenbeauftragten_MG_0720-1024x683.jpg 1024w, https:\/\/blogs.fu-berlin.de\/frauenbeauftragte\/files\/2025\/08\/049_Amtsantritt_neu_gewa\u0308hlten_Frauenbeauftragten_MG_0720-300x200.jpg 300w, https:\/\/blogs.fu-berlin.de\/frauenbeauftragte\/files\/2025\/08\/049_Amtsantritt_neu_gewa\u0308hlten_Frauenbeauftragten_MG_0720-768x512.jpg 768w, https:\/\/blogs.fu-berlin.de\/frauenbeauftragte\/files\/2025\/08\/049_Amtsantritt_neu_gewa\u0308hlten_Frauenbeauftragten_MG_0720-1536x1024.jpg 1536w, https:\/\/blogs.fu-berlin.de\/frauenbeauftragte\/files\/2025\/08\/049_Amtsantritt_neu_gewa\u0308hlten_Frauenbeauftragten_MG_0720-2048x1365.jpg 2048w, https:\/\/blogs.fu-berlin.de\/frauenbeauftragte\/files\/2025\/08\/049_Amtsantritt_neu_gewa\u0308hlten_Frauenbeauftragten_MG_0720-1200x800.jpg 1200w\" sizes=\"auto, (max-width: 709px) 85vw, (max-width: 909px) 67vw, (max-width: 1362px) 62vw, 840px\" \/><\/figure>\n\n\n\n<figure class=\"wp-block-image size-large\"><img loading=\"lazy\" decoding=\"async\" width=\"1024\" height=\"683\" data-id=\"10710\" src=\"https:\/\/blogs.fu-berlin.de\/frauenbeauftragte\/files\/2025\/08\/046_Amtsantritt_neu_gewa\u0308hlten_Frauenbeauftragten_MG_0689-1024x683.jpg\" alt=\"\" class=\"wp-image-10710\" srcset=\"https:\/\/blogs.fu-berlin.de\/frauenbeauftragte\/files\/2025\/08\/046_Amtsantritt_neu_gewa\u0308hlten_Frauenbeauftragten_MG_0689-1024x683.jpg 1024w, https:\/\/blogs.fu-berlin.de\/frauenbeauftragte\/files\/2025\/08\/046_Amtsantritt_neu_gewa\u0308hlten_Frauenbeauftragten_MG_0689-300x200.jpg 300w, https:\/\/blogs.fu-berlin.de\/frauenbeauftragte\/files\/2025\/08\/046_Amtsantritt_neu_gewa\u0308hlten_Frauenbeauftragten_MG_0689-768x512.jpg 768w, https:\/\/blogs.fu-berlin.de\/frauenbeauftragte\/files\/2025\/08\/046_Amtsantritt_neu_gewa\u0308hlten_Frauenbeauftragten_MG_0689-1536x1024.jpg 1536w, https:\/\/blogs.fu-berlin.de\/frauenbeauftragte\/files\/2025\/08\/046_Amtsantritt_neu_gewa\u0308hlten_Frauenbeauftragten_MG_0689-2048x1365.jpg 2048w, https:\/\/blogs.fu-berlin.de\/frauenbeauftragte\/files\/2025\/08\/046_Amtsantritt_neu_gewa\u0308hlten_Frauenbeauftragten_MG_0689-1200x800.jpg 1200w\" sizes=\"auto, (max-width: 709px) 85vw, (max-width: 909px) 67vw, (max-width: 1362px) 62vw, 840px\" \/><\/figure>\n\n\n\n<figure class=\"wp-block-image size-large\"><img loading=\"lazy\" decoding=\"async\" width=\"1024\" height=\"683\" data-id=\"10709\" src=\"https:\/\/blogs.fu-berlin.de\/frauenbeauftragte\/files\/2025\/08\/043_Amtsantritt_neu_gewa\u0308hlten_Frauenbeauftragten_MG_0680-1024x683.jpg\" alt=\"\" class=\"wp-image-10709\" srcset=\"https:\/\/blogs.fu-berlin.de\/frauenbeauftragte\/files\/2025\/08\/043_Amtsantritt_neu_gewa\u0308hlten_Frauenbeauftragten_MG_0680-1024x683.jpg 1024w, https:\/\/blogs.fu-berlin.de\/frauenbeauftragte\/files\/2025\/08\/043_Amtsantritt_neu_gewa\u0308hlten_Frauenbeauftragten_MG_0680-300x200.jpg 300w, https:\/\/blogs.fu-berlin.de\/frauenbeauftragte\/files\/2025\/08\/043_Amtsantritt_neu_gewa\u0308hlten_Frauenbeauftragten_MG_0680-768x512.jpg 768w, https:\/\/blogs.fu-berlin.de\/frauenbeauftragte\/files\/2025\/08\/043_Amtsantritt_neu_gewa\u0308hlten_Frauenbeauftragten_MG_0680-1536x1024.jpg 1536w, https:\/\/blogs.fu-berlin.de\/frauenbeauftragte\/files\/2025\/08\/043_Amtsantritt_neu_gewa\u0308hlten_Frauenbeauftragten_MG_0680-2048x1365.jpg 2048w, https:\/\/blogs.fu-berlin.de\/frauenbeauftragte\/files\/2025\/08\/043_Amtsantritt_neu_gewa\u0308hlten_Frauenbeauftragten_MG_0680-1200x800.jpg 1200w\" sizes=\"auto, (max-width: 709px) 85vw, (max-width: 909px) 67vw, (max-width: 1362px) 62vw, 840px\" \/><\/figure>\n<figcaption class=\"blocks-gallery-caption wp-element-caption\"><em>Sonnenblumen f\u00fcr die Neugew\u00e4hlten (v.l.n.r.): <br>Foto oben: Dr. Anna Litvinenko (Stv.), Dr. Ursula Fr\u00fcbis, FB Politik- und Sozialwissenschaften<br>Foto Mitte: Sera Ren\u00e9e Zentiks, Priv.-Doz. Dr. Christine Scharlach (Stv.), <em>Dr. Maren-Wanda Wolf (Stv.),<\/em><\/em> <em>FB Mathematik und Informatik<br>Foto unten: Anna Magdalena Sturm (Stv.), Dr. Sarah Huch (Stv.), Christine E\u00dfmann-Stern, FB Biologie, Chemie, Pharmazie<br>Bildquelle: Christian Demarco<\/em><\/figcaption><\/figure>\n\n\n\n<hr class=\"wp-block-separator has-alpha-channel-opacity\" \/>\n\n\n\n<p>\u201eMehr UMPF! \u2013 das finde ich gut als Motto f\u00fcr heute!\u201c, nahm Verena Blechinger-Talcott die Vorgabe des Improvisationstheaters auf. \u201eSie sind treibende Kr\u00e4fte und Br\u00fcckenbauerinnen\u201c, gab sie den neugew\u00e4hlten Beauftragten mit auf den Weg. \u201eEs geh\u00f6rt zum Aufgabenprofil, manchmal auch laut und unbequem zu sein\u201c, sagte sie und w\u00fcnschte den Frauen viel Kraft dabei, \u201esich mit Mut und Ausdauer daf\u00fcr einzusetzen, dass an unserer Uni alle die gleichen Chancen auf Erfolg und Entfaltung und Mitbestimmung haben.\u201c&nbsp;<\/p>\n\n\n\n<p><strong>Annette Leyssner<\/strong><\/p>\n\n\n\n<hr class=\"wp-block-separator has-alpha-channel-opacity\" \/>\n\n\n\n<p>Der Originaltext ist unter dem Titel<em> <a rel=\"noreferrer noopener\" href=\"https:\/\/www.fu-berlin.de\/campusleben\/vorgestellt\/2025\/250806-dezentrale-frauenbeauftragte\/index.html\" target=\"_blank\">\u201eMehr UMPF! Neu im Amt: Frauen- und Gleichstellungsbeauftragte der Freien Universit\u00e4t Berlin in festlichem Rahmen empfangen&#8220;<\/a><\/em> am 04.08.2025 auf campus.leben erschienen.<\/p>\n\n\n\n<p>In der Terminank\u00fcndigung ist das vollst\u00e4ndige <a href=\"https:\/\/blogs.fu-berlin.de\/frauenbeauftragte\/2025\/06\/27\/einladung-feierlicher-amtsantritt-2\/\">Programm des feierlichen Amtsantritts<\/a> angegeben.<\/p>\n\n\n\n<hr class=\"wp-block-separator has-alpha-channel-opacity\" \/>\n\n\n\n<p>Hier finden Sie eine <a rel=\"noreferrer noopener\" href=\"https:\/\/www.fu-berlin.de\/sites\/frauenbeauftragte\/ueber-uns\/dfgb\/index.html\" target=\"_blank\">\u00dcbersicht aller dezentralen Frauen- und Gleichstellungsbeauftragen der Freien Universit\u00e4t<\/a>.<\/p>\n","protected":false},"excerpt":{"rendered":"<p>Am 10. Juli 2025 begr\u00fc\u00dften die Erste Vizepr\u00e4sidentin Verena Blechinger-Talcott und das Team geschlechter*gerecht die neu gew\u00e4hlten Frauen- und Gleichstellungsbeauftragten im Amt und reflektierten den Stand der Gleichstellung an der Freien Universit\u00e4t. \u00dcber die feierliche Amtseinf\u00fchrung und die Verabschiedung langj\u00e4hriger Kolleginnen berichtete campus.leben.<\/p>\n","protected":false},"author":6410,"featured_media":10668,"comment_status":"open","ping_status":"open","sticky":false,"template":"","format":"standard","meta":{"footnotes":""},"categories":[603],"tags":[433454,437402],"class_list":["post-10662","post","type-post","status-publish","format-standard","has-post-thumbnail","hentry","category-vorgestellt","tag-gleichstellungspolitik","tag-frauenbeauftragte"],"_links":{"self":[{"href":"https:\/\/blogs.fu-berlin.de\/frauenbeauftragte\/wp-json\/wp\/v2\/posts\/10662","targetHints":{"allow":["GET"]}}],"collection":[{"href":"https:\/\/blogs.fu-berlin.de\/frauenbeauftragte\/wp-json\/wp\/v2\/posts"}],"about":[{"href":"https:\/\/blogs.fu-berlin.de\/frauenbeauftragte\/wp-json\/wp\/v2\/types\/post"}],"author":[{"embeddable":true,"href":"https:\/\/blogs.fu-berlin.de\/frauenbeauftragte\/wp-json\/wp\/v2\/users\/6410"}],"replies":[{"embeddable":true,"href":"https:\/\/blogs.fu-berlin.de\/frauenbeauftragte\/wp-json\/wp\/v2\/comments?post=10662"}],"version-history":[{"count":70,"href":"https:\/\/blogs.fu-berlin.de\/frauenbeauftragte\/wp-json\/wp\/v2\/posts\/10662\/revisions"}],"predecessor-version":[{"id":11936,"href":"https:\/\/blogs.fu-berlin.de\/frauenbeauftragte\/wp-json\/wp\/v2\/posts\/10662\/revisions\/11936"}],"wp:featuredmedia":[{"embeddable":true,"href":"https:\/\/blogs.fu-berlin.de\/frauenbeauftragte\/wp-json\/wp\/v2\/media\/10668"}],"wp:attachment":[{"href":"https:\/\/blogs.fu-berlin.de\/frauenbeauftragte\/wp-json\/wp\/v2\/media?parent=10662"}],"wp:term":[{"taxonomy":"category","embeddable":true,"href":"https:\/\/blogs.fu-berlin.de\/frauenbeauftragte\/wp-json\/wp\/v2\/categories?post=10662"},{"taxonomy":"post_tag","embeddable":true,"href":"https:\/\/blogs.fu-berlin.de\/frauenbeauftragte\/wp-json\/wp\/v2\/tags?post=10662"}],"curies":[{"name":"wp","href":"https:\/\/api.w.org\/{rel}","templated":true}]}}