{"id":10787,"date":"2025-09-04T11:37:55","date_gmt":"2025-09-04T09:37:55","guid":{"rendered":"https:\/\/blogs.fu-berlin.de\/frauenbeauftragte\/?p=10787"},"modified":"2025-09-15T13:34:33","modified_gmt":"2025-09-15T11:34:33","slug":"last-call-anne-klein-frauenpreis-2026","status":"publish","type":"post","link":"https:\/\/blogs.fu-berlin.de\/frauenbeauftragte\/2025\/09\/04\/last-call-anne-klein-frauenpreis-2026\/","title":{"rendered":"Last Call: Anne-Klein-Frauenpreis 2026"},"content":{"rendered":"\n<div class=\"wp-block-media-text alignwide is-stacked-on-mobile\"><figure class=\"wp-block-media-text__media\"><img loading=\"lazy\" decoding=\"async\" width=\"1024\" height=\"683\" src=\"https:\/\/blogs.fu-berlin.de\/frauenbeauftragte\/files\/2025\/09\/54378658747_e4c130aecd_k_bildquelle-1024x683.png\" alt=\"\" class=\"wp-image-10887 size-full\" srcset=\"https:\/\/blogs.fu-berlin.de\/frauenbeauftragte\/files\/2025\/09\/54378658747_e4c130aecd_k_bildquelle-1024x683.png 1024w, https:\/\/blogs.fu-berlin.de\/frauenbeauftragte\/files\/2025\/09\/54378658747_e4c130aecd_k_bildquelle-300x200.png 300w, https:\/\/blogs.fu-berlin.de\/frauenbeauftragte\/files\/2025\/09\/54378658747_e4c130aecd_k_bildquelle-768x512.png 768w, https:\/\/blogs.fu-berlin.de\/frauenbeauftragte\/files\/2025\/09\/54378658747_e4c130aecd_k_bildquelle-1536x1025.png 1536w, https:\/\/blogs.fu-berlin.de\/frauenbeauftragte\/files\/2025\/09\/54378658747_e4c130aecd_k_bildquelle-1200x800.png 1200w, https:\/\/blogs.fu-berlin.de\/frauenbeauftragte\/files\/2025\/09\/54378658747_e4c130aecd_k_bildquelle.png 2048w\" sizes=\"auto, (max-width: 709px) 85vw, (max-width: 909px) 67vw, (max-width: 1362px) 62vw, 840px\" \/><\/figure><div class=\"wp-block-media-text__content\">\n<p><strong>Nominierungen bis 15. September 2025 <\/strong>\u2013 J\u00e4hrlich vergibt die Heinrich-B\u00f6ll-Stiftung den mit 10.000 Euro dotierten <a rel=\"noreferrer noopener\" href=\"https:\/\/www.boell.de\/de\/anne-klein-frauenpreis\" target=\"_blank\">Anne-Klein-Frauenpreis<\/a>. Geehrt werden damit Frauen, die sich f\u00fcr die Geschlechterdemokratie und gegen Diskriminierung aufgrund des Geschlechts oder der geschlechtlichen Identit\u00e4t einsetzen. Die feierliche Preisverleihung findet am 6. M\u00e4rz 2026 in Berlin statt.<\/p>\n\n\n\n<!--more-->\n<\/div><\/div>\n\n\n\n<p>Seit 2012 zeichnet die Heinrich-B\u00f6ll-Stiftung Frauen aus dem In- und Ausland f\u00fcr ihr herausragendes Engagement f\u00fcr Menschenrechte, Gleichberechtigung und sexuelle Selbstbestimmung aus. Der mit 10.000 Euro dotierte Preis wird j\u00e4hrlich vergeben.<\/p>\n\n\n\n<p class=\"has-medium-font-size\">Die Namensgeberin<\/p>\n\n\n\n<p>Mit dem Preis gedenkt die Heinrich-B\u00f6ll-Stiftung zugleich Anne Kleins (1950\u20132011), die sich als Frau, Rechtsanw\u00e4ltin und Politikerin dem Kampf f\u00fcr die Durchsetzung von Frauen- und Freiheitsrechten verschrieben hatte.<\/p>\n\n\n\n<p class=\"has-medium-font-size\">Die Kandidatinnen <\/p>\n\n\n\n<p>F\u00fcr den Anne-Klein-Frauenpreis Nominierte sollen politisch engagiert und zivilgesellschaftlich vernetzt sein sowie als Vorbilder andere Frauen und M\u00e4dchen zu geschlechterdemokratischem Handeln ermutigen. Ihr Engagement sollte nachweislich in folgenden Bereichen liegen:<\/p>\n\n\n\n<ul class=\"wp-block-list\"><li>Verwirklichung der Geschlechterdemokratie<\/li><li>Beseitigung von Diskriminierung aufgrund des Geschlechts und der geschlechtlichen Identit\u00e4t<\/li><li>Politisches Engagement zur Verwirklichung von Frauen-, Menschen- und Freiheitsrechten<\/li><li>F\u00f6rderung von Frauen und M\u00e4dchen in Wissenschaft und Forschung<\/li><\/ul>\n\n\n\n<p>Vorschlagsberechtigt sind Personen und Initiativen aus dem In- und Ausland. Eigenbewerbungen sowie Nominierungen der Jurymitglieder sind nicht m\u00f6glich. <\/p>\n\n\n\n<p class=\"has-medium-font-size\">Die Jury<\/p>\n\n\n\n<ul class=\"wp-block-list\"><li>Dr. Imme Scholz, Vorstand Heinrich-B\u00f6ll-Stiftung &amp; Juryvorsitzende<\/li><li>Renate K\u00fcnast, MdB, B\u00fcndnis 90\/Die Gr\u00fcnen<\/li><li>Sylvia L\u00f6hrmann, Staatsministerin a. D.<\/li><li>Prof. Dr. Michaele Schreyer, ehem. Vize-Pr\u00e4sidentin des Netzwerks Europ\u00e4ische Bewegung Deutschlands<\/li><li>Jutta Wagner, Rechtsanw\u00e4ltin &amp; ehemalige Pr\u00e4sidentin des Deutschen Juristinnenbundes<\/li><\/ul>\n\n\n\n<p class=\"has-medium-font-size\">Die Ausgezeichneten<\/p>\n\n\n\n<p>Zu den Preistr\u00e4gerinnen der letzten Jahre geh\u00f6ren unter anderen die belarussischen Feministinnen und Frauenrechtsverteidigerinnen Darya Afanasyeva, Irina Alkhovka&nbsp;und Julia Mickiewicz (<a rel=\"noreferrer noopener\" href=\"https:\/\/www.boell.de\/de\/2024\/12\/02\/die-begruendung-der-jury-anne-klein-frauenpreis-2025\" target=\"_blank\">2025<\/a>) und die ukrainische Feministin und Frauenrechtsaktivistin Yuliya Sporysh (<a rel=\"noreferrer noopener\" href=\"https:\/\/www.boell.de\/de\/2023\/12\/08\/die-begruendung-der-jury-anne-klein-frauenpreis-2024\" target=\"_blank\">2024<\/a>). Joumana Seif, syrische Juristin, Frauenrechtlerin und Menschenrechtsaktivistin, erhielt <a rel=\"noreferrer noopener\" href=\"https:\/\/www.boell.de\/de\/anne-klein-frauenpreis-2023-joumana-seif\" target=\"_blank\">2023<\/a> den Anne-Klein-Frauenpreis.<\/p>\n\n\n\n<hr class=\"wp-block-separator has-alpha-channel-opacity\" \/>\n\n\n\n<p class=\"has-medium-font-size\">\u00dcberblick<\/p>\n\n\n\n<ul class=\"wp-block-list\"><li>Einsendeschluss: 15. September 2025<\/li><li><a href=\"https:\/\/crm-gate.boell.de\/crm\/mailing\/mail.php?reset=1&amp;id=6383&amp;cid=5799&amp;cs=018d4d58e1eef921dcdec163919604e0_1750059004_168\" target=\"_blank\" rel=\"noreferrer noopener\">Informationen<\/a> (Deutsch &amp; Englisch)<\/li><li><a rel=\"noreferrer noopener\" href=\"https:\/\/www.boell.de\/de\/navigation\/ehrungen-Nominierungskriterien-Anne-Klein-13610.html\" target=\"_blank\">Nominierungs- und Vergabekriterien<\/a><\/li><li>Preisverleihung: 6. M\u00e4rz 2026 in Berlin<\/li><\/ul>\n\n\n\n<hr class=\"wp-block-separator has-alpha-channel-opacity\" \/>\n\n\n\n<p class=\"has-medium-font-size\">Kontakt<\/p>\n\n\n\n<ul class=\"wp-block-list\"><li>Ulrike Cichon | Tel.: 030 \/ 285 34-112<\/li><li>Bewerbungen per E-Mail an <a rel=\"noreferrer noopener\" href=\"mailto:cichon@boell.de\" target=\"_blank\">cichon@boell.de<\/a> oder per Post an Heinrich-B\u00f6ll-Stiftung, Anne-Klein-Frauenpreis, Schumannstr. 8, 10117 Berlin<\/li><\/ul>\n","protected":false},"excerpt":{"rendered":"<p>Nominierungen bis 15. September 2025 \u2013 J\u00e4hrlich vergibt die Heinrich-B\u00f6ll-Stiftung den mit 10.000 Euro dotierten Anne-Klein-Frauenpreis. Geehrt werden damit Frauen, die sich f\u00fcr die Geschlechterdemokratie und gegen Diskriminierung aufgrund des Geschlechts oder der geschlechtlichen Identit\u00e4t einsetzen. Die feierliche Preisverleihung findet am 6. M\u00e4rz 2026 in Berlin statt.<\/p>\n","protected":false},"author":6410,"featured_media":10887,"comment_status":"open","ping_status":"open","sticky":false,"template":"","format":"standard","meta":{"footnotes":""},"categories":[428608],"tags":[301208,433454,188190],"class_list":["post-10787","post","type-post","status-publish","format-standard","has-post-thumbnail","hentry","category-informiert","tag-frauenfoerderung","tag-gleichstellungspolitik","tag-internationalisierung"],"_links":{"self":[{"href":"https:\/\/blogs.fu-berlin.de\/frauenbeauftragte\/wp-json\/wp\/v2\/posts\/10787","targetHints":{"allow":["GET"]}}],"collection":[{"href":"https:\/\/blogs.fu-berlin.de\/frauenbeauftragte\/wp-json\/wp\/v2\/posts"}],"about":[{"href":"https:\/\/blogs.fu-berlin.de\/frauenbeauftragte\/wp-json\/wp\/v2\/types\/post"}],"author":[{"embeddable":true,"href":"https:\/\/blogs.fu-berlin.de\/frauenbeauftragte\/wp-json\/wp\/v2\/users\/6410"}],"replies":[{"embeddable":true,"href":"https:\/\/blogs.fu-berlin.de\/frauenbeauftragte\/wp-json\/wp\/v2\/comments?post=10787"}],"version-history":[{"count":13,"href":"https:\/\/blogs.fu-berlin.de\/frauenbeauftragte\/wp-json\/wp\/v2\/posts\/10787\/revisions"}],"predecessor-version":[{"id":10942,"href":"https:\/\/blogs.fu-berlin.de\/frauenbeauftragte\/wp-json\/wp\/v2\/posts\/10787\/revisions\/10942"}],"wp:featuredmedia":[{"embeddable":true,"href":"https:\/\/blogs.fu-berlin.de\/frauenbeauftragte\/wp-json\/wp\/v2\/media\/10887"}],"wp:attachment":[{"href":"https:\/\/blogs.fu-berlin.de\/frauenbeauftragte\/wp-json\/wp\/v2\/media?parent=10787"}],"wp:term":[{"taxonomy":"category","embeddable":true,"href":"https:\/\/blogs.fu-berlin.de\/frauenbeauftragte\/wp-json\/wp\/v2\/categories?post=10787"},{"taxonomy":"post_tag","embeddable":true,"href":"https:\/\/blogs.fu-berlin.de\/frauenbeauftragte\/wp-json\/wp\/v2\/tags?post=10787"}],"curies":[{"name":"wp","href":"https:\/\/api.w.org\/{rel}","templated":true}]}}