{"id":10790,"date":"2025-10-09T16:28:00","date_gmt":"2025-10-09T14:28:00","guid":{"rendered":"https:\/\/blogs.fu-berlin.de\/frauenbeauftragte\/?p=10790"},"modified":"2026-03-19T16:37:59","modified_gmt":"2026-03-19T15:37:59","slug":"leadership-programm-fuer-professorinnen-2026","status":"publish","type":"post","link":"https:\/\/blogs.fu-berlin.de\/frauenbeauftragte\/2025\/10\/09\/leadership-programm-fuer-professorinnen-2026\/","title":{"rendered":"Leadership-Programm f\u00fcr Professorinnen 2026"},"content":{"rendered":"\n<div class=\"wp-block-media-text alignwide is-stacked-on-mobile\"><figure class=\"wp-block-media-text__media\"><img loading=\"lazy\" decoding=\"async\" width=\"1024\" height=\"681\" src=\"https:\/\/blogs.fu-berlin.de\/frauenbeauftragte\/files\/2022\/09\/BUA-Illu-final-e1663136256290-1024x681.png\" alt=\"\" class=\"wp-image-3274 size-full\" srcset=\"https:\/\/blogs.fu-berlin.de\/frauenbeauftragte\/files\/2022\/09\/BUA-Illu-final-e1663136256290-1024x681.png 1024w, https:\/\/blogs.fu-berlin.de\/frauenbeauftragte\/files\/2022\/09\/BUA-Illu-final-e1663136256290-300x200.png 300w, https:\/\/blogs.fu-berlin.de\/frauenbeauftragte\/files\/2022\/09\/BUA-Illu-final-e1663136256290-768x511.png 768w, https:\/\/blogs.fu-berlin.de\/frauenbeauftragte\/files\/2022\/09\/BUA-Illu-final-e1663136256290-1536x1022.png 1536w, https:\/\/blogs.fu-berlin.de\/frauenbeauftragte\/files\/2022\/09\/BUA-Illu-final-e1663136256290-1200x799.png 1200w, https:\/\/blogs.fu-berlin.de\/frauenbeauftragte\/files\/2022\/09\/BUA-Illu-final-e1663136256290.png 1614w\" sizes=\"auto, (max-width: 709px) 85vw, (max-width: 909px) 67vw, (max-width: 1362px) 62vw, 840px\" \/><\/figure><div class=\"wp-block-media-text__content\">\n<p><strong>Anmeldefrist: 14. Oktober 2025 <\/strong>\u2013 Im Januar 2026 beginnt der n\u00e4chste Durchgang des <a href=\"https:\/\/www.berlin-university-alliance.de\/bla\/news\/Anmeldezeitraum-HU-FSP_26.html\" target=\"_blank\" rel=\"noreferrer noopener\">Leadership-Programms f\u00fcr Professorinnen<\/a>. F\u00fchrung in der Wissenschaft ist das Thema der einj\u00e4hrigen Fortbildung, die die  Humboldt-Universit\u00e4t zu Berlin im Rahmen der<a rel=\"noreferrer noopener\" href=\"https:\/\/www.berlin-university-alliance.de\/bla\/index.html\" target=\"_blank\"> Berlin Leadership Academy <\/a> f\u00fcr Wissenschaftlerinnen der Berlin University Alliance anbietet.<\/p>\n\n\n\n<!--more-->\n<\/div><\/div>\n\n\n\n<p>Das Leadership-Programm als einj\u00e4hrige Fortbildung beinhaltet Workshops, Einzelcoachings und Netzwerkveranstaltungen. Es bietet Professorinnen die M\u00f6glichkeit, ihre F\u00fchrungskompetenzen zu st\u00e4rken und ihr professionelles Netzwerk auszubauen. Zudem zeichnet es sich dadurch aus, dass es den Austausch mit Professorinnen aus anderen F\u00e4chern und von anderen Universit\u00e4ten auch \u00fcber das Programmende hinaus initiiert.<\/p>\n\n\n\n<p>Das Leadership-Programm richtet sich an W2\/ C3 &#8211; und W3\/ C4 &#8211; Professorinnen der <a rel=\"noreferrer noopener\" href=\"https:\/\/www.berlin-university-alliance.de\/\" target=\"_blank\">Berlin University Alliance <\/a>(BUA), die eine Dauerstelle haben. In jedem Durchgang sind drei Pl\u00e4tze f\u00fcr Professorinnen der Freien Universit\u00e4t verf\u00fcgbar.<\/p>\n\n\n\n<hr class=\"wp-block-separator has-alpha-channel-opacity\" \/>\n\n\n\n<p class=\"has-medium-font-size\">Im \u00dcberblick<\/p>\n\n\n\n<ul class=\"wp-block-list\"><li><a rel=\"noreferrer noopener\" href=\"https:\/\/blogs.fu-berlin.de\/frauenbeauftragte\/files\/2025\/10\/Ausschreibung-Teilnehmerinnen-Leadership-2026-5.pdf\" target=\"_blank\">Ausschreibung<\/a><\/li><li><a rel=\"noreferrer noopener\" href=\"https:\/\/frauenbeauftragte.hu-berlin.de\/de\/gleichstellungsstrategie\/empowerment\/bewerbung-zum-leadership-programm-fuer-professorinnen-2026-1\" target=\"_blank\">Anmeldung<\/a> bis 14. Oktober 2025<\/li><li><a href=\"https:\/\/frauenbeauftragte.hu-berlin.de\/de\/gleichstellungsstrategie\/empowerment\/leadership-programm-fuer-professorinnen_programm-2026.pdf\/view\" target=\"_blank\" rel=\"noreferrer noopener\">Programm 2026<\/a><\/li><li><a rel=\"noreferrer noopener\" href=\"https:\/\/www.berlin-university-alliance.de\/bla\/profs\/senior\/hu\/index.html\" target=\"_blank\">Weitere Informationen <\/a><\/li><li><strong><strong>Kontakt:<\/strong> <\/strong>Caroline Kunert, Humboldt-Universit\u00e4t zu Berlin<ul><li>Tel.:030 2093-12835<\/li><li>leadership-programm@hu-berlin.de<\/li><\/ul><\/li><\/ul>\n","protected":false},"excerpt":{"rendered":"<p>Anmeldefrist: 14. Oktober 2025 \u2013 Im Januar 2026 beginnt der n\u00e4chste Durchgang des Leadership-Programms f\u00fcr Professorinnen. F\u00fchrung in der Wissenschaft ist das Thema der einj\u00e4hrigen Fortbildung, die die Humboldt-Universit\u00e4t zu Berlin im Rahmen der Berlin Leadership Academy f\u00fcr Wissenschaftlerinnen der Berlin University Alliance anbietet.<\/p>\n","protected":false},"author":8923,"featured_media":3274,"comment_status":"open","ping_status":"open","sticky":false,"template":"","format":"standard","meta":{"footnotes":""},"categories":[428608],"tags":[301208,437124,306],"class_list":["post-10790","post","type-post","status-publish","format-standard","has-post-thumbnail","hentry","category-informiert","tag-frauenfoerderung","tag-wissenschaftlerinnen","tag-weiterbildung"],"_links":{"self":[{"href":"https:\/\/blogs.fu-berlin.de\/frauenbeauftragte\/wp-json\/wp\/v2\/posts\/10790","targetHints":{"allow":["GET"]}}],"collection":[{"href":"https:\/\/blogs.fu-berlin.de\/frauenbeauftragte\/wp-json\/wp\/v2\/posts"}],"about":[{"href":"https:\/\/blogs.fu-berlin.de\/frauenbeauftragte\/wp-json\/wp\/v2\/types\/post"}],"author":[{"embeddable":true,"href":"https:\/\/blogs.fu-berlin.de\/frauenbeauftragte\/wp-json\/wp\/v2\/users\/8923"}],"replies":[{"embeddable":true,"href":"https:\/\/blogs.fu-berlin.de\/frauenbeauftragte\/wp-json\/wp\/v2\/comments?post=10790"}],"version-history":[{"count":13,"href":"https:\/\/blogs.fu-berlin.de\/frauenbeauftragte\/wp-json\/wp\/v2\/posts\/10790\/revisions"}],"predecessor-version":[{"id":12216,"href":"https:\/\/blogs.fu-berlin.de\/frauenbeauftragte\/wp-json\/wp\/v2\/posts\/10790\/revisions\/12216"}],"wp:featuredmedia":[{"embeddable":true,"href":"https:\/\/blogs.fu-berlin.de\/frauenbeauftragte\/wp-json\/wp\/v2\/media\/3274"}],"wp:attachment":[{"href":"https:\/\/blogs.fu-berlin.de\/frauenbeauftragte\/wp-json\/wp\/v2\/media?parent=10790"}],"wp:term":[{"taxonomy":"category","embeddable":true,"href":"https:\/\/blogs.fu-berlin.de\/frauenbeauftragte\/wp-json\/wp\/v2\/categories?post=10790"},{"taxonomy":"post_tag","embeddable":true,"href":"https:\/\/blogs.fu-berlin.de\/frauenbeauftragte\/wp-json\/wp\/v2\/tags?post=10790"}],"curies":[{"name":"wp","href":"https:\/\/api.w.org\/{rel}","templated":true}]}}