{"id":10793,"date":"2025-08-21T07:45:00","date_gmt":"2025-08-21T05:45:00","guid":{"rendered":"https:\/\/blogs.fu-berlin.de\/frauenbeauftragte\/?p=10793"},"modified":"2025-09-15T13:30:22","modified_gmt":"2025-09-15T11:30:22","slug":"bittere-pille-antifeminismus","status":"publish","type":"post","link":"https:\/\/blogs.fu-berlin.de\/frauenbeauftragte\/2025\/08\/21\/bittere-pille-antifeminismus\/","title":{"rendered":"Bittere Pille Antifeminismus"},"content":{"rendered":"\n<div class=\"wp-block-media-text alignwide is-stacked-on-mobile\"><figure class=\"wp-block-media-text__media\"><img loading=\"lazy\" decoding=\"async\" width=\"1024\" height=\"683\" src=\"https:\/\/blogs.fu-berlin.de\/frauenbeauftragte\/files\/2025\/09\/3_mit-Bildquelle-1024x683.png\" alt=\"\" class=\"wp-image-10901 size-full\" srcset=\"https:\/\/blogs.fu-berlin.de\/frauenbeauftragte\/files\/2025\/09\/3_mit-Bildquelle-1024x683.png 1024w, https:\/\/blogs.fu-berlin.de\/frauenbeauftragte\/files\/2025\/09\/3_mit-Bildquelle-300x200.png 300w, https:\/\/blogs.fu-berlin.de\/frauenbeauftragte\/files\/2025\/09\/3_mit-Bildquelle-768x512.png 768w, https:\/\/blogs.fu-berlin.de\/frauenbeauftragte\/files\/2025\/09\/3_mit-Bildquelle-1536x1024.png 1536w, https:\/\/blogs.fu-berlin.de\/frauenbeauftragte\/files\/2025\/09\/3_mit-Bildquelle-1200x800.png 1200w, https:\/\/blogs.fu-berlin.de\/frauenbeauftragte\/files\/2025\/09\/3_mit-Bildquelle.png 1800w\" sizes=\"auto, (max-width: 709px) 85vw, (max-width: 909px) 67vw, (max-width: 1362px) 62vw, 840px\" \/><\/figure><div class=\"wp-block-media-text__content\">\n<p>Was ist Antifeminismus, und was macht ihn gef\u00e4hrlich? <a rel=\"noreferrer noopener\" href=\"https:\/\/www.podcast.de\/podcast\/3621690\/pinke-pille-der-antifeminismus-monitor\" target=\"_blank\">Pinke Pille &#8211; Der Antifeminismus-Monitor<\/a> gibt Antworten darauf. Der Podcast beschreibt Antifeminismus als ideologisches Element im Rechtsextremismus und kl\u00e4rt auf, welche Gefahren er f\u00fcr feministische Errungenschaften birgt. Wie aktuell das Thema Antifeminismus ist, dokumentiert die <a rel=\"noreferrer noopener\" href=\"https:\/\/antifeminismus-melden.de\/\" target=\"_blank\">Meldestelle Antifeminismus<\/a>: \u00fcber 500 Vorf\u00e4lle verzeichnet sie f\u00fcr das Jahr 2024.<\/p>\n\n\n\n<!--more-->\n<\/div><\/div>\n\n\n\n<p>In vierzig Minuten nimmt der Videopodcast Pinke Pille in seiner ersten Folge <a rel=\"noreferrer noopener\" href=\"https:\/\/www.podcast.de\/episode\/691249338\/was-ist-antifeminismus\" target=\"_blank\">\u201eWas ist Antifeminismus?\u201c<\/a> antifeministische Narrative, Strategien und Akteur*innen unter die Lupe und erkl\u00e4rt vorab anschaulich die Unterschiede zwischen Antifeminismus, Sexismus und Misogynie. Der Podcast, produziert von <a rel=\"noreferrer noopener\" href=\"https:\/\/www.amadeu-antonio-stiftung.de\/projekte\/take-a-stand-against-antifeminism\/\" target=\"_blank\">Take A Stand Against Antifeminism<\/a>, einem Projekt der <a rel=\"noreferrer noopener\" href=\"https:\/\/www.amadeu-antonio-stiftung.de\/\" target=\"_blank\">Amadeu Antonio Stiftung<\/a>, richtet sich vor allem an ein j\u00fcngeres Publikum auf YouTube und Social Media, so die Ank\u00fcndigung.<\/p>\n\n\n\n<blockquote class=\"wp-block-quote is-layout-flow wp-block-quote-is-layout-flow\"><p>\u201eGanz wichtig ist, Antifeminismus ist nicht das Gleiche wie Sexismus oder Misogynie. Sexismus ist der Boden, auf dem Antifeminismus wachsen kann.\u201c<\/p><cite>Selina Alin, Fachreferentin f\u00fcr Antifeminismus, Amadeu Antonio Stiftung <\/cite><\/blockquote>\n\n\n\n<hr class=\"wp-block-separator has-alpha-channel-opacity\" \/>\n\n\n\n<p>Warum Antifeminismus so gef\u00e4hrlich ist, und warum das Thema so aktuell ist, darauf verweist auch die Meldestelle Antifeminismus in einer <a rel=\"noreferrer noopener\" href=\"https:\/\/antifeminismus-melden.de\/wp-content\/uploads\/sites\/7\/2025\/08\/PM_LOLA_13Aug2025__Antifeminismus2024_Meldestelle_veroeffentlicht_Kurzbericht.pdf\" target=\"_blank\">Pressemitteilung<\/a> zur Ver\u00f6ffentlichung ihres <a rel=\"noreferrer noopener\" href=\"https:\/\/antifeminismus-melden.de\/wp-content\/uploads\/sites\/7\/2025\/08\/antifem.melden.kurzbericht.2024_PRINT_B.pdf\" target=\"_blank\">Kurzberichts f\u00fcr das Jahr 2024<\/a>.<\/p>\n\n\n\n<p class=\"has-medium-font-size\">\u00dcber 500 antifeministische und queerfeindliche Angriffe<\/p>\n\n\n\n<p>Der Bericht dokumentiert mehr als 558 antifeministische und queerfeindliche Vorf\u00e4lle. Durchschnittlich 10 antifeministische Vorf\u00e4lle pro Woche registrierte die Meldestelle f\u00fcr das Jahr 2024. Die Auswertung der eingegangenen Vorfallsmeldungen und Erfahrungsberichte von Betroffenen zeige, dass Angriffe gegen Einzelpersonen vor allem Frauen und Menschen aus der LSBTIQA+-Community trafen, insbesondere trans*Personen. Auch Vereine und Institutionen, die f\u00fcr ein zivilgesellschaftliches Engagement stehen, waren Drohungen und Angriffen ausgesetzt. Der Bericht nennt hier u.a. Aufkl\u00e4rungszentren f\u00fcr sexuelle Vielfalt und Abtreibungskliniken. Ebenso gebe es immer wieder Attacken auf Caf\u00e9s oder Bars, die als queere oder feministische Treffpunkte bekannt sind. Antifeminismus zeige sich zunehmend aggressiver, so das Fazit der Meldestelle Antifeminismus. Angriffe reichen von Beleidigung, Bedrohung, Hasskampagnen \u00fcber K\u00f6rperverletzung und Brandstiftung bis zu Online-Tipps zur Aus\u00fcbung sexualisierter Gewalt.<\/p>\n\n\n\n<hr class=\"wp-block-separator has-alpha-channel-opacity\" \/>\n\n\n\n<p class=\"has-medium-font-size\">Hinweise und Hilfe  <\/p>\n\n\n\n<p>Bei der <a rel=\"noreferrer noopener\" href=\"https:\/\/antifeminismus-melden.de\/\" target=\"_blank\">Meldestelle Antifeminismus<\/a> k\u00f6nnen Betroffene und Beobachter*innen antifeministische <a rel=\"noreferrer noopener\" href=\"https:\/\/antifeminismus-melden.de\/vorfall-melden\/\" target=\"_blank\">Vorf\u00e4lle melden<\/a>. Die Meldestelle informiert zudem \u00fcber ein breites Angebot von Unterst\u00fctzungs- und Beratungsm\u00f6glichkeiten.<\/p>\n\n\n<div class=\"wp-block-image\">\n<figure class=\"aligncenter size-full is-resized\"><img loading=\"lazy\" decoding=\"async\" src=\"https:\/\/blogs.fu-berlin.de\/frauenbeauftragte\/files\/2025\/08\/Header_antifem-melden.png\" alt=\"\" class=\"wp-image-10843\" width=\"410\" height=\"128\" srcset=\"https:\/\/blogs.fu-berlin.de\/frauenbeauftragte\/files\/2025\/08\/Header_antifem-melden.png 1640w, https:\/\/blogs.fu-berlin.de\/frauenbeauftragte\/files\/2025\/08\/Header_antifem-melden-300x94.png 300w, https:\/\/blogs.fu-berlin.de\/frauenbeauftragte\/files\/2025\/08\/Header_antifem-melden-1024x320.png 1024w, https:\/\/blogs.fu-berlin.de\/frauenbeauftragte\/files\/2025\/08\/Header_antifem-melden-768x240.png 768w, https:\/\/blogs.fu-berlin.de\/frauenbeauftragte\/files\/2025\/08\/Header_antifem-melden-1536x480.png 1536w, https:\/\/blogs.fu-berlin.de\/frauenbeauftragte\/files\/2025\/08\/Header_antifem-melden-1200x375.png 1200w\" sizes=\"auto, (max-width: 410px) 85vw, 410px\" \/><figcaption>Bildquelle: Meldestelle Antifeminismus<\/figcaption><\/figure><\/div>\n\n\n<p><a rel=\"noreferrer noopener\" href=\"https:\/\/scicomm-support.de\/\" target=\"_blank\">Scicomm-Support<\/a> unterst\u00fctzt und ber\u00e4t Wissenschaftler*innen und Wissenschaftskommunikator*innen, die Hass und Anfeindungen im Rahmen ihrer Wissenschaftskommunikation erfahren. Scicomm-Support bietet sowohl pers\u00f6nliche Beratung als auch Trainings und Workshops zum Umgang mit Wissenschaftsfeindlichkeit, Konflikten, (digitaler) Gewalt und gezielten Angriffen an.<\/p>\n\n\n\n<p>Die&nbsp;<a rel=\"noreferrer noopener\" href=\"https:\/\/bukof.de\/\" target=\"_blank\">Bundeskonferenz der Frauen- und Gleichstellungsbeauftragten an Hochschulen<\/a> (bukof) bietet auf ihrer Webseite <a rel=\"noreferrer noopener\" href=\"https:\/\/bukof.de\/inhalte\/antifeminismus-und-hate-speech\/\" target=\"_blank\">Hilfen gegen Antifeminismus und Hate Speech<\/a>. Hier gibt es Tipps, empfehlenswerte Publikationen und Links sowie Hintergrundinformationen und Argumente f\u00fcr eine geschlechtergerechte und vielf\u00e4ltige Gesellschaft und gegen antifeministische Positionen und Hate Speech.<\/p>\n\n\n\n<hr class=\"wp-block-separator has-alpha-channel-opacity\" \/>\n\n\n\n<p class=\"has-medium-font-size\">Information und Unterst\u00fctzung an der FU bei sexualisierten \u00dcbergriffen<\/p>\n\n\n<div class=\"wp-block-image\">\n<figure class=\"alignright size-medium\"><img loading=\"lazy\" decoding=\"async\" width=\"300\" height=\"200\" src=\"https:\/\/blogs.fu-berlin.de\/frauenbeauftragte\/files\/2022\/11\/Blogbild2.Format-300x200.png\" alt=\"\" class=\"wp-image-3819\" srcset=\"https:\/\/blogs.fu-berlin.de\/frauenbeauftragte\/files\/2022\/11\/Blogbild2.Format-300x200.png 300w, https:\/\/blogs.fu-berlin.de\/frauenbeauftragte\/files\/2022\/11\/Blogbild2.Format-1024x682.png 1024w, https:\/\/blogs.fu-berlin.de\/frauenbeauftragte\/files\/2022\/11\/Blogbild2.Format-768x512.png 768w, https:\/\/blogs.fu-berlin.de\/frauenbeauftragte\/files\/2022\/11\/Blogbild2.Format-1200x799.png 1200w, https:\/\/blogs.fu-berlin.de\/frauenbeauftragte\/files\/2022\/11\/Blogbild2.Format.png 1504w\" sizes=\"auto, (max-width: 300px) 85vw, 300px\" \/><\/figure><\/div>\n\n\n<p>Wenn Sie von sexualisierter Bel\u00e4stigung, Diskriminierung und Gewalt (SBDG) betroffen sind oder grenz\u00fcberschreitendes Verhalten beobachtet haben, bieten Ihnen FU-interne und externe Anlaufstellen Beratung und Unterst\u00fctzung an:<\/p>\n\n\n\n<ul class=\"wp-block-list\"><li><a rel=\"noreferrer noopener\" href=\"mailto:Zentrale%20Ansprechperson%20bei%20SBDG\" target=\"_blank\">Zentrale Ansprechperson bei SBDG<\/a>&nbsp;per E-Mail:&nbsp;<a rel=\"noreferrer noopener\" href=\"mailto:no-means-no@fu-berlin.de\" target=\"_blank\">no-means-no@fu-berlin.de<\/a>; per Telefon: 030 838 54970<\/li><li><a rel=\"noreferrer noopener\" href=\"https:\/\/www.fu-berlin.de\/sites\/frauenbeauftragte\/ueber-uns\/dfgb\/index.html\" target=\"_blank\">Frauen- und Gleichstellungsbeauftragte<\/a>&nbsp;an den Fachbereichen, Zentralinstituten und Zentraleinrichtungen<\/li><li>Weitere Anlaufstellen finden Sie auf der&nbsp;<a rel=\"noreferrer noopener\" href=\"https:\/\/www.fu-berlin.de\/sites\/nein-heisst-nein\/index.html\" target=\"_blank\">NEIN hei\u00dft NEIN<\/a>&nbsp;Webseite<\/li><\/ul>\n\n\n\n<hr class=\"wp-block-separator has-alpha-channel-opacity\" \/>\n\n\n\n<p class=\"has-medium-font-size\">Blogbeitr\u00e4ge zum Thema<\/p>\n\n\n\n<ul class=\"wp-block-list\"><li><a rel=\"noreferrer noopener\" href=\"https:\/\/blogs.fu-berlin.de\/frauenbeauftragte\/wp-admin\/post.php?post=9999&amp;action=edit\" target=\"_blank\">Gewalt gegen Frauen: Misogynie online<\/a><\/li><li><a rel=\"noreferrer noopener\" href=\"https:\/\/blogs.fu-berlin.de\/frauenbeauftragte\/wp-admin\/post.php?post=10022&amp;action=edit\" target=\"_blank\">Stimmen f\u00fcr die #Wissenschaftsfreiheit<\/a><\/li><\/ul>\n","protected":false},"excerpt":{"rendered":"<p>Was ist Antifeminismus, und was macht ihn gef\u00e4hrlich? Pinke Pille &#8211; Der Antifeminismus-Monitor gibt Antworten darauf. Der Podcast beschreibt Antifeminismus als ideologisches Element im Rechtsextremismus und kl\u00e4rt auf, welche Gefahren er f\u00fcr feministische Errungenschaften birgt. Wie aktuell das Thema Antifeminismus ist, dokumentiert die Meldestelle Antifeminismus: \u00fcber 500 Vorf\u00e4lle verzeichnet sie f\u00fcr das Jahr 2024.<\/p>\n","protected":false},"author":6410,"featured_media":10898,"comment_status":"open","ping_status":"open","sticky":false,"template":"","format":"standard","meta":{"footnotes":""},"categories":[603],"tags":[215230,334885,91],"class_list":["post-10793","post","type-post","status-publish","format-standard","has-post-thumbnail","hentry","category-vorgestellt","tag-gewalt","tag-antifeminismus","tag-beratung"],"_links":{"self":[{"href":"https:\/\/blogs.fu-berlin.de\/frauenbeauftragte\/wp-json\/wp\/v2\/posts\/10793","targetHints":{"allow":["GET"]}}],"collection":[{"href":"https:\/\/blogs.fu-berlin.de\/frauenbeauftragte\/wp-json\/wp\/v2\/posts"}],"about":[{"href":"https:\/\/blogs.fu-berlin.de\/frauenbeauftragte\/wp-json\/wp\/v2\/types\/post"}],"author":[{"embeddable":true,"href":"https:\/\/blogs.fu-berlin.de\/frauenbeauftragte\/wp-json\/wp\/v2\/users\/6410"}],"replies":[{"embeddable":true,"href":"https:\/\/blogs.fu-berlin.de\/frauenbeauftragte\/wp-json\/wp\/v2\/comments?post=10793"}],"version-history":[{"count":46,"href":"https:\/\/blogs.fu-berlin.de\/frauenbeauftragte\/wp-json\/wp\/v2\/posts\/10793\/revisions"}],"predecessor-version":[{"id":10902,"href":"https:\/\/blogs.fu-berlin.de\/frauenbeauftragte\/wp-json\/wp\/v2\/posts\/10793\/revisions\/10902"}],"wp:featuredmedia":[{"embeddable":true,"href":"https:\/\/blogs.fu-berlin.de\/frauenbeauftragte\/wp-json\/wp\/v2\/media\/10898"}],"wp:attachment":[{"href":"https:\/\/blogs.fu-berlin.de\/frauenbeauftragte\/wp-json\/wp\/v2\/media?parent=10793"}],"wp:term":[{"taxonomy":"category","embeddable":true,"href":"https:\/\/blogs.fu-berlin.de\/frauenbeauftragte\/wp-json\/wp\/v2\/categories?post=10793"},{"taxonomy":"post_tag","embeddable":true,"href":"https:\/\/blogs.fu-berlin.de\/frauenbeauftragte\/wp-json\/wp\/v2\/tags?post=10793"}],"curies":[{"name":"wp","href":"https:\/\/api.w.org\/{rel}","templated":true}]}}