{"id":10907,"date":"2025-09-11T14:05:00","date_gmt":"2025-09-11T12:05:00","guid":{"rendered":"https:\/\/blogs.fu-berlin.de\/frauenbeauftragte\/?p=10907"},"modified":"2025-09-11T14:18:05","modified_gmt":"2025-09-11T12:18:05","slug":"gender-diversity-career-development-5","status":"publish","type":"post","link":"https:\/\/blogs.fu-berlin.de\/frauenbeauftragte\/2025\/09\/11\/gender-diversity-career-development-5\/","title":{"rendered":"Gender, Diversity &amp; Career Development"},"content":{"rendered":"\n<div class=\"wp-block-media-text alignwide is-stacked-on-mobile\"><figure class=\"wp-block-media-text__media\"><img loading=\"lazy\" decoding=\"async\" width=\"1024\" height=\"683\" src=\"https:\/\/blogs.fu-berlin.de\/frauenbeauftragte\/files\/2022\/05\/G-D-Career-Development_Slide-1024x683.png\" alt=\"\" class=\"wp-image-2371 size-full\" srcset=\"https:\/\/blogs.fu-berlin.de\/frauenbeauftragte\/files\/2022\/05\/G-D-Career-Development_Slide-1024x683.png 1024w, https:\/\/blogs.fu-berlin.de\/frauenbeauftragte\/files\/2022\/05\/G-D-Career-Development_Slide-300x200.png 300w, https:\/\/blogs.fu-berlin.de\/frauenbeauftragte\/files\/2022\/05\/G-D-Career-Development_Slide-768x512.png 768w, https:\/\/blogs.fu-berlin.de\/frauenbeauftragte\/files\/2022\/05\/G-D-Career-Development_Slide-1536x1024.png 1536w, https:\/\/blogs.fu-berlin.de\/frauenbeauftragte\/files\/2022\/05\/G-D-Career-Development_Slide-2048x1365.png 2048w, https:\/\/blogs.fu-berlin.de\/frauenbeauftragte\/files\/2022\/05\/G-D-Career-Development_Slide-1200x800.png 1200w\" sizes=\"auto, (max-width: 709px) 85vw, (max-width: 909px) 67vw, (max-width: 1362px) 62vw, 840px\" \/><\/figure><div class=\"wp-block-media-text__content\">\n<p><strong>7. Fachtag: 29. September 2025&nbsp;|&nbsp;8:30-17:30 Uhr <\/strong>\u2013 F\u00fcr Nachwuchswissenschaftler*innen und weitere interessierte Forscher*innen bietet der<a rel=\"noreferrer noopener\" href=\"https:\/\/www.sfb1449.de\/Events\/Workshop_7_G_D11.html\" target=\"_blank\"> Fachtag Gender, Diversity &amp; Career Development<\/a> Workshops in Pr\u00e4senz und online, in deutscher und englischer Sprache an. Die Themen des Tages sind Beratung zu Karriereentwicklung, Stressbew\u00e4ltigung und Diskriminierung sowie der verantwortungsvolle Einsatz von KI-Tools in der MINT-Forschung.<\/p>\n\n\n\n<!--more-->\n<\/div><\/div>\n\n\n\n<p>Vier Forschungsverb\u00fcnde der Fachbereiche Biologie, Chemie, Pharmazie (BCP) und Physik laden Doktorand*innen, Postdocs und weitere interessierte Wissenschaftler*innen zum 7. Fachtag Gender, Diversity &amp; Career Development an die Freie Universit\u00e4t ein. Beteiligt sind die Sonderforschungsbereiche Dynamic Hydrogels at Biointerfaces (SFB 1449), Fluorine-Specific Interactions (SFB 1349),<strong> <\/strong>Entangled States of Matter (SFB 183) sowie der SFB 227 Ultrafast Spin Dynamics.<\/p>\n\n\n\n<p>Organisiert wird die Veranstaltung von <a href=\"https:\/\/www.sfb1078.de\/igk2\/people\/gendercoordinator\/Huch\/index.html\" target=\"_blank\" rel=\"noreferrer noopener\">Dr.in Sarah Huch<\/a>, Beraterin und Koordinatorin f\u00fcr Gender und Diversity der Sonderforschungsbereiche, und der <a href=\"https:\/\/www.bcp.fu-berlin.de\/fachbereich\/frauen\/index.html\" target=\"_blank\" rel=\"noreferrer noopener\">Frauen- und Gleichstellungsbeauftragten<\/a> des Fachbereichs Biologie, Pharmazie, Chemie.<\/p>\n\n\n\n<p>Mit einem Get Together bei Kaffee, Tee und Keksen beginnen die Teilnehmer*innen den 7. Fachtag Gender, Diversity &amp; Career Development. In den sich anschlie\u00dfenden Workshop in Pr\u00e4senz oder online geht es um Selbstvertrauen in die eigene Karriere, besonders in Zeiten der Unsicherheit. Im Fokus stehen dabei Fragen wie, \u201eWas hilft uns, unter Druck konzentriert zu bleiben, mit Diskriminierung umzugehen und nach R\u00fcckschl\u00e4gen weiterzumachen?\u201c und \u201eWie k\u00f6nnen wir mit Selbstzweifeln und Stress umgehen, w\u00e4hrend wir wichtige Entscheidungen treffen?\u201c oder, \u201eWie pr\u00e4gen Tools wie GenAI unsere Arbeit und was m\u00fcssen wir wissen, um sie verantwortungsbewusst einzusetzen?\u201c.<\/p>\n\n\n\n<p>Neben Coaching-Workshops zu Stressbew\u00e4ltigung, Prokrastination und einer positiven, konstruktiven Sichtweise auf Herausforderungen umfasst das diesj\u00e4hrige Programm kurze Einzelberatungen zu sensiblen Themen wie Diskriminierung und Bel\u00e4stigung aufgrund der geschlechtlichen Identit\u00e4t oder sexuellen Orientierung sowie Raum f\u00fcr Gespr\u00e4che \u00fcber Karriereentwicklung und individuelle Unterst\u00fctzung.<\/p>\n\n\n\n<hr class=\"wp-block-separator has-alpha-channel-opacity\" \/>\n\n\n\n<p><strong>Im \u00dcberblick<\/strong><\/p>\n\n\n\n<p>7. Fachtag Gender, Diversity &amp; Career Development. <\/p>\n\n\n\n<ul class=\"wp-block-list\"><li><strong>Zeit:<\/strong> Montag, 29.09.2025&nbsp;|&nbsp;8:30-17:30 Uhr<\/li><li><strong>Ort:<\/strong> <a rel=\"noreferrer noopener\" href=\"https:\/\/www.suprafab.fu-berlin.de\/\" target=\"_blank\">SupraFAB<\/a>, Altensteinstr. 23a, 14195 Berlin<\/li><li><a href=\"https:\/\/www.sfb1349.de\/veranstaltungen\/Zukuenftige-Veranstaltungen\/GDC-Fachtag-7\/29_09_25-_7_G-D-Career-Development_A4_WEB.pdf\" target=\"_blank\" rel=\"noreferrer noopener\">Programm-Flyer<\/a><\/li><li><strong>Anmeldung per E-Mail<\/strong>: <a rel=\"noreferrer noopener\" href=\"mailto:gender-diversityCRC1449@bcp.fu-berlin.de\" target=\"_blank\">gender-diversityCRC1449@bcp.fu-berlin.de<\/a><\/li><li><strong>Kontakt: <\/strong><a rel=\"noreferrer noopener\" href=\"https:\/\/www.sfb1078.de\/igk2\/people\/gendercoordinator\/Huch\/index.html\" target=\"_blank\">Dr.in Sarah Huch<\/a><\/li><li>Die Teilnahme an diesem Fachtag ist f\u00fcr Credit Points anrechenbar.<\/li><\/ul>\n\n\n\n<hr class=\"wp-block-separator has-css-opacity\" \/>\n\n\n\n<figure class=\"wp-block-image size-large\"><img loading=\"lazy\" decoding=\"async\" width=\"724\" height=\"1024\" src=\"https:\/\/blogs.fu-berlin.de\/frauenbeauftragte\/files\/2025\/09\/29.09.25-_7_G-D-Career-Development_A4_WEB-724x1024.png\" alt=\"\" class=\"wp-image-10912\" srcset=\"https:\/\/blogs.fu-berlin.de\/frauenbeauftragte\/files\/2025\/09\/29.09.25-_7_G-D-Career-Development_A4_WEB-724x1024.png 724w, https:\/\/blogs.fu-berlin.de\/frauenbeauftragte\/files\/2025\/09\/29.09.25-_7_G-D-Career-Development_A4_WEB-212x300.png 212w, https:\/\/blogs.fu-berlin.de\/frauenbeauftragte\/files\/2025\/09\/29.09.25-_7_G-D-Career-Development_A4_WEB-768x1087.png 768w, https:\/\/blogs.fu-berlin.de\/frauenbeauftragte\/files\/2025\/09\/29.09.25-_7_G-D-Career-Development_A4_WEB.png 802w\" sizes=\"auto, (max-width: 709px) 85vw, (max-width: 909px) 67vw, (max-width: 984px) 61vw, (max-width: 1362px) 45vw, 600px\" \/><\/figure>\n","protected":false},"excerpt":{"rendered":"<p>7. Fachtag: 29. September 2025&nbsp;|&nbsp;8:30-17:30 Uhr \u2013 F\u00fcr Nachwuchswissenschaftler*innen und weitere interessierte Forscher*innen bietet der Fachtag Gender, Diversity &amp; Career Development Workshops in Pr\u00e4senz und online, in deutscher und englischer Sprache an. Die Themen des Tages sind Beratung zu Karriereentwicklung, Stressbew\u00e4ltigung und Diskriminierung sowie der verantwortungsvolle Einsatz von KI-Tools in der MINT-Forschung.<\/p>\n","protected":false},"author":6410,"featured_media":2371,"comment_status":"open","ping_status":"open","sticky":false,"template":"","format":"standard","meta":{"footnotes":""},"categories":[428608],"tags":[423731,305170,433674,437124,188000],"class_list":["post-10907","post","type-post","status-publish","format-standard","has-post-thumbnail","hentry","category-informiert","tag-mintoring","tag-diversity","tag-genderkompetenz","tag-wissenschaftlerinnen","tag-karriere"],"_links":{"self":[{"href":"https:\/\/blogs.fu-berlin.de\/frauenbeauftragte\/wp-json\/wp\/v2\/posts\/10907","targetHints":{"allow":["GET"]}}],"collection":[{"href":"https:\/\/blogs.fu-berlin.de\/frauenbeauftragte\/wp-json\/wp\/v2\/posts"}],"about":[{"href":"https:\/\/blogs.fu-berlin.de\/frauenbeauftragte\/wp-json\/wp\/v2\/types\/post"}],"author":[{"embeddable":true,"href":"https:\/\/blogs.fu-berlin.de\/frauenbeauftragte\/wp-json\/wp\/v2\/users\/6410"}],"replies":[{"embeddable":true,"href":"https:\/\/blogs.fu-berlin.de\/frauenbeauftragte\/wp-json\/wp\/v2\/comments?post=10907"}],"version-history":[{"count":11,"href":"https:\/\/blogs.fu-berlin.de\/frauenbeauftragte\/wp-json\/wp\/v2\/posts\/10907\/revisions"}],"predecessor-version":[{"id":10919,"href":"https:\/\/blogs.fu-berlin.de\/frauenbeauftragte\/wp-json\/wp\/v2\/posts\/10907\/revisions\/10919"}],"wp:featuredmedia":[{"embeddable":true,"href":"https:\/\/blogs.fu-berlin.de\/frauenbeauftragte\/wp-json\/wp\/v2\/media\/2371"}],"wp:attachment":[{"href":"https:\/\/blogs.fu-berlin.de\/frauenbeauftragte\/wp-json\/wp\/v2\/media?parent=10907"}],"wp:term":[{"taxonomy":"category","embeddable":true,"href":"https:\/\/blogs.fu-berlin.de\/frauenbeauftragte\/wp-json\/wp\/v2\/categories?post=10907"},{"taxonomy":"post_tag","embeddable":true,"href":"https:\/\/blogs.fu-berlin.de\/frauenbeauftragte\/wp-json\/wp\/v2\/tags?post=10907"}],"curies":[{"name":"wp","href":"https:\/\/api.w.org\/{rel}","templated":true}]}}