{"id":11095,"date":"2025-11-15T08:54:00","date_gmt":"2025-11-15T07:54:00","guid":{"rendered":"https:\/\/blogs.fu-berlin.de\/frauenbeauftragte\/?p=11095"},"modified":"2025-11-15T08:51:57","modified_gmt":"2025-11-15T07:51:57","slug":"von-mikroaggressionen-und-maennlichkeit","status":"publish","type":"post","link":"https:\/\/blogs.fu-berlin.de\/frauenbeauftragte\/2025\/11\/15\/von-mikroaggressionen-und-maennlichkeit\/","title":{"rendered":"Von Mikroaggressionen und M\u00e4nnlichkeit"},"content":{"rendered":"\n<div class=\"wp-block-media-text alignwide is-stacked-on-mobile\"><figure class=\"wp-block-media-text__media\"><img loading=\"lazy\" decoding=\"async\" width=\"1024\" height=\"683\" src=\"https:\/\/blogs.fu-berlin.de\/frauenbeauftragte\/files\/2025\/10\/25-11-25_Contentbild_3-2-1024x683.png\" alt=\"\" class=\"wp-image-11097 size-full\" srcset=\"https:\/\/blogs.fu-berlin.de\/frauenbeauftragte\/files\/2025\/10\/25-11-25_Contentbild_3-2-1024x683.png 1024w, https:\/\/blogs.fu-berlin.de\/frauenbeauftragte\/files\/2025\/10\/25-11-25_Contentbild_3-2-300x200.png 300w, https:\/\/blogs.fu-berlin.de\/frauenbeauftragte\/files\/2025\/10\/25-11-25_Contentbild_3-2-768x512.png 768w, https:\/\/blogs.fu-berlin.de\/frauenbeauftragte\/files\/2025\/10\/25-11-25_Contentbild_3-2-1200x800.png 1200w, https:\/\/blogs.fu-berlin.de\/frauenbeauftragte\/files\/2025\/10\/25-11-25_Contentbild_3-2.png 1500w\" sizes=\"auto, (max-width: 709px) 85vw, (max-width: 909px) 67vw, (max-width: 1362px) 62vw, 840px\" \/><\/figure><div class=\"wp-block-media-text__content\">\n<p><strong>Vom 18. November bis 2. Dezember 2025 <\/strong>finden an der Freien Universit\u00e4t Aktionstage gegen sexualisierte Bel\u00e4stigung, Diskriminierung und Gewalt statt. Auf dem Veranstaltungsprogramm stehen ein Theaterst\u00fcck, das Verhalten und Verantwortung von M\u00e4nnern ins Visier nimmt, ein Online-Vortrag zum Thema Mikroaggressionen im Hochschulalltag sowie Empowerment-Workshops zu Selbstbehauptung und Selbstverteidigung.<\/p>\n\n\n\n<!--more-->\n<\/div><\/div>\n\n\n\n<p>Anl\u00e4sslich des <a href=\"https:\/\/www.fu-berlin.de\/sites\/nein-heisst-nein\/Anti-Gewalt-Aktionstage\/index.html\" target=\"_blank\" rel=\"noreferrer noopener\">Internationalen Tages zur Beseitigung von Gewalt gegen Frauen<\/a> am 25. November l\u00e4dt das&nbsp;Team geschlechter*gerecht&nbsp;alle FU-Mitglieder und \u00f6ffentliches Publikum zu einer Reihe von Veranstaltungen zum Thema sexualisierte Bel\u00e4stigung, Diskriminierung und Gewalt (SBDG) ein. Auf dem <a href=\"https:\/\/www.fu-berlin.de\/sites\/nein-heisst-nein\/Anti-Gewalt-Aktionstage\/Aktionstage-2025\/index.html\" target=\"_blank\" rel=\"noreferrer noopener\">Programm<\/a> der Aktionstage vom 18. November bis 2. Dezember 2025 stehen Workshops in deutscher und englischer Sprache zu Selbstbehauptung und Selbstverteidigung sowie zu Pr\u00e4vention und Deeskalation. Die Workshops werden in Kooperation mit der&nbsp;<a href=\"https:\/\/www.fu-berlin.de\/sites\/diversity\" target=\"_blank\" rel=\"noreferrer noopener\">Stabsstelle Diversity und Antidiskriminierung<\/a> angeboten und richten sich vorrangig an Studierende und Besch\u00e4ftigte der Freien Universit\u00e4t.<\/p>\n\n\n<div class=\"wp-block-image\">\n<figure class=\"alignright size-large is-resized\"><img loading=\"lazy\" decoding=\"async\" width=\"727\" height=\"1024\" src=\"https:\/\/blogs.fu-berlin.de\/frauenbeauftragte\/files\/2025\/11\/Aktionstage_25-11-25_A5_CMYK_DRUCK_Seite_1-727x1024.png\" alt=\"\" class=\"wp-image-11363\" style=\"width:380px\" srcset=\"https:\/\/blogs.fu-berlin.de\/frauenbeauftragte\/files\/2025\/11\/Aktionstage_25-11-25_A5_CMYK_DRUCK_Seite_1-727x1024.png 727w, https:\/\/blogs.fu-berlin.de\/frauenbeauftragte\/files\/2025\/11\/Aktionstage_25-11-25_A5_CMYK_DRUCK_Seite_1-213x300.png 213w, https:\/\/blogs.fu-berlin.de\/frauenbeauftragte\/files\/2025\/11\/Aktionstage_25-11-25_A5_CMYK_DRUCK_Seite_1-768x1081.png 768w, https:\/\/blogs.fu-berlin.de\/frauenbeauftragte\/files\/2025\/11\/Aktionstage_25-11-25_A5_CMYK_DRUCK_Seite_1-1091x1536.png 1091w, https:\/\/blogs.fu-berlin.de\/frauenbeauftragte\/files\/2025\/11\/Aktionstage_25-11-25_A5_CMYK_DRUCK_Seite_1-1455x2048.png 1455w, https:\/\/blogs.fu-berlin.de\/frauenbeauftragte\/files\/2025\/11\/Aktionstage_25-11-25_A5_CMYK_DRUCK_Seite_1-1200x1689.png 1200w, https:\/\/blogs.fu-berlin.de\/frauenbeauftragte\/files\/2025\/11\/Aktionstage_25-11-25_A5_CMYK_DRUCK_Seite_1.png 1796w\" sizes=\"auto, (max-width: 709px) 85vw, (max-width: 909px) 67vw, (max-width: 984px) 61vw, (max-width: 1362px) 45vw, 600px\" \/><figcaption class=\"wp-element-caption\">Bildquelle: FUB-IT, G\u00f6sta R\u00f6ver<\/figcaption><\/figure><\/div>\n\n\n<p>F\u00fcr alle Interessierten, in und au\u00dferhalb der FU, bieten die diesj\u00e4hrigen Aktionstage zwei Highlights: Am 25.11. steht der <a href=\"https:\/\/www.fu-berlin.de\/sites\/nein-heisst-nein\/Termine-SBDG\/Termine-25N-2025\/20251125_onlinevortrag.html\" target=\"_blank\" rel=\"noreferrer noopener\">Online-Vortrag zu \u201eMikroaggressionen im Hochschulalltag\u201c<\/a> von Dr. Gina Sissoko, Psychologin an der Yale University, auf dem Programm und am 27.11. steht das <a href=\"https:\/\/www.fu-berlin.de\/sites\/nein-heisst-nein\/Termine-SBDG\/Termine-25N-2025\/20251127_theaterstueck-wendemoeglichkeit.html\" target=\"_blank\" rel=\"noreferrer noopener\">Forumtheater \u201eWendem\u00f6glichkeit\u201c<\/a> im Henry-Ford-Bau auf der B\u00fchne. Die Auff\u00fchrung der Theatergruppe\u00a0Masculinities Lab des Theaterkollektivs KURINGA thematisiert Grenz\u00fcberschreitungen, Gruppendruck und m\u00e4nnliche Loyalit\u00e4t.<br><\/p>\n\n\n\n<p>Mit den Aktionstagen m\u00f6chte die Freie Universit\u00e4t ein Zeichen setzen, zur Solidarit\u00e4t mit Betroffenen aufrufen und auf das breite Spektrum geschlechtsspezifischer \u00dcbergriffe aufmerksam machen. Wendy Stollberg, <a href=\"https:\/\/www.fu-berlin.de\/sites\/frauenbeauftragte\/ueber-uns\/team\/referentinnen\/wendy-stollberg.html\" target=\"_blank\" rel=\"noreferrer noopener\">zentrale Ansprechperson bei SBDG<\/a> und federf\u00fchrende Organisatorin der Aktionstage, erl\u00e4utert dazu: \u201eLaut Untersuchungen haben mehr als die H\u00e4lfte der Besch\u00e4ftigten und Studierenden geschlechtsspezifische Gewalt an ihrer Hochschule erlebt. Die Aktionstage geben einen Raum daf\u00fcr, sich mit dieser strukturellen Problematik aus verschiedenen Perspektiven auseinanderzusetzen und ihr etwas entgegenzusetzen.&#8220; Es gehe, so Stollberg,  in allen Veranstaltungen um die Fragen: Wie k\u00f6nnen wir \u2013 als Einzelne und als Institution \u2013 sexualisierte Bel\u00e4stigung, Diskriminierung und Gewalt erkennen? Wie lernen wir, Betroffenen aufmerksam zuzuh\u00f6ren? Und wie \u00fcbernehmen wir Verantwortung, um diskriminierungssensibel zu handeln und diesen Formen von Gewalt aktiv entgegenzutreten?<\/p>\n\n\n\n<hr class=\"wp-block-separator has-alpha-channel-opacity\" \/>\n\n\n\n<p class=\"has-medium-font-size\">Programm und Anmeldung<\/p>\n\n\n\n<p>Die Veranstaltungen richten sich teils an die breite \u00d6ffentlichkeit und teils an spezifische Zielgruppen. F\u00fcr alle Veranstaltungen mit Ausnahme des Forumtheaters ist eine Anmeldung erforderlich. Das vollst\u00e4ndige Programm inklusive der Anmeldelinks ist <a href=\"https:\/\/www.fu-berlin.de\/sites\/nein-heisst-nein\/Anti-Gewalt-Aktionstage\/Aktionstage-2025\/index.html\" target=\"_blank\" rel=\"noreferrer noopener\">hier<\/a> abrufbar. <\/p>\n\n\n\n<p><strong>Kontakt:<\/strong> Wendy Stollberg und Varvara Mironova: <a href=\"mailto:november25@campus.fu-berlin.de\" target=\"_blank\" rel=\"noreferrer noopener\">november25@campus.fu-berlin.de<\/a><\/p>\n\n\n\n<hr class=\"wp-block-separator has-alpha-channel-opacity\" \/>\n\n\n\n<p class=\"has-medium-font-size\">Weitere Informationen<\/p>\n\n\n\n<ul class=\"wp-block-list\">\n<li>Die Webseite <a href=\"https:\/\/www.fu-berlin.de\/sites\/nein-heisst-nein\/index.html\" target=\"_blank\" rel=\"noreferrer noopener\">Nein hei\u00dft Nein <\/a>informiert dar\u00fcber, was sexualisierte Bel\u00e4stigung, Diskriminierung und Gewalt (SBDG) bezeichnet und gibt erste Hilfestellungen f\u00fcr eine gelingende Pr\u00e4vention. Dar\u00fcber hinaus finden Sie auf dieser Seite <a href=\"https:\/\/www.fu-berlin.de\/sites\/nein-heisst-nein\/NEU_Anlaufstellen\/index.html\" target=\"_blank\" rel=\"noreferrer noopener\">Anlaufstellen<\/a> und Beratungsangebote f\u00fcr Betroffene.<\/li>\n\n\n\n<li><a href=\"https:\/\/www.gesis.org\/en\/cews\/projects\/current-projects\/unisafe\">UniSAFE:<\/a> Forschungsprojekt zu geschlechtsspezifischer Gewalt&nbsp;<\/li>\n\n\n\n<li><a href=\"https:\/\/www.lakof-berlin.de\/publikationen\/lakof_list-aktionen_251125.pdf\" target=\"_blank\" rel=\"noreferrer noopener\">Angebote anderer Berliner Hochschulen <\/a>rund um den 25. November hat die Landeskonferenz der Frauen- und Gleichstellungsbeauftragten an Berliner Hochschulen (LakoF) ver\u00f6ffentlicht.<\/li>\n<\/ul>\n","protected":false},"excerpt":{"rendered":"<p>Vom 18. November bis 2. Dezember 2025 finden an der Freien Universit\u00e4t Aktionstage gegen sexualisierte Bel\u00e4stigung, Diskriminierung und Gewalt statt. Auf dem Veranstaltungsprogramm stehen ein Theaterst\u00fcck, das Verhalten und Verantwortung von M\u00e4nnern ins Visier nimmt, ein Online-Vortrag zum Thema Mikroaggressionen im Hochschulalltag sowie Empowerment-Workshops zu Selbstbehauptung und Selbstverteidigung.<\/p>\n","protected":false},"author":6410,"featured_media":11362,"comment_status":"open","ping_status":"open","sticky":false,"template":"","format":"standard","meta":{"footnotes":""},"categories":[428608],"tags":[433140,215230,90487,91,437425],"class_list":["post-11095","post","type-post","status-publish","format-standard","has-post-thumbnail","hentry","category-informiert","tag-sbdg","tag-gewalt","tag-diskriminierung","tag-beratung","tag-belaestigung"],"_links":{"self":[{"href":"https:\/\/blogs.fu-berlin.de\/frauenbeauftragte\/wp-json\/wp\/v2\/posts\/11095","targetHints":{"allow":["GET"]}}],"collection":[{"href":"https:\/\/blogs.fu-berlin.de\/frauenbeauftragte\/wp-json\/wp\/v2\/posts"}],"about":[{"href":"https:\/\/blogs.fu-berlin.de\/frauenbeauftragte\/wp-json\/wp\/v2\/types\/post"}],"author":[{"embeddable":true,"href":"https:\/\/blogs.fu-berlin.de\/frauenbeauftragte\/wp-json\/wp\/v2\/users\/6410"}],"replies":[{"embeddable":true,"href":"https:\/\/blogs.fu-berlin.de\/frauenbeauftragte\/wp-json\/wp\/v2\/comments?post=11095"}],"version-history":[{"count":41,"href":"https:\/\/blogs.fu-berlin.de\/frauenbeauftragte\/wp-json\/wp\/v2\/posts\/11095\/revisions"}],"predecessor-version":[{"id":11632,"href":"https:\/\/blogs.fu-berlin.de\/frauenbeauftragte\/wp-json\/wp\/v2\/posts\/11095\/revisions\/11632"}],"wp:featuredmedia":[{"embeddable":true,"href":"https:\/\/blogs.fu-berlin.de\/frauenbeauftragte\/wp-json\/wp\/v2\/media\/11362"}],"wp:attachment":[{"href":"https:\/\/blogs.fu-berlin.de\/frauenbeauftragte\/wp-json\/wp\/v2\/media?parent=11095"}],"wp:term":[{"taxonomy":"category","embeddable":true,"href":"https:\/\/blogs.fu-berlin.de\/frauenbeauftragte\/wp-json\/wp\/v2\/categories?post=11095"},{"taxonomy":"post_tag","embeddable":true,"href":"https:\/\/blogs.fu-berlin.de\/frauenbeauftragte\/wp-json\/wp\/v2\/tags?post=11095"}],"curies":[{"name":"wp","href":"https:\/\/api.w.org\/{rel}","templated":true}]}}