{"id":11100,"date":"2025-10-21T16:49:04","date_gmt":"2025-10-21T14:49:04","guid":{"rendered":"https:\/\/blogs.fu-berlin.de\/frauenbeauftragte\/?p=11100"},"modified":"2025-10-22T06:25:14","modified_gmt":"2025-10-22T04:25:14","slug":"vernetzen-empowern-gestalten","status":"publish","type":"post","link":"https:\/\/blogs.fu-berlin.de\/frauenbeauftragte\/2025\/10\/21\/vernetzen-empowern-gestalten\/","title":{"rendered":"Vernetzen, empowern, gestalten"},"content":{"rendered":"\n<div class=\"wp-block-media-text alignwide is-stacked-on-mobile is-vertically-aligned-center\"><figure class=\"wp-block-media-text__media\"><img loading=\"lazy\" decoding=\"async\" width=\"1024\" height=\"683\" src=\"https:\/\/blogs.fu-berlin.de\/frauenbeauftragte\/files\/2025\/10\/Logo_dezentrale_F-G_GeschKult_RGB-3-2-1024x683.png\" alt=\"\" class=\"wp-image-11105 size-full\" srcset=\"https:\/\/blogs.fu-berlin.de\/frauenbeauftragte\/files\/2025\/10\/Logo_dezentrale_F-G_GeschKult_RGB-3-2-1024x683.png 1024w, https:\/\/blogs.fu-berlin.de\/frauenbeauftragte\/files\/2025\/10\/Logo_dezentrale_F-G_GeschKult_RGB-3-2-300x200.png 300w, https:\/\/blogs.fu-berlin.de\/frauenbeauftragte\/files\/2025\/10\/Logo_dezentrale_F-G_GeschKult_RGB-3-2-768x512.png 768w, https:\/\/blogs.fu-berlin.de\/frauenbeauftragte\/files\/2025\/10\/Logo_dezentrale_F-G_GeschKult_RGB-3-2-1200x800.png 1200w, https:\/\/blogs.fu-berlin.de\/frauenbeauftragte\/files\/2025\/10\/Logo_dezentrale_F-G_GeschKult_RGB-3-2.png 1329w\" sizes=\"auto, (max-width: 709px) 85vw, (max-width: 909px) 67vw, (max-width: 1362px) 62vw, 840px\" \/><\/figure><div class=\"wp-block-media-text__content\">\n<p><strong>Netzwerktreffen: 6. November 2025 | 09:00\u201317:00 Uhr <\/strong>\u2013 Die Frauen- und Gleichstellungsbeauftragten des Fachbereichs Geschichts- und Kulturwissenschaften der FU laden Anfang November zu einem Vernetzungstreffen unter dem Titel <a href=\"https:\/\/www.geschkult.fu-berlin.de\/service\/frauenbeauftragte\/Vernetzungstreffen\/index.html\">&#8222;Empowerment und Vielfalt: Frauen gestalten die Universit\u00e4t&#8220;<\/a> ein. Auf dem Programm stehen Workshops, Vortr\u00e4ge und eine Podiumsdiskussion. Teilnehmen k\u00f6nnen alle Frauen des Fachbereichs.<\/p>\n\n\n\n<!--more-->\n<\/div><\/div>\n\n\n\n<p>Laura Hoffmann und Gisela Eberhardt, die <a href=\"https:\/\/www.geschkult.fu-berlin.de\/service\/frauenbeauftragte\">Frauen- und Gleichstellungsbeauftragten des Fachbereichs Geschichts- und Kulturwissenschaften<\/a>, laden ein: Am 6. November findet ein Vernetzungstreffen f\u00fcr alle Frauen \u2013 Mitarbeiterinnen aus Verwaltung und Technik, Studentinnen und Wissenschaftlerinnen\u2013 des Fachbereichs statt, das   den Teilnehmer*innen die M\u00f6glichkeit zur Information, zum Austausch und zum Vernetzen bietet. <\/p>\n\n\n\n<p class=\"has-medium-font-size\">Vernetzungstreffen 2025 \u2013 Empowerment und Vielfalt: Frauen gestalten die Universit\u00e4t<\/p>\n\n\n\n<p>Neben einem umfangreichen Programm mit Vortr\u00e4gen, Workshops und einer Podiumsdiskussion werden ein Mittagsimbiss, Kaffee und Tee sowie ein Pausenexpress angeboten. Er\u00f6ffnet wird die Veranstaltung mit einem Gru\u00dfwort von Verena Blechinger-Talcott, der Ersten Vizepr\u00e4sidentin der Freien Universit\u00e4t und Schirmherrin des Netzwerktreffens. In der Keynote mit dem Titel &#8222;<em>Wissenschaftler\u2026in<\/em>\u2013 individuelle Anpassung oder struktureller Wandel?&#8220; geht <a href=\"https:\/\/www.awi.uni-heidelberg.de\/de\/professuren\/organizational-behavior\/prof-dr-christiane-schwieren\" target=\"_blank\" rel=\"noreferrer noopener\">Christiane Schwieren<\/a>, Gleichstellungsbeauftragte und Professorin an der Universit\u00e4t Heidelberg, der Frage nach, ob Wissenschaftlerinnen sich an m\u00e4nnliche Strukturen anpassen m\u00fcssen und leitet damit das Programm inhaltlich ein.<\/p>\n\n\n\n<p class=\"has-medium-font-size\">15 Workshops und eine Podiumsdiskussion<\/p>\n\n\n\n<p>Kernst\u00fcck des Netzwerktreffens sind 15 Workshops zu Themen wie Diversit\u00e4t und Inklusion in der Wissenschaft, zu Empowerment- und Selbstf\u00fcrsorge, zur physischen und digitalen Selbstverteidigung und zur F\u00f6rderung der seelischen Gesundheit. Andere Workshops vermitteln Kompetenzen in den Bereichen Verhandlungstaktiken und Finanzen. Ebenso werden die Themenbereiche sexualisierte Bel\u00e4stigung und Machtmissbrauch in der Wissenschaft bearbeitet und Strategien zum Umgang damit entwickelt.<\/p>\n\n\n\n<p>Im Rahmen einer Podiumsdiskussion stellen verschiedene <a href=\"https:\/\/www.fu-berlin.de\/beratung\/index.html\">FU-Beratungsstellen <\/a>ihr Angebot und ihre Arbeit vor. Neben Katharina Schmidt, Stellvertreterin der zentralen Frauen- und Gleichstellungsbeauftragten, sind Mitarbeiter*innen der Beratungsstelle f\u00fcr Studierende mit Behinderungen und chronischen Erkrankungen, der Stabsstelle Diversit\u00e4t und Antidiskriminierung sowie von der Zentraleinrichtung Studienberatung und Psychologische Beratung auf dem Podium vertreten.<\/p>\n\n\n\n<hr class=\"wp-block-separator has-alpha-channel-opacity\" \/>\n\n\n\n<p class=\"has-medium-font-size\">\u00dcberblick<\/p>\n\n\n\n<p>Vernetzungstreffen 2025 \u2013 Empowerment und Vielfalt: Frauen gestalten die Universit\u00e4t<\/p>\n\n\n\n<ul class=\"wp-block-list\">\n<li><a href=\"https:\/\/www.geschkult.fu-berlin.de\/service\/frauenbeauftragte\/Vernetzungstreffen\/index.html\" target=\"_blank\" rel=\"noreferrer noopener\"><strong>Programm<\/strong><\/a><\/li>\n\n\n\n<li>Donnerstag, 6. November 2025 | 09:00 \u2013 17:00 Uhr<\/li>\n\n\n\n<li>Freie Universit\u00e4t Berlin | <a href=\"https:\/\/www.fu-berlin.de\/sites\/rosila\/Gebaeude\/Seminarzentrum\/index.html\" target=\"_blank\" rel=\"noreferrer noopener\">Seminarzentrum<\/a> Silberlaube | <br>Otto-von-Simson-Str. 26, 14195 Berlin<\/li>\n\n\n\n<li><strong><a href=\"https:\/\/ssl2.cms.fu-berlin.de\/geschkult\/service\/frauenbeauftragte\/Vernetzungstreffen\/PM-anmeldung\/index.html\">Anmeldung<\/a> <\/strong>erforderlich<\/li>\n\n\n\n<li><strong>Kontakt<\/strong>:<a href=\"frauenbeauftragte@geschkult.fu-berlin.de\"> <\/a><a href=\"mailto:frauenbeauftragte@geschkult.fu-berlin.de\">frauenbeauftragte@geschkult.fu-berlin.de<\/a><\/li>\n<\/ul>\n\n\n\n<hr class=\"wp-block-separator has-alpha-channel-opacity\" \/>\n\n\n\n<figure class=\"wp-block-image size-large\"><img decoding=\"async\" src=\"https:\/\/blogs.fu-berlin.de\/frauenbeauftragte\/files\/2025\/10\/Poster_Vernetzungstreffen-724x1024.png\" alt=\"\" class=\"wp-image-11127\" \/><\/figure>\n\n\n\n<p><br><\/p>\n","protected":false},"excerpt":{"rendered":"<p>Netzwerktreffen: 6. November 2025 | 09:00\u201317:00 Uhr \u2013 Die Frauen- und Gleichstellungsbeauftragten des Fachbereichs Geschichts- und Kulturwissenschaften der FU laden Anfang November zu einem Vernetzungstreffen unter dem Titel &#8222;Empowerment und Vielfalt: Frauen gestalten die Universit\u00e4t&#8220; ein. Auf dem Programm stehen Workshops, Vortr\u00e4ge und eine Podiumsdiskussion. Teilnehmen k\u00f6nnen alle Frauen des Fachbereichs.<\/p>\n","protected":false},"author":8923,"featured_media":9561,"comment_status":"open","ping_status":"open","sticky":false,"template":"","format":"standard","meta":{"footnotes":""},"categories":[428608],"tags":[437124,437402,437419,437420],"class_list":["post-11100","post","type-post","status-publish","format-standard","has-post-thumbnail","hentry","category-informiert","tag-wissenschaftlerinnen","tag-frauenbeauftragte","tag-beschaeftigte","tag-studentinnen"],"_links":{"self":[{"href":"https:\/\/blogs.fu-berlin.de\/frauenbeauftragte\/wp-json\/wp\/v2\/posts\/11100","targetHints":{"allow":["GET"]}}],"collection":[{"href":"https:\/\/blogs.fu-berlin.de\/frauenbeauftragte\/wp-json\/wp\/v2\/posts"}],"about":[{"href":"https:\/\/blogs.fu-berlin.de\/frauenbeauftragte\/wp-json\/wp\/v2\/types\/post"}],"author":[{"embeddable":true,"href":"https:\/\/blogs.fu-berlin.de\/frauenbeauftragte\/wp-json\/wp\/v2\/users\/8923"}],"replies":[{"embeddable":true,"href":"https:\/\/blogs.fu-berlin.de\/frauenbeauftragte\/wp-json\/wp\/v2\/comments?post=11100"}],"version-history":[{"count":26,"href":"https:\/\/blogs.fu-berlin.de\/frauenbeauftragte\/wp-json\/wp\/v2\/posts\/11100\/revisions"}],"predecessor-version":[{"id":11162,"href":"https:\/\/blogs.fu-berlin.de\/frauenbeauftragte\/wp-json\/wp\/v2\/posts\/11100\/revisions\/11162"}],"wp:featuredmedia":[{"embeddable":true,"href":"https:\/\/blogs.fu-berlin.de\/frauenbeauftragte\/wp-json\/wp\/v2\/media\/9561"}],"wp:attachment":[{"href":"https:\/\/blogs.fu-berlin.de\/frauenbeauftragte\/wp-json\/wp\/v2\/media?parent=11100"}],"wp:term":[{"taxonomy":"category","embeddable":true,"href":"https:\/\/blogs.fu-berlin.de\/frauenbeauftragte\/wp-json\/wp\/v2\/categories?post=11100"},{"taxonomy":"post_tag","embeddable":true,"href":"https:\/\/blogs.fu-berlin.de\/frauenbeauftragte\/wp-json\/wp\/v2\/tags?post=11100"}],"curies":[{"name":"wp","href":"https:\/\/api.w.org\/{rel}","templated":true}]}}