{"id":11112,"date":"2025-10-23T16:27:00","date_gmt":"2025-10-23T14:27:00","guid":{"rendered":"https:\/\/blogs.fu-berlin.de\/frauenbeauftragte\/?p=11112"},"modified":"2025-10-23T16:36:30","modified_gmt":"2025-10-23T14:36:30","slug":"heisses-thema-wechseljahre-und-arbeitskultur","status":"publish","type":"post","link":"https:\/\/blogs.fu-berlin.de\/frauenbeauftragte\/2025\/10\/23\/heisses-thema-wechseljahre-und-arbeitskultur\/","title":{"rendered":"Hei\u00dfes Thema: Wechseljahre und Arbeitskultur"},"content":{"rendered":"\n<div class=\"wp-block-media-text alignwide is-stacked-on-mobile\"><figure class=\"wp-block-media-text__media\"><img loading=\"lazy\" decoding=\"async\" width=\"1024\" height=\"683\" src=\"https:\/\/blogs.fu-berlin.de\/frauenbeauftragte\/files\/2025\/06\/MvBZ_Logo_RGB_2024_2_3-1024x683.png\" alt=\"\" class=\"wp-image-10523 size-full\" srcset=\"https:\/\/blogs.fu-berlin.de\/frauenbeauftragte\/files\/2025\/06\/MvBZ_Logo_RGB_2024_2_3-1024x683.png 1024w, https:\/\/blogs.fu-berlin.de\/frauenbeauftragte\/files\/2025\/06\/MvBZ_Logo_RGB_2024_2_3-300x200.png 300w, https:\/\/blogs.fu-berlin.de\/frauenbeauftragte\/files\/2025\/06\/MvBZ_Logo_RGB_2024_2_3-768x512.png 768w, https:\/\/blogs.fu-berlin.de\/frauenbeauftragte\/files\/2025\/06\/MvBZ_Logo_RGB_2024_2_3.png 1182w\" sizes=\"auto, (max-width: 709px) 85vw, (max-width: 909px) 67vw, (max-width: 1362px) 62vw, 840px\" \/><\/figure><div class=\"wp-block-media-text__content\">\n<p><strong>Informationsveranstaltungen: 29. Oktober und 12. November 2025 | 12:00-14:00 Uhr<\/strong> \u2013 Das Margherita-von-Brentano-Zentrum der Freien Universit\u00e4t l\u00e4dt zu zwei Veranstaltungen zum Thema Wechseljahre am Arbeitsplatz ein. Menopausen-Expertin Dr. Jennifer Chan de Avila gibt Empfehlungen und erl\u00e4utert Strategien f\u00fcr einen frauengerechten und unterst\u00fctzenden Umgang mit diesem noch h\u00e4ufig tabuisierten Thema.<\/p>\n\n\n\n<!--more-->\n<\/div><\/div>\n\n\n\n<p>J\u00e4hrlich am 18. Oktober ist der <a href=\"https:\/\/www.imsociety.org\/education\/world-menopause-day-2025\/\" target=\"_blank\" rel=\"noreferrer noopener\">Weltmenopausentag<\/a>. Mit diesem Aktionstag soll weltweit auf die Bedeutung und Auswirkungen der Wechseljahre aufmerksam gemacht werden. Vor diesem Hintergrund bietet das <a href=\"https:\/\/www.mvbz.fu-berlin.de\/index.html\" target=\"_blank\" rel=\"noreferrer noopener\">Margherita-von-Brentano-Zentrum<\/a> zwei Veranstaltungen an, die \u00fcber das Thema Wechseljahre am Arbeitsplatz informieren:<\/p>\n\n\n\n<hr class=\"wp-block-separator has-alpha-channel-opacity\" \/>\n\n\n<div class=\"wp-block-image\">\n<figure class=\"alignright size-medium\"><img loading=\"lazy\" decoding=\"async\" width=\"300\" height=\"300\" src=\"https:\/\/blogs.fu-berlin.de\/frauenbeauftragte\/files\/2025\/10\/Hot_Spot_251029-300x300.png\" alt=\"\" class=\"wp-image-11246\" srcset=\"https:\/\/blogs.fu-berlin.de\/frauenbeauftragte\/files\/2025\/10\/Hot_Spot_251029-300x300.png 300w, https:\/\/blogs.fu-berlin.de\/frauenbeauftragte\/files\/2025\/10\/Hot_Spot_251029-1024x1024.png 1024w, https:\/\/blogs.fu-berlin.de\/frauenbeauftragte\/files\/2025\/10\/Hot_Spot_251029-150x150.png 150w, https:\/\/blogs.fu-berlin.de\/frauenbeauftragte\/files\/2025\/10\/Hot_Spot_251029-768x768.png 768w, https:\/\/blogs.fu-berlin.de\/frauenbeauftragte\/files\/2025\/10\/Hot_Spot_251029.png 1080w\" sizes=\"auto, (max-width: 300px) 85vw, 300px\" \/><figcaption class=\"wp-element-caption\">Bildquelle: Dilara Aksoy<\/figcaption><\/figure><\/div>\n\n\n<p><a href=\"https:\/\/www.mvbz.fu-berlin.de\/termine\/251029_Wechseljahre.html\" target=\"_blank\" rel=\"noreferrer noopener\"><strong>Hot Topic: Wechseljahre am Arbeitsplatz<\/strong><\/a>: In der ersten Veranstaltung beleuchtet Jennifer Chan de Avila, promovierte Politikwissenschaftlerin und Autorin des Buches \u201eWechseljahre am Arbeitsplatz \u2013Handlungskonzept f\u00fcr ein innovatives betriebliches Gesundheitsmanagement\u201c, die Beziehung zwischen Wechseljahren und Berufsleben.<\/p>\n\n\n\n<p>In ihrem Vortrag geht es neben den physischen und psychologischen Dimensionen vor allem um emotionale und soziale Aspekte im Verh\u00e4ltnis von Individuen und ihrer (Arbeits-)Umwelt. Dar\u00fcber hinaus zeigt Chan de Avila auf, wie an der Universit\u00e4t \u2013 auf organisatorischer und individueller Ebene \u2013 mit dem \u201ahei\u00dfen\u2018 Thema Menopause umgegangen werden sollte, und wie das Arbeitsumfeld frauengerechter und unterst\u00fctzender gestaltet werden kann.<\/p>\n\n\n\n<hr class=\"wp-block-separator has-alpha-channel-opacity\" \/>\n\n\n<div class=\"wp-block-image\">\n<figure class=\"alignright size-medium\"><img loading=\"lazy\" decoding=\"async\" width=\"300\" height=\"300\" src=\"https:\/\/blogs.fu-berlin.de\/frauenbeauftragte\/files\/2025\/10\/Stark_im_Wandel_251112-300x300.png\" alt=\"\" class=\"wp-image-11248\" srcset=\"https:\/\/blogs.fu-berlin.de\/frauenbeauftragte\/files\/2025\/10\/Stark_im_Wandel_251112-300x300.png 300w, https:\/\/blogs.fu-berlin.de\/frauenbeauftragte\/files\/2025\/10\/Stark_im_Wandel_251112-1024x1024.png 1024w, https:\/\/blogs.fu-berlin.de\/frauenbeauftragte\/files\/2025\/10\/Stark_im_Wandel_251112-150x150.png 150w, https:\/\/blogs.fu-berlin.de\/frauenbeauftragte\/files\/2025\/10\/Stark_im_Wandel_251112-768x768.png 768w, https:\/\/blogs.fu-berlin.de\/frauenbeauftragte\/files\/2025\/10\/Stark_im_Wandel_251112.png 1080w\" sizes=\"auto, (max-width: 300px) 85vw, 300px\" \/><figcaption class=\"wp-element-caption\">Bildquelle: Dilara Aksoy<\/figcaption><\/figure><\/div>\n\n\n<p><a href=\"https:\/\/www.mvbz.fu-berlin.de\/termine\/251112_Wechseljahre.html\" target=\"_blank\" rel=\"noreferrer noopener\"><strong>Stark im Wandel: Informationen und Tipps zu den Wechseljahren im Job<\/strong><\/a>: Als Workshopformat ist die zweite Veranstaltung<strong> <\/strong>angelegt. Sie bietet vor allem betroffenen Personen faktenbasierte Informationen und eine Plattform zum Austausch pers\u00f6nlicher Erfahrungen.<\/p>\n\n\n\n<p>Die Teilnehmer*innen erhalten praktische Ressourcen f\u00fcr gesunde Bew\u00e4ltigungsstrategien und Tipps, wie sie mit den Wechseljahren am Arbeitsplatz umgehen k\u00f6nnen.<\/p>\n\n\n\n<p><br><\/p>\n\n\n\n<hr class=\"wp-block-separator has-alpha-channel-opacity\" \/>\n\n\n\n<p class=\"has-medium-font-size\">Zeit &amp; Ort<\/p>\n\n\n\n<ul class=\"wp-block-list\">\n<li>Mittwoch, 29. Oktober 2025 | 12:00-14:00 Uhr<\/li>\n\n\n\n<li>Mittwoch, 12. November 2025 | 12:00-14:00 Uhr<\/li>\n\n\n\n<li>Freie Universit\u00e4t Berlin | <a href=\"http:\/\/www.fu-berlin.de\/sites\/abt-1\/referate\/pe\/welcome-service\/_medien\/downloads\/Location-map-Holzlaube.pdf\" target=\"_blank\" rel=\"noreferrer noopener\">Holzlaube<\/a> Raum 2.2059 | Fabeckstr. 23-25 | 14195 Berlin<br><\/li>\n<\/ul>\n\n\n\n<hr class=\"wp-block-separator has-alpha-channel-opacity\" \/>\n\n\n<div class=\"wp-block-image\">\n<figure class=\"alignleft size-medium\"><img loading=\"lazy\" decoding=\"async\" width=\"197\" height=\"300\" src=\"https:\/\/blogs.fu-berlin.de\/frauenbeauftragte\/files\/2025\/10\/Buchcover-Wechseljahre-am-Arbeitsplatz-197x300.png\" alt=\"Jennifer Chan de Avila \/ Sabine Nitsche: Wechseljahre am Arbeitsplatz - Handlungskonzept f\u00fcr ein innovatives betriebliches Gesundheitsmanagement (202, transcript Verlag, Open Access Volltext www.transcript-verlag.de\/media\/pdf\/4a\/b2\/79\/oa9783839474501.pdf\" class=\"wp-image-11168\" srcset=\"https:\/\/blogs.fu-berlin.de\/frauenbeauftragte\/files\/2025\/10\/Buchcover-Wechseljahre-am-Arbeitsplatz-197x300.png 197w, https:\/\/blogs.fu-berlin.de\/frauenbeauftragte\/files\/2025\/10\/Buchcover-Wechseljahre-am-Arbeitsplatz-674x1024.png 674w, https:\/\/blogs.fu-berlin.de\/frauenbeauftragte\/files\/2025\/10\/Buchcover-Wechseljahre-am-Arbeitsplatz-768x1167.png 768w, https:\/\/blogs.fu-berlin.de\/frauenbeauftragte\/files\/2025\/10\/Buchcover-Wechseljahre-am-Arbeitsplatz-1011x1536.png 1011w, https:\/\/blogs.fu-berlin.de\/frauenbeauftragte\/files\/2025\/10\/Buchcover-Wechseljahre-am-Arbeitsplatz-1347x2048.png 1347w, https:\/\/blogs.fu-berlin.de\/frauenbeauftragte\/files\/2025\/10\/Buchcover-Wechseljahre-am-Arbeitsplatz-1200x1824.png 1200w, https:\/\/blogs.fu-berlin.de\/frauenbeauftragte\/files\/2025\/10\/Buchcover-Wechseljahre-am-Arbeitsplatz-scaled.png 1684w\" sizes=\"auto, (max-width: 197px) 85vw, 197px\" \/><\/figure><\/div>\n\n\n<p><a href=\"https:\/\/www.transcript-verlag.de\/978-3-8376-7450-7\/wechseljahre-am-arbeitsplatz\/\" target=\"_blank\" rel=\"noreferrer noopener\"><strong>Das Buch zum Thema<\/strong><\/a> ist 2025 im transcript Verlag in der Reihe Arbeit und Organisation erschienen und ist <a href=\"https:\/\/www.transcript-verlag.de\/media\/pdf\/4a\/b2\/79\/oa9783839474501.pdf\" target=\"_blank\" rel=\"noreferrer noopener\">Open Access<\/a>&nbsp;verf\u00fcgbar. Jennifer Chan de Avila und Sabine Nitsche bieten neben einem theoretischen Denkmodell auch ein konkretes Handlungskonzept f\u00fcr ein innovatives betriebliches Gesundheitsmanagement (BGM). Basierend auf umfangreichen Recherchen und Interviews mit Expert*innen betrachten sie die physische, psychische und sozio-affektive Ebene der Menopause und erm\u00f6glichen eine \u00dcberpr\u00fcfung bzw. Erg\u00e4nzung bestehender BGM-Ma\u00dfnahmen am Arbeitsplatz.<\/p>\n","protected":false},"excerpt":{"rendered":"<p>Informationsveranstaltungen: 29. Oktober und 12. November 2025 | 12:00-14:00 Uhr \u2013 Das Margherita-von-Brentano-Zentrum der Freien Universit\u00e4t l\u00e4dt zu zwei Veranstaltungen zum Thema Wechseljahre am Arbeitsplatz ein. Menopausen-Expertin Dr. Jennifer Chan de Avila gibt Empfehlungen und erl\u00e4utert Strategien f\u00fcr einen frauengerechten und unterst\u00fctzenden Umgang mit diesem noch h\u00e4ufig tabuisierten Thema.<\/p>\n","protected":false},"author":6410,"featured_media":11246,"comment_status":"open","ping_status":"open","sticky":false,"template":"","format":"standard","meta":{"footnotes":""},"categories":[428608],"tags":[305170,57446,437419],"class_list":["post-11112","post","type-post","status-publish","format-standard","has-post-thumbnail","hentry","category-informiert","tag-diversity","tag-geschlechterforschung","tag-beschaeftigte"],"_links":{"self":[{"href":"https:\/\/blogs.fu-berlin.de\/frauenbeauftragte\/wp-json\/wp\/v2\/posts\/11112","targetHints":{"allow":["GET"]}}],"collection":[{"href":"https:\/\/blogs.fu-berlin.de\/frauenbeauftragte\/wp-json\/wp\/v2\/posts"}],"about":[{"href":"https:\/\/blogs.fu-berlin.de\/frauenbeauftragte\/wp-json\/wp\/v2\/types\/post"}],"author":[{"embeddable":true,"href":"https:\/\/blogs.fu-berlin.de\/frauenbeauftragte\/wp-json\/wp\/v2\/users\/6410"}],"replies":[{"embeddable":true,"href":"https:\/\/blogs.fu-berlin.de\/frauenbeauftragte\/wp-json\/wp\/v2\/comments?post=11112"}],"version-history":[{"count":54,"href":"https:\/\/blogs.fu-berlin.de\/frauenbeauftragte\/wp-json\/wp\/v2\/posts\/11112\/revisions"}],"predecessor-version":[{"id":11269,"href":"https:\/\/blogs.fu-berlin.de\/frauenbeauftragte\/wp-json\/wp\/v2\/posts\/11112\/revisions\/11269"}],"wp:featuredmedia":[{"embeddable":true,"href":"https:\/\/blogs.fu-berlin.de\/frauenbeauftragte\/wp-json\/wp\/v2\/media\/11246"}],"wp:attachment":[{"href":"https:\/\/blogs.fu-berlin.de\/frauenbeauftragte\/wp-json\/wp\/v2\/media?parent=11112"}],"wp:term":[{"taxonomy":"category","embeddable":true,"href":"https:\/\/blogs.fu-berlin.de\/frauenbeauftragte\/wp-json\/wp\/v2\/categories?post=11112"},{"taxonomy":"post_tag","embeddable":true,"href":"https:\/\/blogs.fu-berlin.de\/frauenbeauftragte\/wp-json\/wp\/v2\/tags?post=11112"}],"curies":[{"name":"wp","href":"https:\/\/api.w.org\/{rel}","templated":true}]}}