{"id":11149,"date":"2025-11-24T08:00:00","date_gmt":"2025-11-24T07:00:00","guid":{"rendered":"https:\/\/blogs.fu-berlin.de\/frauenbeauftragte\/?p=11149"},"modified":"2026-01-28T13:02:35","modified_gmt":"2026-01-28T12:02:35","slug":"kandidieren-fuer-geschlechtergerechtigkeit","status":"publish","type":"post","link":"https:\/\/blogs.fu-berlin.de\/frauenbeauftragte\/2025\/11\/24\/kandidieren-fuer-geschlechtergerechtigkeit\/","title":{"rendered":"Kandidieren f\u00fcr Geschlechtergerechtigkeit"},"content":{"rendered":"\n<div class=\"wp-block-media-text alignwide is-stacked-on-mobile\"><figure class=\"wp-block-media-text__media\"><img loading=\"lazy\" decoding=\"async\" width=\"1024\" height=\"683\" src=\"https:\/\/blogs.fu-berlin.de\/frauenbeauftragte\/files\/2024\/09\/Logo_dezentrale_F-G_rot_RGB_3zu2-1024x683.jpg\" alt=\"\" class=\"wp-image-9463 size-full\" srcset=\"https:\/\/blogs.fu-berlin.de\/frauenbeauftragte\/files\/2024\/09\/Logo_dezentrale_F-G_rot_RGB_3zu2-1024x683.jpg 1024w, https:\/\/blogs.fu-berlin.de\/frauenbeauftragte\/files\/2024\/09\/Logo_dezentrale_F-G_rot_RGB_3zu2-300x200.jpg 300w, https:\/\/blogs.fu-berlin.de\/frauenbeauftragte\/files\/2024\/09\/Logo_dezentrale_F-G_rot_RGB_3zu2-768x512.jpg 768w, https:\/\/blogs.fu-berlin.de\/frauenbeauftragte\/files\/2024\/09\/Logo_dezentrale_F-G_rot_RGB_3zu2.jpg 1170w\" sizes=\"auto, (max-width: 709px) 85vw, (max-width: 909px) 67vw, (max-width: 1362px) 62vw, 840px\" \/><\/figure><div class=\"wp-block-media-text__content\">\n<p><strong>Frist f\u00fcr Wahlvorschl\u00e4ge: 02.12. bzw. 09.12.2025<\/strong> <strong>| 12 Uhr<\/strong> \u2013 Frauen- und Gleichstellungsbeauftragte und deren Stellvertreterinnen werden im Januar 2026 in vielen Fachbereichen, Zentralinstituten und Serviceeinrichtungen der Freien Universit\u00e4t neu gew\u00e4hlt. Weibliche Angeh\u00f6rige der Freien Universit\u00e4t aus allen Mitgliedsgruppen k\u00f6nnen kandidieren. Welche M\u00f6glichkeiten bietet das Amt?<\/p>\n\n\n\n<!--more-->\n<\/div><\/div>\n\n\n\n<p>Die Frauen- und Gleichstellungsbeauftragten und deren Stellvertreterinnen haben den <a href=\"https:\/\/www.fu-berlin.de\/sites\/frauenbeauftragte\/ueber-uns\/auftrag\/index.html\" target=\"_blank\" rel=\"noreferrer noopener\">gesetzlichen Auftrag<\/a>, \u201eauf die Herstellung der verfassungsrechtlich gebotenen Chancengleichheit von Frauen in der Hochschule und auf die Beseitigung bestehender Nachteile f\u00fcr weibliche Mitglieder der Hochschule\u201c hinzuwirken.<\/p>\n\n\n\n<p class=\"has-medium-font-size\">Gestaltungsm\u00f6glichkeiten im Amt<\/p>\n\n\n\n<p>Laut <a href=\"https:\/\/gesetze.berlin.de\/bsbe\/document\/jlr-HSchulGBE2011V27P59\" target=\"_blank\" rel=\"noreferrer noopener\">Berliner Hochschulgesetz<\/a> beraten und unterst\u00fctzen die Frauen- und Gleichstellungsbeauftragten Leitung, Organe und Einrichtungen ihres Zust\u00e4ndigkeitsbereichs \u201ein allen die Chancengleichheit betreffenden Angelegenheiten\u201c. Das Amt er\u00f6ffnet also eine eine gro\u00dfe Bandbreite an Handlungsfeldern. Da die Frauen- und Gleichstellungsbeauftragten in der Aus\u00fcbung ihres Amtes nicht weisungsgebunden sind, k\u00f6nnen sie eigene Schwerpunkte setzen, wie z.B. Karrieref\u00f6rderung, Vereinbarkeit von Studium und Familie oder die F\u00f6rderung einer geschlechtergerechten Organisationskultur.<\/p>\n\n\n\n<p>Qua Gesetz sind die Frauen- und Gleichstellungsbeauftragten an allen Auswahlverfahren zu beteiligen. Jede Stellenausschreibung und jeder Einstellungsantrag geht also \u00fcber ihren Tisch. Sie werden zu allen Bewerbungsgespr\u00e4chen eingeladen und pr\u00fcfen die Auswahl und deren Begr\u00fcndung aus gleichstellungsbezogener Perspektive. Dementsprechend bietet das Amt Einblick in Personalgewinnung und Personalmanagement, in den Fachbereichen und Zentralinstituten auch in Berufungsverfahren.<\/p>\n\n\n\n<p>Durch die Beratung der Leitungsebene und die Beteiligung an Gremien lernen Frauen- und Gleichstellungsbeauftragte genauer kennen, wie die Organisation Hochschule funktioniert. Sie erhalten Einblicke in die Arbeitsweise der Verwaltung und in die akademische Selbstverwaltung. F\u00fcr alle Mitgliedsgruppen \u2013 Studentinnen und Professorinnen, wissenschaftliche Mitarbeiterinnen sowie Mitarbeiterinnen in Technik, Service und Verwaltung \u2013 ist dieses Wissen hilfreich, um sich in der Organisation Hochschule zu orientieren und sich aktiv in deren Gestaltung einzubringen.<\/p>\n\n\n\n<p class=\"has-medium-font-size\">Ressourcen f\u00fcr das Amt <\/p>\n\n\n\n<p>K\u00fcnftig sind an der Freien Universit\u00e4t in den meisten Fachbereichen zwei Stellvertreterinnen der Frauen- und Gleichstellungsbeauftragten vorgesehen. Dies legt \u00a7 9 <a href=\"https:\/\/www.fu-berlin.de\/service\/zuvdocs\/amtsblatt\/2025\/ab082025.pdf\" target=\"_blank\" rel=\"noreferrer noopener\">Grundordnung<\/a> der Freien Universit\u00e4t Berlin fest. In den gro\u00dfen Bereichen sind also drei \u00c4mter zu vergeben, in den kleineren Einrichtungen sind es zwei.<\/p>\n\n\n\n<p>Die Funktionen der Frauen- und Gleichstellungsbeauftragten auf Bereichsebene sowie ihrer Stellvertreterin\/nen sind nebenberufliche \u00c4mter. Besch\u00e4ftigte der FU werden daf\u00fcr im Umfang von mindestens 25 % einer Vollzeitstelle von ihren Dienstaufgaben freigestellt. Bei Teilzeitbesch\u00e4ftigten ist auf Wunsch eine Aufstockung f\u00fcr das Amt m\u00f6glich. Die Einzelheiten regelt ein <a href=\"https:\/\/www.fu-berlin.de\/service\/zuvdocs\/fu-rundschreiben\/2025\/01-RS_Frauenbeauftragte_NEU.pdf\" target=\"_blank\" rel=\"noreferrer noopener\">Rundschreiben<\/a> der FU. Studentische Amtsinhaberinnen erhalten gem\u00e4\u00df \u00a7 10 <a href=\"https:\/\/www.fu-berlin.de\/service\/zuvdocs\/amtsblatt\/2025\/ab082025.pdf\" target=\"_blank\" rel=\"noreferrer noopener\">Grundordnung<\/a> eine pauschale Aufwandsentsch\u00e4digung in H\u00f6he der Verg\u00fctung f\u00fcr studentische Besch\u00e4ftigte, als nebenberufliche Frauen- und Gleichstellungsbeauftragte f\u00fcr 80 Stunden monatlich, als Stellvertreterinnen f\u00fcr 40 Stunden monatlich.<\/p>\n\n\n\n<p class=\"has-medium-font-size\">Unterst\u00fctzung und Kooperation im Amt<\/p>\n\n\n\n<p>Wer neu ins Amt kommt, kann auf die Unterst\u00fctzung erfahrener Amtskolleginnen z\u00e4hlen: Das monatliche Plenum der Frauen- und Gleichstellungsbeauftragten bietet die M\u00f6glichkeit zu Austausch und kollegialer Beratung. Im Team geschlechter*gerecht fungiert <a href=\"https:\/\/www.fu-berlin.de\/sites\/frauenbeauftragte\/ueber-uns\/team\/zentrale-frauen-und-gleichstellungsbeauftragte-und-stellvertreterin\/katharina-schmidt.html\" target=\"_blank\" rel=\"noreferrer noopener\">Katharina Schmidt<\/a> als erste Ansprechpartnerin f\u00fcr die Amtskolleginnen aus den Bereichen. Sie ist Stellvertreterin der zentralen Frauen- und Gleichstellungsbeauftragten und war zuvor Frauen- und Gleichstellungsbeauftragte des Fachbereichs Erziehungswissenschaft und Psychologie.&nbsp;<a href=\"https:\/\/www.fu-berlin.de\/sites\/frauenbeauftragte\/angebote\/FUTURA\/index.html\" target=\"_blank\" rel=\"noreferrer noopener\">FUTURA<\/a>, unser zweij\u00e4hriges Fortbildungsprogramms f\u00fcr genderkompetentes Handeln im Beruf, vermittelt neu ins Amt gew\u00e4hlten Kolleginnen eine breite Palette an Wissen und Kompetenzen. Der n\u00e4chste Durchgang startet im Fr\u00fchjahr 2026.<\/p>\n\n\n\n<p>Da die nebenberufliche Frauen- und Gleichstellungsbeauftragte wie auch ihre Stellvertreterin\/nen eine Freistellung bzw. Aufwandsentsch\u00e4digung erhalten, sind gute Bedingungen f\u00fcr Teamarbeit gegeben \u2013 vorausgesetzt, dass alle \u00c4mter tats\u00e4chlich besetzt werden k\u00f6nnen. Die Zusammenarbeit im Team erm\u00f6glicht, Aufgaben nach St\u00e4rken oder Neigungen aufzuteilen, sich gegenseitig zu unterst\u00fctzen und zu beraten. Dabei ist die Stellvertreterin qua Gesetz ebenso weisungsunabh\u00e4ngig wie die Frauen- und Gleichstellungsbeauftragte. Letztere kann lediglich entscheiden, welche Aufgaben sie abgeben m\u00f6chte. Eine vertrauensvolle, verl\u00e4ssliche Zusammenarbeit der Amtsinhaberinnen in einem Bereich ist daher eine wichtige Grundlage, um Geschlechtergerechtigkeit gemeinsam voranzubringen. Auch in dieser Hinsicht bietet das Amt die M\u00f6glichkeit, Erfahrungen zu sammeln und sich weiterzuentwickeln.<\/p>\n\n\n\n<p class=\"has-medium-font-size\">Bevorstehende Wahlen<\/p>\n\n\n\n<p>Neu gew\u00e4hlt werden Frauen- und Gleichstellungsbeauftragte (FGB) und Stellvertreterin\/nen (Stv.) im Januar 2026 in folgenden Bereichen (Termine variieren bereichsspezifisch):<\/p>\n\n\n\n<ul class=\"wp-block-list\">\n<li>Fachbereich Erziehungswissenschaft und Psychologie (FGB &amp; 2 Stv., <strong>Kandidaturfrist: 09.12.2025<\/strong>, <a href=\"https:\/\/www.ewi-psy.fu-berlin.de\/verwaltung-service\/gremien\/dezentraler-wahlvorstand\/6_2025_Bek_-Neuwahl_FGB.pdf\" target=\"_blank\" rel=\"noreferrer noopener\">Wahlbekanntmachung EwiPsy<\/a>)<\/li>\n\n\n\n<li>Fachbereich Geowissenschaften (FGB &amp; 2 Stv., <strong>Kandidaturfrist: 09.12.2025<\/strong>, <a href=\"https:\/\/blogs.fu-berlin.de\/frauenbeauftragte\/files\/2025\/11\/2026-Wahl-Frauenbeauftragte-Bekanntmachung.pdf\" data-type=\"link\" data-id=\"https:\/\/blogs.fu-berlin.de\/frauenbeauftragte\/files\/2025\/11\/2026-Wahl-Frauenbeauftragte-Bekanntmachung.pdf\" target=\"_blank\" rel=\"noreferrer noopener\">Wahlbekanntmachung Geowiss<\/a>)<\/li>\n\n\n\n<li>Fachbereich Geschichts- und Kulturwissenschaften (FGB &amp; 2 Stv.)<\/li>\n\n\n\n<li>Fachbereich Physik (FGB &amp; Stv., <strong>Kandidaturfrist: 09.12.2025<\/strong>, <a href=\"https:\/\/blogs.fu-berlin.de\/frauenbeauftragte\/files\/2025\/11\/Bek-6-25-Neuwahl-Frauenbeauftrage.pdf\" data-type=\"link\" data-id=\"https:\/\/blogs.fu-berlin.de\/frauenbeauftragte\/files\/2025\/11\/Bek-6-25-Neuwahl-Frauenbeauftrage.pdf\" target=\"_blank\" rel=\"noreferrer noopener\">Wahlbekanntmachung Physik<\/a>)<\/li>\n\n\n\n<li>Fachbereich Rechtswissenschaft (FGB &amp; Stv., <strong>Kandidaturfrist: 02.12.2025<\/strong>, <a href=\"https:\/\/www.jura.fu-berlin.de\/fachbereich\/gremien-beauftragte\/kommissionen_beauftragte\/wahlvorstand\/wahlbekanntmachungen\/Bek-8-2025_Frauen--und-Gleichstellungsbeauftragte.pdf\" target=\"_blank\" rel=\"noreferrer noopener\">Wahlbekanntmachung ReWiss<\/a>)<\/li>\n\n\n\n<li>Fachbereich Veterin\u00e4rmedizin (FGB &amp; 2 Stv.), <strong>Kandidaturfrist: 09.02.2026<\/strong><\/li>\n\n\n\n<li>Dahlem School of Education (FGB &amp; Stv., <strong>Kandidaturfrist: 09.12.2025<\/strong>, <a href=\"https:\/\/www.fu-berlin.de\/sites\/dse\/ueber-uns\/gremien\/dez_wahlvorstand\/06-2025_Bek_-Neuwahl_nebenb_Frauenbeauftragte.pdf\" target=\"_blank\" rel=\"noreferrer noopener\">Wahlbekanntmachung DSE<\/a>)<\/li>\n\n\n\n<li>John-F.-Kennedy-Institut f\u00fcr Nordamerikastudien (FGB &amp; Stv.)<\/li>\n\n\n\n<li>Margherita-von-Brentano-Zentrum (FGB &amp; Stv.)<\/li>\n\n\n\n<li>Zentraleinrichtung Botanischer Garten und Botanisches Museum (FGB &amp; Stv.)<\/li>\n\n\n\n<li>Zentraleinrichtung FUB-IT (FGB &amp; Stv.)<\/li>\n\n\n\n<li>Zentraleinrichtung Hochschulsport (FGB &amp; Stv.)<\/li>\n\n\n\n<li>Zentraleinrichtung Sprachenzentrum (FGB &amp; Stv.)<\/li>\n\n\n\n<li>Universit\u00e4tsbibliothek (FGB &amp; Stv., <strong>Kandidaturfrist 02.12.2025<\/strong>, <a href=\"https:\/\/www.fu-berlin.de\/sites\/abt-1\/referate\/services\/wahlvorstand\/bekanntmachungen\/Frauenwahlgremium\/2025\/3_Neuwahl-Frauenbeauftragte-UB.pdf\" target=\"_blank\" rel=\"noreferrer noopener\">Wahlbekanntmachung UB<\/a>)<\/li>\n<\/ul>\n\n\n\n<p>Auf dezentraler Ebene haben alle weiblichen Angeh\u00f6rigen des jeweiligen Bereichs das passive Wahlrecht, k\u00f6nnen also f\u00fcr die \u00c4mter kandidieren. Gew\u00e4hlt wird in der Regel durch dezentrale Wahlgremien, in kleinen Bereichen durch eine Frauenvollversammlung. Informationen \u00fcber die Wahlen versenden die zust\u00e4ndigen <a href=\"https:\/\/www.fu-berlin.de\/sites\/abt-1\/referate\/1d\/wahlvorstand\/dezentral\" target=\"_blank\" rel=\"noreferrer noopener\">dezentralen Wahlvorst\u00e4nde<\/a> per Rundmail, f\u00fcr die zentralen Dienstleistungsbereiche, zu denen die Universit\u00e4tsbibliothek z\u00e4hlt, ist der <a href=\"https:\/\/www.fu-berlin.de\/sites\/abt-1\/referate\/1d\/wahlvorstand\/index.html\" target=\"_blank\" rel=\"noreferrer noopener\">Zentrale Wahlvorstand<\/a> zust\u00e4ndig.<\/p>\n\n\n\n<p class=\"has-medium-font-size\">Interesse am Amt?<\/p>\n\n\n\n<p>Wenn das Interesse am Amt geweckt ist, empfiehlt es sich, Kontakt zur amtierenden <a href=\"https:\/\/www.fu-berlin.de\/sites\/frauenbeauftragte\/ueber-uns\/dfgb\/index.html\" target=\"_blank\" rel=\"noreferrer noopener\">Frauen- und Gleichstellungsbeauftragten<\/a> des betreffenden Bereichs aufzunehmen. Da in vier Fachbereichen erstmalig zwei Stellvertreterinnen gew\u00e4hlt werden und einige \u00c4mter aktuell nicht besetzt sind, ist die Chance gro\u00df, dass Kandidatinnen mit offenen Armen empfangen werden. Die aktuelle Amtsinhaberin kann Auskunft zu den Spezifika des jeweiligen Bereichs geben. Beabsichtigt sie, erneut zu kandidieren, so bietet die Kontaktaufnahme die M\u00f6glichkeit, eine potenzielle Teamkollegin kennenzulernen. Auch das Team geschlechter*gerecht gibt gerne Auskunft zu den \u00c4mtern und den Bereichen und vermittelt bei Bedarf den Kontakt zu den dezentralen Amtskolleginnen.<\/p>\n\n\n\n<p><strong>Dr. Corinna Tomberger, zentrale Frauen- und Gleichstellungsbeauftragte, Freie Universit\u00e4t Berlin<\/strong><\/p>\n\n\n\n<hr class=\"wp-block-separator has-alpha-channel-opacity\" \/>\n\n\n\n<p class=\"has-medium-font-size\">Im \u00dcberblick<\/p>\n\n\n\n<ul class=\"wp-block-list\">\n<li>Wahlen: Frauen- und Gleichstellungsbeauftragte und Stellvertreterin\/nen in den o.g. Bereichen<\/li>\n\n\n\n<li>Amtszeit: 2 Jahre<\/li>\n\n\n\n<li>Kompensation: mindestens 25 % Freistellung f\u00fcr Besch\u00e4ftigte, Aufwandsentsch\u00e4digung f\u00fcr Studentinnen<\/li>\n<\/ul>\n\n\n\n<p><strong>Wer kann kandidieren?<\/strong><\/p>\n\n\n\n<ul class=\"wp-block-list\">\n<li>Alle weiblichen Hochschulangeh\u00f6rigen des betreffenden Bereichs<\/li>\n<\/ul>\n\n\n\n<p><strong>Wann?<\/strong><\/p>\n\n\n\n<ul class=\"wp-block-list\">\n<li>Wahlvorschlagsfrist: Dienstag, 2. Dezember 2025, 12 Uhr<\/li>\n\n\n\n<li>Wahl: Dienstag, 20. Januar 2026<\/li>\n<\/ul>\n\n\n\n<p><em>\u2013 Die Wahlvorschlagsfristen und Wahltermine k\u00f6nnen je nach Bereich variieren. \u2013<\/em> <\/p>\n\n\n\n<p><strong>Weitere Informationen<\/strong> <strong>zu den Wahlen <\/strong><\/p>\n\n\n\n<ul class=\"wp-block-list\">\n<li>Kontakt: <a href=\"https:\/\/www.fu-berlin.de\/sites\/frauenbeauftragte\/ueber-uns\/dfgb\/index.html\">Dezentrale Frauen- und Gleichstellungsbeauftragte<\/a><\/li>\n\n\n\n<li>Kontakt: <a href=\"https:\/\/www.fu-berlin.de\/sites\/abt-1\/referate\/services\/wahlvorstand\/dezentral\" target=\"_blank\" rel=\"noreferrer noopener\">Dezentrale Wahlvorst\u00e4nde<\/a><\/li>\n\n\n\n<li>Kontakt: <a href=\"https:\/\/www.fu-berlin.de\/sites\/frauenbeauftragte\/ueber-uns\/team\/zentrale-frauen-und-gleichstellungsbeauftragte-und-stellvertreterin\/katharina-schmidt.html\" target=\"_blank\" rel=\"noreferrer noopener\">Katharina Schmidt<\/a>, Team geschlechter*gerecht<\/li>\n\n\n\n<li>Kontakt: <a href=\"https:\/\/www.fu-berlin.de\/sites\/abt-1\/referate\/1d\/wahlvorstand\/index.html\" target=\"_blank\" rel=\"noreferrer noopener\">Zentraler Wahlvorstand<\/a><\/li>\n<\/ul>\n\n\n\n<hr class=\"wp-block-separator has-alpha-channel-opacity\" \/>\n\n\n\n<p><strong>Frauen- und Gleichstellungsbeauftragte im Portr\u00e4t<\/strong><\/p>\n\n\n\n<ul class=\"wp-block-list\">\n<li>campus.leben: <a href=\"https:\/\/www.fu-berlin.de\/campusleben\/vorgestellt\/2023\/231204-portraet-gisela-romain\/index.html\" target=\"_blank\" rel=\"noreferrer noopener\">\u201eIm Kampf f\u00fcr Geschlechtergerechtigkeit gibt es viel zu tun\u201c Das Amt der dezentralen Frauen- und Gleichstellungsbeauftragten bringt vielf\u00e4ltige Aufgaben mit \u2013 Gisela Romain im Portr\u00e4t<\/a><\/li>\n<\/ul>\n\n\n\n<hr class=\"wp-block-separator has-alpha-channel-opacity\" \/>\n","protected":false},"excerpt":{"rendered":"<p>Frist f\u00fcr Wahlvorschl\u00e4ge: 02.12. bzw. 09.12.2025 | 12 Uhr \u2013 Frauen- und Gleichstellungsbeauftragte und deren Stellvertreterinnen werden im Januar 2026 in vielen Fachbereichen, Zentralinstituten und Serviceeinrichtungen der Freien Universit\u00e4t neu gew\u00e4hlt. Weibliche Angeh\u00f6rige der Freien Universit\u00e4t aus allen Mitgliedsgruppen k\u00f6nnen kandidieren. Welche M\u00f6glichkeiten bietet das Amt?<\/p>\n","protected":false},"author":3850,"featured_media":9561,"comment_status":"open","ping_status":"open","sticky":false,"template":"","format":"standard","meta":{"footnotes":""},"categories":[428608,603],"tags":[433454,437124,437402,437419,437420],"class_list":["post-11149","post","type-post","status-publish","format-standard","has-post-thumbnail","hentry","category-informiert","category-vorgestellt","tag-gleichstellungspolitik","tag-wissenschaftlerinnen","tag-frauenbeauftragte","tag-beschaeftigte","tag-studentinnen"],"_links":{"self":[{"href":"https:\/\/blogs.fu-berlin.de\/frauenbeauftragte\/wp-json\/wp\/v2\/posts\/11149","targetHints":{"allow":["GET"]}}],"collection":[{"href":"https:\/\/blogs.fu-berlin.de\/frauenbeauftragte\/wp-json\/wp\/v2\/posts"}],"about":[{"href":"https:\/\/blogs.fu-berlin.de\/frauenbeauftragte\/wp-json\/wp\/v2\/types\/post"}],"author":[{"embeddable":true,"href":"https:\/\/blogs.fu-berlin.de\/frauenbeauftragte\/wp-json\/wp\/v2\/users\/3850"}],"replies":[{"embeddable":true,"href":"https:\/\/blogs.fu-berlin.de\/frauenbeauftragte\/wp-json\/wp\/v2\/comments?post=11149"}],"version-history":[{"count":69,"href":"https:\/\/blogs.fu-berlin.de\/frauenbeauftragte\/wp-json\/wp\/v2\/posts\/11149\/revisions"}],"predecessor-version":[{"id":11806,"href":"https:\/\/blogs.fu-berlin.de\/frauenbeauftragte\/wp-json\/wp\/v2\/posts\/11149\/revisions\/11806"}],"wp:featuredmedia":[{"embeddable":true,"href":"https:\/\/blogs.fu-berlin.de\/frauenbeauftragte\/wp-json\/wp\/v2\/media\/9561"}],"wp:attachment":[{"href":"https:\/\/blogs.fu-berlin.de\/frauenbeauftragte\/wp-json\/wp\/v2\/media?parent=11149"}],"wp:term":[{"taxonomy":"category","embeddable":true,"href":"https:\/\/blogs.fu-berlin.de\/frauenbeauftragte\/wp-json\/wp\/v2\/categories?post=11149"},{"taxonomy":"post_tag","embeddable":true,"href":"https:\/\/blogs.fu-berlin.de\/frauenbeauftragte\/wp-json\/wp\/v2\/tags?post=11149"}],"curies":[{"name":"wp","href":"https:\/\/api.w.org\/{rel}","templated":true}]}}