{"id":11164,"date":"2025-10-30T14:02:08","date_gmt":"2025-10-30T13:02:08","guid":{"rendered":"https:\/\/blogs.fu-berlin.de\/frauenbeauftragte\/?p=11164"},"modified":"2025-10-30T15:02:50","modified_gmt":"2025-10-30T14:02:50","slug":"frauen-waehlen-frauen","status":"publish","type":"post","link":"https:\/\/blogs.fu-berlin.de\/frauenbeauftragte\/2025\/10\/30\/frauen-waehlen-frauen\/","title":{"rendered":"Frauen w\u00e4hlen Frauen"},"content":{"rendered":"\n<div class=\"wp-block-media-text alignwide is-stacked-on-mobile\"><figure class=\"wp-block-media-text__media\"><img loading=\"lazy\" decoding=\"async\" width=\"600\" height=\"400\" src=\"https:\/\/blogs.fu-berlin.de\/frauenbeauftragte\/files\/2021\/12\/Frauenrat_Wahlaufruf_Blog.png\" alt=\"\" class=\"wp-image-992 size-full\" srcset=\"https:\/\/blogs.fu-berlin.de\/frauenbeauftragte\/files\/2021\/12\/Frauenrat_Wahlaufruf_Blog.png 600w, https:\/\/blogs.fu-berlin.de\/frauenbeauftragte\/files\/2021\/12\/Frauenrat_Wahlaufruf_Blog-300x200.png 300w\" sizes=\"auto, (max-width: 709px) 85vw, (max-width: 909px) 67vw, (max-width: 984px) 61vw, (max-width: 1362px) 45vw, 600px\" \/><\/figure><div class=\"wp-block-media-text__content\">\n<p><strong>Frist zur Kandidatur: 25. November 2025<\/strong> \u2013 Aktuell l\u00e4uft die Frist zur Kandidatur f\u00fcr den zentralen Frauen- und Gleichstellungsrat. Zur Wahl stellen k\u00f6nnen sich alle weiblichen FU-Mitglieder. Das gleichstellungspolitische Gremium wird am 13. Januar 2026 neu gew\u00e4hlt. Studentinnen, wissenschaftliche Mitarbeiterinnen, Professorinnen sowie Mitarbeiterinnen in Technik, Service und Verwaltung sind darin parit\u00e4tisch vertreten.<\/p>\n\n\n\n<!--more-->\n<\/div><\/div>\n\n\n\n<p><em>Wahlgremium f\u00fcr die Wahl der hauptberuflichen Frauen- und Gleichstellungsbeauftragten und deren nebenberufliche Stellvertreterinnen<\/em> <strong>\u2013<\/strong> so lautet die eher sperrige offizielle Bezeichnung des Gremiums, das auch als zentraler Frauen- und Gleichstellungsrat firmiert, in der <a href=\"https:\/\/www.fu-berlin.de\/sites\/abt-1\/referate\/services\/wahlvorstand\/bekanntmachungen\/Frauenwahlgremium\/2025\/10-25_Bekanntmachung_WG-Wahl.pdf\" target=\"_blank\" rel=\"noreferrer noopener\">Wahlbekanntmachung vom 30.10.2025<\/a>. Eine gewichtige Aufgabe ist in dieser Bezeichnung bereits enthalten: Das Gremium w\u00e4hlt alle sechs Jahre die zentrale Frauen- und Gleichstellungsbeauftragte und alle drei Jahre deren Stellvertreterinnen. Vor der Wahl der amtierenden zentralen Frauen- und Gleichstellungsbeauftragten hat das Wahlgremium z.B. mehrere Kandidatinnen f\u00fcr das Amt angeh\u00f6rt und befragt. Die n\u00e4chste Wahl von zwei Stellvertreterinnen steht voraussichtlich im Januar 2027 an.<\/p>\n\n\n\n<p>Doch die Wahl ist nur eine Aufgabe des Gremiums. Dar\u00fcber hinaus ber\u00e4t es die zentrale Frauen- und Gleichstellungsbeauftragte und unterst\u00fctzt ihre Arbeit. Dabei geht es um verschiedene Handlungsfelder wie Frauenf\u00f6rderung, geschlechtergerechte Organisationskultur und Personalpolitik oder Geschlechtergerechtigkeit in Studium und Lehre. Die beratende Aufgabe des Gremiums umfasst die Diskussion aktueller hochschulpolitischer Themen. <\/p>\n\n\n\n<p class=\"has-medium-font-size\">Warum kandidieren?<\/p>\n\n\n\n<p>Eine Mitgliedschaft im Frauen- und Gleichstellungsrat ist eine gute M\u00f6glichkeit, einen Einblick in Hochschul- und Gleichstellungspolitik zu gewinnen, diese mitzugestalten und sich \u00fcber F\u00e4cher und Statusgruppen hinweg zu vernetzen. Da das Gremium nach dem Grundsatz der Viertelparit\u00e4t gew\u00e4hlt wird, sind Mitglieder aller Statusgruppen gleichberechtigt vertreten, egal ob Professorinnen oder Studentinnen. Mit einem zweimonatigen Sitzungsrhythmus ist der Arbeitsaufwand in der Regel \u00fcberschaubar.<\/p>\n\n\n\n<p>Alle zwei Jahre spricht der Frauen- und Gleichstellungsrat eine Empfehlung zur Vergabe des <a href=\"https:\/\/www.mvbz.fu-berlin.de\/ueber-uns\/ueber-margherita-von-brentano\/margherita-von-brentano-preis\/index.html\" target=\"_blank\" rel=\"noreferrer noopener\">Margherita-von-Brentano-Preises<\/a><strong> <\/strong>aus. 15.000 Euro vergibt das Pr\u00e4sidium mit diesem Preis f\u00fcr Leistungen in der Geschlechterforschung bzw. der Gleichstellung mit Bezug zur FU. Der Frauen- und Gleichstellungsrat ist also an einer Entscheidung \u00fcber ein betr\u00e4chtliches Preisgeld beteiligt <strong>\u2013<\/strong> der Preis ist eine der h\u00f6chstdotierten Auszeichnungen dieser Art. Die Auswahl der Preistr\u00e4ger*innen bietet die M\u00f6glichkeit, spannende Projekte kennenzulernen und zu diskutieren.<\/p>\n\n\n\n<p class=\"has-medium-font-size\">Wer kann kandidieren?<\/p>\n\n\n\n<p>F\u00fcr das Amt k\u00f6nnen ausschlie\u00dflich Frauen kandidieren, da das aktive und passive Wahlrecht f\u00fcr den Frauen- und Gleichstellungsrat den weiblichen Mitgliedern der FU vorbehalten ist. Kandidiert wird jeweils f\u00fcr die Vertretung einer Statusgruppe in dem Gremium: Studentinnen, Mitarbeiterinnen in Technik, Service und Verwaltung, wissenschaftliche Mitarbeiterinnen oder Professorinnen. Die Amtszeit betr\u00e4gt zwei Jahre.<\/p>\n\n\n\n<p class=\"has-medium-font-size\">Wie weiter bei Interesse?<\/p>\n\n\n\n<p>Interessierte k\u00f6nnen sich an die Gesch\u00e4ftsf\u00fchrung des Frauen- und Gleichstellungsrats wenden, die beim Team geschlechter*gerecht liegt (Ansprechpartnerin: <a href=\"https:\/\/www.fu-berlin.de\/sites\/frauenbeauftragte\/ueber-uns\/team\/buerokoordination-veranstaltungsmanagement\/Streckenbach.html\" target=\"_blank\" rel=\"noreferrer noopener\">Angela Streckenbach<\/a>). Formal ist f\u00fcr die Kandidatur die Einreichung eines Wahlvorschlags erforderlich. Informationen zum Wahlprocedere erteilt auch der <a href=\"https:\/\/www.fu-berlin.de\/sites\/abt-1\/referate\/1d\/wahlvorstand\/index.html\" target=\"_blank\" rel=\"noreferrer noopener\">Zentrale Wahlvorstand<\/a>. Am <strong>25. November 2025, 12 Uhr<\/strong>, endet die Frist f\u00fcr die Kandidatur.<\/p>\n\n\n\n<p>Nach der Bekanntgabe der Kandidatinnen durch den Zentralen Wahlvorstand sind am <strong>13. Januar 2026<\/strong> alle weiblichen Mitglieder der FU zur Wahl aufgerufen. Bis dahin k\u00f6nnen Kandidatinnen in ihrem Umfeld f\u00fcr Stimmen werben. Das Wahlergebnis wird zeitnah durch den zentralen Wahlvorstand bekanntgegeben.<\/p>\n\n\n\n<p class=\"has-medium-font-size\">Weitere Optionen f\u00fcr Gleichstellungsinteressierte<\/p>\n\n\n\n<p>Ebenfalls am 13. Januar 2026 werden in den Fachbereichen (FB), den meisten Zentralinstituten (ZI), einigen Zentraleinrichtungen (ZE) sowie in der <a href=\"https:\/\/www.fu-berlin.de\/sites\/abt-1\/referate\/services\/wahlvorstand\/bekanntmachungen\/Frauenwahlgremium\/2025\/11-25_Neuwahl-Wahlgremium-F-ZUV-UB.pdf\" target=\"_blank\" rel=\"noreferrer noopener\">Universit\u00e4tsbibliothek (UB) und der Zentralen Universit\u00e4tsverwaltung (ZUV)<\/a> dezentrale Wahlgremien gew\u00e4hlt, die zust\u00e4ndig f\u00fcr die Wahl der jeweiligen dezentralen Frauen- und Gleichstellungsbeauftragten und ihrer Stellvertreterin sind. Die Wahlen in den FB, ZI und ZE werden jeweils von den <a href=\"https:\/\/www.fu-berlin.de\/sites\/abt-1\/referate\/1d\/wahlvorstand\/dezentral\/index.html\" target=\"_blank\" rel=\"noreferrer noopener\">dezentralen Wahlvorst\u00e4nden<\/a> organisiert. Wer im eigenen Fachbereich oder Zentralinstitut gleichstellungspolitisch mitwirken m\u00f6chte, kann f\u00fcr das entsprechende Gremium kandidieren. Eine gute Ansprechpartnerin, um sich \u00fcber die Aktivit\u00e4ten eines dezentralen Wahlgremiums zu informieren, sind die jeweiligen <a href=\"https:\/\/www.fu-berlin.de\/sites\/frauenbeauftragte\/ueber-uns\/dfgb\/index.html\" target=\"_blank\" rel=\"noreferrer noopener\">dezentralen Frauen- und Gleichstellungsbeauftragten<\/a>.<\/p>\n\n\n\n<p>Nach den Wahlgremien werden in verschiedenen Bereichen Ende Januar auch die Frauen- und Gleichstellungsbeauftragten und deren Stellvertreterinnen neu gew\u00e4hlt. \u00dcber diese Wahlen informieren jeweils die zust\u00e4ndigen dezentralen Wahlvorst\u00e4nde per Bekanntmachung. Auch bei Interesse f\u00fcr diese \u00c4mter k\u00f6nnen die amtierenden Frauen- und Gleichstellungsbeauftragte angesprochen werden.<\/p>\n\n\n\n<p>Unabh\u00e4ngig davon, ob weibliche FU-Mitglieder sich f\u00fcr eine Kandidatur f\u00fcr ein Amt entscheiden, hei\u00dft es Mitte Januar f\u00fcr alle: W\u00e4hlen gehen! Denn mitentscheidend f\u00fcr St\u00e4rke und R\u00fcckhalt des Frauen- und Gleichstellungsrats ist eine beteiligungsstarke Wahl &#8211; auf zentraler wie auf dezentraler Ebene.<\/p>\n\n\n\n<hr class=\"wp-block-separator has-alpha-channel-opacity\" \/>\n\n\n\n<p class=\"has-medium-font-size\">Im \u00dcberblick:<\/p>\n\n\n\n<ul class=\"wp-block-list\">\n<li><a href=\"https:\/\/www.fu-berlin.de\/sites\/abt-1\/referate\/services\/wahlvorstand\/bekanntmachungen\/Frauenwahlgremium\/2025\/10-25_Bekanntmachung_WG-Wahl.pdf\" target=\"_blank\" rel=\"noreferrer noopener\">Wahlbekanntmachung zentraler Frauen- und Gleichstellungsrat<\/a> <\/li>\n\n\n\n<li><a href=\"https:\/\/www.fu-berlin.de\/sites\/abt-1\/referate\/services\/wahlvorstand\/bekanntmachungen\/Frauenwahlgremium\/2025\/11-25_Neuwahl-Wahlgremium-F-ZUV-UB.pdf\" target=\"_blank\" rel=\"noreferrer noopener\">Wahlbekanntmachung Wahlgremien UB und ZUV<\/a><\/li>\n\n\n\n<li><a href=\"https:\/\/www.fu-berlin.de\/sites\/abt-1\/referate\/1d\/wahlvorstand\/dezentral\/index.html\" target=\"_blank\" rel=\"noreferrer noopener\">Dezentrale Wahlvorst\u00e4nde<\/a><\/li>\n\n\n\n<li>Frist f\u00fcr Wahlvorschl\u00e4ge: Dienstag, 25. November 2025, 12 Uhr<\/li>\n\n\n\n<li>Wahlen: Dienstag, 13. Januar 2026<\/li>\n\n\n\n<li>Antragsfrist f\u00fcr Briefwahlunterlagen: 5. Januar 2026<\/li>\n<\/ul>\n\n\n\n<hr class=\"wp-block-separator has-alpha-channel-opacity\" \/>\n\n\n\n<p><\/p>\n","protected":false},"excerpt":{"rendered":"<p>Frist zur Kandidatur: 25. November 2025 \u2013 Aktuell l\u00e4uft die Frist zur Kandidatur f\u00fcr den zentralen Frauen- und Gleichstellungsrat. Zur Wahl stellen k\u00f6nnen sich alle weiblichen FU-Mitglieder. Das gleichstellungspolitische Gremium wird am 13. Januar 2026 neu gew\u00e4hlt. Studentinnen, wissenschaftliche Mitarbeiterinnen, Professorinnen sowie Mitarbeiterinnen in Technik, Service und Verwaltung sind darin parit\u00e4tisch vertreten.<\/p>\n","protected":false},"author":6410,"featured_media":8291,"comment_status":"open","ping_status":"open","sticky":false,"template":"","format":"standard","meta":{"footnotes":""},"categories":[428608,603],"tags":[433454,437124,437402,437419,437420],"class_list":["post-11164","post","type-post","status-publish","format-standard","has-post-thumbnail","hentry","category-informiert","category-vorgestellt","tag-gleichstellungspolitik","tag-wissenschaftlerinnen","tag-frauenbeauftragte","tag-beschaeftigte","tag-studentinnen"],"_links":{"self":[{"href":"https:\/\/blogs.fu-berlin.de\/frauenbeauftragte\/wp-json\/wp\/v2\/posts\/11164","targetHints":{"allow":["GET"]}}],"collection":[{"href":"https:\/\/blogs.fu-berlin.de\/frauenbeauftragte\/wp-json\/wp\/v2\/posts"}],"about":[{"href":"https:\/\/blogs.fu-berlin.de\/frauenbeauftragte\/wp-json\/wp\/v2\/types\/post"}],"author":[{"embeddable":true,"href":"https:\/\/blogs.fu-berlin.de\/frauenbeauftragte\/wp-json\/wp\/v2\/users\/6410"}],"replies":[{"embeddable":true,"href":"https:\/\/blogs.fu-berlin.de\/frauenbeauftragte\/wp-json\/wp\/v2\/comments?post=11164"}],"version-history":[{"count":18,"href":"https:\/\/blogs.fu-berlin.de\/frauenbeauftragte\/wp-json\/wp\/v2\/posts\/11164\/revisions"}],"predecessor-version":[{"id":11302,"href":"https:\/\/blogs.fu-berlin.de\/frauenbeauftragte\/wp-json\/wp\/v2\/posts\/11164\/revisions\/11302"}],"wp:featuredmedia":[{"embeddable":true,"href":"https:\/\/blogs.fu-berlin.de\/frauenbeauftragte\/wp-json\/wp\/v2\/media\/8291"}],"wp:attachment":[{"href":"https:\/\/blogs.fu-berlin.de\/frauenbeauftragte\/wp-json\/wp\/v2\/media?parent=11164"}],"wp:term":[{"taxonomy":"category","embeddable":true,"href":"https:\/\/blogs.fu-berlin.de\/frauenbeauftragte\/wp-json\/wp\/v2\/categories?post=11164"},{"taxonomy":"post_tag","embeddable":true,"href":"https:\/\/blogs.fu-berlin.de\/frauenbeauftragte\/wp-json\/wp\/v2\/tags?post=11164"}],"curies":[{"name":"wp","href":"https:\/\/api.w.org\/{rel}","templated":true}]}}