{"id":11335,"date":"2026-01-05T10:46:09","date_gmt":"2026-01-05T09:46:09","guid":{"rendered":"https:\/\/blogs.fu-berlin.de\/frauenbeauftragte\/?p=11335"},"modified":"2026-01-05T10:46:14","modified_gmt":"2026-01-05T09:46:14","slug":"frauen-der-fu-geht-waehlen","status":"publish","type":"post","link":"https:\/\/blogs.fu-berlin.de\/frauenbeauftragte\/2026\/01\/05\/frauen-der-fu-geht-waehlen\/","title":{"rendered":"Frauen der FU, geht w\u00e4hlen!"},"content":{"rendered":"\n<div class=\"wp-block-media-text alignwide is-stacked-on-mobile\"><figure class=\"wp-block-media-text__media\"><img loading=\"lazy\" decoding=\"async\" width=\"600\" height=\"400\" src=\"https:\/\/blogs.fu-berlin.de\/frauenbeauftragte\/files\/2021\/12\/Frauenrat_Wahlaufruf_Blog.png\" alt=\"\" class=\"wp-image-992 size-full\" srcset=\"https:\/\/blogs.fu-berlin.de\/frauenbeauftragte\/files\/2021\/12\/Frauenrat_Wahlaufruf_Blog.png 600w, https:\/\/blogs.fu-berlin.de\/frauenbeauftragte\/files\/2021\/12\/Frauenrat_Wahlaufruf_Blog-300x200.png 300w\" sizes=\"auto, (max-width: 709px) 85vw, (max-width: 909px) 67vw, (max-width: 984px) 61vw, (max-width: 1362px) 45vw, 600px\" \/><\/figure><div class=\"wp-block-media-text__content\">\n<p><strong>Wahl des zentralen Frauen- und Gleichstellungsrats: 13. Januar 2026<\/strong> &#8211; Alle weiblichen Hochschulmitglieder sind alle zwei Jahre aufgerufen, dieses Gremium zu w\u00e4hlen. Was hat es damit auf sich? Warum ist es wichtig, sich an den Wahlen zu beteiligen? K\u00f6nnen Wahlberechtigte auch w\u00e4hlen, ohne daf\u00fcr an die FU zu kommen? Welche Fristen sind zu ber\u00fccksichtigen?<\/p>\n\n\n\n<!--more-->\n<\/div><\/div>\n\n\n\n<p><em>Wahlgremium f\u00fcr die Wahl der hauptberuflichen Frauen- und Gleichstellungsbeauftragten und deren Stellvertreterinnen<\/em> <strong>\u2013<\/strong> so lautet die offizielle Bezeichnung des Gremiums, das auch als zentraler Frauen- und Gleichstellungsrat bezeichnet wird. Eine gewichtige Aufgabe ist in dieser Bezeichnung bereits enthalten: Das Gremium w\u00e4hlt alle sechs Jahre die zentrale Frauen- und Gleichstellungsbeauftragte und alle drei Jahre deren Stellvertreterinnen. Die n\u00e4chste Wahl der nebenberuflichen Stellvertreterinnen findet voraussichtlich im Januar 2027 statt.<\/p>\n\n\n\n<p>Doch die Wahl ist nur eine Aufgabe des Gremiums. Dar\u00fcber hinaus ber\u00e4t es die zentrale Frauen- und Gleichstellungsbeauftragte und unterst\u00fctzt ihre gleichstellungspolitische Arbeit. Dabei geht es um verschiedene Handlungsfelder wie Frauenf\u00f6rderung, geschlechtergerechte Organisationskultur und Personalpolitik oder Geschlechtergerechtigkeit in Studium und Lehre. Die Beratung umfasst auch die Diskussion aktueller hochschulpolitischer Themen; die Mitglieder des Gremiums gestalten so aktiv die Gleichstellungspolitik der FU mit.<\/p>\n\n\n\n<p>Au\u00dferdem spricht der Frauenrat eine Empfehlung zur Vergabe des <a rel=\"noreferrer noopener\" href=\"https:\/\/www.mvbz.fu-berlin.de\/ueber-uns\/ueber-margherita-von-brentano\/margherita-von-brentano-preis\/index.html\" target=\"_blank\">Margherita-von-Brentano-Preises<\/a><strong> <\/strong>aus. 15.000 Euro vergibt das Pr\u00e4sidium mit diesem Preis alle zwei Jahre f\u00fcr Leistungen in der Geschlechterforschung bzw. der Gleichstellung mit Bezug zur FU. Der Frauenrat ist also an einer Entscheidung \u00fcber ein betr\u00e4chtliches Preisgeld beteiligt <strong>\u2013<\/strong> der Preis ist eine der h\u00f6chstdotierten Auszeichnungen dieser Art.<\/p>\n\n\n\n<p class=\"has-medium-font-size\">Wer w\u00e4hlt wen? In Pr\u00e4senz oder per Brief?<\/p>\n\n\n\n<p>Mitentscheidend f\u00fcr St\u00e4rke und R\u00fcckhalt des Frauenrats ist eine hohe Wahlbeteiligung. Wahlberechtigt sind <strong>alle weiblichen Mitglieder der Hochschule<\/strong>; sie w\u00e4hlen jeweils Vertreterinnen ihrer eigenen Mitgliedsgruppe. Der zentrale Frauen- und Gleichstellungsrat ist viertelparit\u00e4tisch besetzt und besteht aus zw\u00f6lf Mitgliedern: drei Professorinnen, drei akademischen Mitarbeiterinnen, drei Studentinnen und drei Mitarbeiterinnen f\u00fcr Technik, Service und Verwaltung. Die <a href=\"https:\/\/www.fu-berlin.de\/sites\/abt-1\/referate\/services\/wahlvorstand\/bekanntmachungen\/Frauenwahlgremium\/2025\/13_25_Wahlvorschlaege-Wahlgremium-Frauenbeauftragte.pdf\" target=\"_blank\" rel=\"noreferrer noopener\">Liste der Kandidatinnen<\/a> f\u00fcr das Gremium hat der Zentrale Wahlvorstand im November 2025 ver\u00f6ffentlicht.<\/p>\n\n\n\n<p>Gew\u00e4hlt werden kann am <strong>13. Januar 2026 bis sp\u00e4testens 15 Uhr<\/strong> in zahlreichen <a href=\"https:\/\/www.fu-berlin.de\/sites\/abt-1\/referate\/services\/wahlvorstand\/bekanntmachungen\/Frauenwahlgremium\/2025\/18_25_Wahllokale_WG-Wahl.pdf\" target=\"_blank\" rel=\"noreferrer noopener\">Wahllokalen<\/a> an der FU oder vorab per Brief.<\/p>\n\n\n\n<p>F\u00fcr die Wahl in Pr\u00e4senz ist ein g\u00fcltiger amtlicher Lichtbildausweis vorzuweisen. Wer per Brief w\u00e4hlen will, sollte baldm\u00f6glichst, sp\u00e4testens aber bis 5. Januar 2026, Wahlunterlagen beantragen, damit das eigene Votum rechtzeitig ankommt. Briefwahlunterlagen k\u00f6nnen beim Zentralen Wahlvorstand angefordert werden, sind in der Gesch\u00e4ftsstelle pers\u00f6nlich oder durch eine bevollm\u00e4chtigte Person abzuholen und m\u00fcssen bis zum Abschluss der Wahlhandlung (15.01.2025, 15 Uhr) beim Zentralen Wahlvorstand eingegangen sein. Auf der <a href=\"https:\/\/www.fu-berlin.de\/sites\/abt-1\/referate\/services\/wahlvorstand\/kontakt\/index.html\" target=\"_blank\" rel=\"noreferrer noopener\">Webseite der Gesch\u00e4ftsstelle des Zentralen Wahlvorstands<\/a> finden sich alle wichtigen Informationen zu den bevorstehenden zentralen Wahlen.<\/p>\n\n\n\n<p>Ebenfalls am 13. Januar 2026 werden in nahezu allen Bereichen die dezentralen Frauenwahlgremien gew\u00e4hlt, deren Aufgabe in der Wahl der jeweiligen dezentralen Frauen- und Gleichstellungsbeauftragten und ihrer Stellvertreterin besteht. Auskunft \u00fcber eine etwaige Stimmabgabe per Briefwahl k\u00f6nnen die jeweils zust\u00e4ndigen dezentralen Wahlvorst\u00e4nde geben.<\/p>\n\n\n\n<hr class=\"wp-block-separator has-alpha-channel-opacity\" \/>\n\n\n\n<p class=\"has-medium-font-size\">Im \u00dcberblick:<\/p>\n\n\n\n<ul class=\"wp-block-list\">\n<li><strong>Antragsfrist f\u00fcr Briefwahl:<\/strong> <strong>Donnerstag, 05.01.2026, 12 Uhr<\/strong> (<a href=\"https:\/\/www.fu-berlin.de\/sites\/abt-1\/referate\/services\/wahlvorstand\/formulare\/Allgemeine-Formulare\/Antrag-auf-Briefwahl_DE_EN_NEU.pdf\" target=\"_blank\" rel=\"noreferrer noopener\">Antragsformular<\/a>)<\/li>\n\n\n\n<li><strong>Wahlen: Dienstag, 13. Januar 2026<\/strong>, \u00d6ffnungszeiten variieren je nach <a href=\"https:\/\/www.fu-berlin.de\/sites\/abt-1\/referate\/services\/wahlvorstand\/bekanntmachungen\/Frauenwahlgremium\/2025\/18_25_Wahllokale_WG-Wahl.pdf\" target=\"_blank\" rel=\"noreferrer noopener\">Wahllokal<\/a><\/li>\n\n\n\n<li><a href=\"https:\/\/www.fu-berlin.de\/sites\/abt-1\/referate\/services\/wahlvorstand\/bekanntmachungen\/Frauenwahlgremium\/2025\/13_25_Wahlvorschlaege-Wahlgremium-Frauenbeauftragte.pdf\" target=\"_blank\" rel=\"noreferrer noopener\">Wahlvorschl\u00e4ge zentraler Frauen- und Gleichstellungsrat<\/a><\/li>\n\n\n\n<li><a href=\"https:\/\/www.fu-berlin.de\/sites\/abt-1\/referate\/services\/wahlvorstand\/bekanntmachungen\/Frauenwahlgremium\/2025\/10-25_Bekanntmachung_WG-Wahl.pdf\" target=\"_blank\" rel=\"noreferrer noopener\">Wahlbekanntmachung zentraler Frauen- und Gleichstellungsrat<\/a><\/li>\n\n\n\n<li><a href=\"https:\/\/www.fu-berlin.de\/sites\/abt-1\/referate\/services\/wahlvorstand\/bekanntmachungen\/Frauenwahlgremium\/2025\/14_25_Wahlvorschlaege-Wahlgremium-Frauenbeuaftragte-UB.pdf\" target=\"_blank\" rel=\"noreferrer noopener\">Wahlvorschl\u00e4ge Frauenwahlgremium UB<\/a><\/li>\n\n\n\n<li><a href=\"https:\/\/www.fu-berlin.de\/sites\/abt-1\/referate\/services\/wahlvorstand\/bekanntmachungen\/Frauenwahlgremium\/2025\/15_25_Absetzung-Wahlgremium-Frauenbeuaftragte-ZUV.pdf\" target=\"_blank\" rel=\"noreferrer noopener\">Absetzung der Wahl Frauenwahlgremium ZUV<\/a><\/li>\n\n\n\n<li><a href=\"https:\/\/www.fu-berlin.de\/sites\/abt-1\/referate\/services\/wahlvorstand\/bekanntmachungen\/Frauenwahlgremium\/2025\/11-25_Neuwahl-Wahlgremium-F-ZUV-UB.pdf\" target=\"_blank\" rel=\"noreferrer noopener\">Wahlbekanntmachung Frauenwahlgremien UB und ZUV<\/a><\/li>\n<\/ul>\n\n\n\n<hr class=\"wp-block-separator has-alpha-channel-opacity\" \/>\n","protected":false},"excerpt":{"rendered":"<p>Wahl des zentralen Frauen- und Gleichstellungsrats: 13. Januar 2026 &#8211; Alle weiblichen Hochschulmitglieder sind alle zwei Jahre aufgerufen, dieses Gremium zu w\u00e4hlen. Was hat es damit auf sich? Warum ist es wichtig, sich an den Wahlen zu beteiligen? K\u00f6nnen Wahlberechtigte auch w\u00e4hlen, ohne daf\u00fcr an die FU zu kommen? Welche Fristen sind zu ber\u00fccksichtigen?<\/p>\n","protected":false},"author":6410,"featured_media":8292,"comment_status":"open","ping_status":"open","sticky":false,"template":"","format":"standard","meta":{"footnotes":""},"categories":[428608],"tags":[433454,437124,437402,437419,437420],"class_list":["post-11335","post","type-post","status-publish","format-standard","has-post-thumbnail","hentry","category-informiert","tag-gleichstellungspolitik","tag-wissenschaftlerinnen","tag-frauenbeauftragte","tag-beschaeftigte","tag-studentinnen"],"_links":{"self":[{"href":"https:\/\/blogs.fu-berlin.de\/frauenbeauftragte\/wp-json\/wp\/v2\/posts\/11335","targetHints":{"allow":["GET"]}}],"collection":[{"href":"https:\/\/blogs.fu-berlin.de\/frauenbeauftragte\/wp-json\/wp\/v2\/posts"}],"about":[{"href":"https:\/\/blogs.fu-berlin.de\/frauenbeauftragte\/wp-json\/wp\/v2\/types\/post"}],"author":[{"embeddable":true,"href":"https:\/\/blogs.fu-berlin.de\/frauenbeauftragte\/wp-json\/wp\/v2\/users\/6410"}],"replies":[{"embeddable":true,"href":"https:\/\/blogs.fu-berlin.de\/frauenbeauftragte\/wp-json\/wp\/v2\/comments?post=11335"}],"version-history":[{"count":30,"href":"https:\/\/blogs.fu-berlin.de\/frauenbeauftragte\/wp-json\/wp\/v2\/posts\/11335\/revisions"}],"predecessor-version":[{"id":11570,"href":"https:\/\/blogs.fu-berlin.de\/frauenbeauftragte\/wp-json\/wp\/v2\/posts\/11335\/revisions\/11570"}],"wp:featuredmedia":[{"embeddable":true,"href":"https:\/\/blogs.fu-berlin.de\/frauenbeauftragte\/wp-json\/wp\/v2\/media\/8292"}],"wp:attachment":[{"href":"https:\/\/blogs.fu-berlin.de\/frauenbeauftragte\/wp-json\/wp\/v2\/media?parent=11335"}],"wp:term":[{"taxonomy":"category","embeddable":true,"href":"https:\/\/blogs.fu-berlin.de\/frauenbeauftragte\/wp-json\/wp\/v2\/categories?post=11335"},{"taxonomy":"post_tag","embeddable":true,"href":"https:\/\/blogs.fu-berlin.de\/frauenbeauftragte\/wp-json\/wp\/v2\/tags?post=11335"}],"curies":[{"name":"wp","href":"https:\/\/api.w.org\/{rel}","templated":true}]}}