{"id":11453,"date":"2025-11-27T15:33:31","date_gmt":"2025-11-27T14:33:31","guid":{"rendered":"https:\/\/blogs.fu-berlin.de\/frauenbeauftragte\/?p=11453"},"modified":"2025-11-28T17:30:26","modified_gmt":"2025-11-28T16:30:26","slug":"ausgezeichnet-margherita-von-brentano-preis","status":"publish","type":"post","link":"https:\/\/blogs.fu-berlin.de\/frauenbeauftragte\/2025\/11\/27\/ausgezeichnet-margherita-von-brentano-preis\/","title":{"rendered":"Ausgezeichnet: Margherita-von-Brentano-Preis"},"content":{"rendered":"\n<div class=\"wp-block-media-text alignwide is-stacked-on-mobile\"><figure class=\"wp-block-media-text__media\"><img loading=\"lazy\" decoding=\"async\" width=\"275\" height=\"183\" src=\"https:\/\/blogs.fu-berlin.de\/frauenbeauftragte\/files\/2024\/02\/MvB_Foto_Frigga-Haug_gedreht.jpg\" alt=\"\" class=\"wp-image-8169 size-full\" \/><\/figure><div class=\"wp-block-media-text__content\">\n<p><strong>Preisverleihung 5. Dezember 2025 <strong>|<\/strong><\/strong> <strong>18:00-20:00 Uhr \u2013<\/strong> Den Margherita-von-Brentano-Preis der Freien Universit\u00e4t in H\u00f6he von 15.000 Euro teilen sich in diesem Jahr zwei Projekte: der Arbeitsbereich Didaktik der Geschichte und das studentische \u00dcbersetzungskollektiv der Romanistik. Auf dem Programm der <a href=\"https:\/\/www.mvbz.fu-berlin.de\/termine\/20251205_mvb-preisverleihung.html\" target=\"_blank\" rel=\"noreferrer noopener\">Preisverleihung<\/a> stehen neben der Begr\u00fc\u00dfung und den Laudationes auch Musik sowie ein festlicher Empfang.<\/p>\n\n\n\n<!--more-->\n<\/div><\/div>\n\n\n\n<p>Mit dem <a href=\"https:\/\/www.mvbz.fu-berlin.de\/ueber-uns\/ueber-margherita-von-brentano\/margherita-von-brentano-preis\/index.html\" target=\"_blank\" rel=\"noreferrer noopener\">Margherita-von-Brentano-Preis<\/a> w\u00fcrdigt das Pr\u00e4sidium der Freien Universit\u00e4t alle zwei Jahre Pers\u00f6nlichkeiten oder Projekte f\u00fcr herausragende Leistungen in der Geschlechterforschung oder Gleichstellung. Die mit 15.000 Euro dotierte&nbsp;Auszeichnung z\u00e4hlt zu den h\u00f6chstdotierten Frauenf\u00f6rderpreisen in Deutschland.<\/p>\n\n\n\n<p class=\"has-medium-font-size\">Preistr\u00e4ger*innen und Programm<\/p>\n\n\n\n<p>Im Rahmen einer Festveranstaltung am 5. Dezember 2025 im Henry-Ford-Bau werden der <a href=\"https:\/\/www.geschkult.fu-berlin.de\/e\/fmi\/bereiche\/ab_didaktik\/index.html\" target=\"_blank\" rel=\"noreferrer noopener\">Arbeitsbereich Didaktik der Geschichte<\/a> und das <a href=\"https:\/\/www.geisteswissenschaften.fu-berlin.de\/friedrichschlegel\/news\/2025-07-02-manuela-seidel-erhaelt-preis.html\" target=\"_blank\" rel=\"noreferrer noopener\">studentische \u00dcbersetzungskollektiv der Romanistik<\/a> zu gleichen Teilen mit dem Preis geehrt.<\/p>\n\n\n\n<p>Die FU Berlin zeichnet den Arbeitsbereich Didaktik der Geschichte f\u00fcr sein Engagement f\u00fcr die Sichtbarmachung von geschlechtlicher und sexueller Vielfalt, insbesondere mit Blick auf queere Geschichte in der Wissenschaft, aus. Im Rahmen mehrerer Forschungsprojekte hat der Arbeitsbereich das Wissen um queere Geschichte erweitert und das Themenfeld in innovativen Formaten wie dem Queer History Lab an angehende Lehrkr\u00e4fte vermittelt. F\u00fcr Lehre, Forschung und auch die Early-Career-F\u00f6rderung ist dies ein bedeutender Beitrag.<\/p>\n\n\n\n<p>Das studentische \u00dcbersetzungskollektiv der Romanistik erh\u00e4lt den Margherita-von-Brentano-Preis f\u00fcr sein \u00fcberdurchschnittliches Engagement, Feminizide zu thematisieren. Es hat dieses gesellschaftlich dringliche Problem wissenschaftlich innovativ und international bearbeitet. Mit seiner Arbeit hat das Kollektiv einen wichtigen Beitrag zur feministischen Wissensproduktion und Erinnerungskultur vorgelegt.<\/p>\n\n\n\n<p class=\"has-medium-font-size\">Programm<\/p>\n\n\n\n<figure class=\"wp-block-table\"><table><tbody><tr><td><strong>Begr\u00fc\u00dfung<\/strong><\/td><td>Prof. Dr. <a href=\"https:\/\/www.geschkult.fu-berlin.de\/e\/oas\/japanologie\/institut\/mitarbeiter\/professoren\/blechinger\/index.html\" data-type=\"link\" data-id=\"https:\/\/www.geschkult.fu-berlin.de\/e\/oas\/japanologie\/institut\/mitarbeiter\/professoren\/blechinger\/index.html\" target=\"_blank\" rel=\"noreferrer noopener\">Verena Blechinger-Talcott<\/a><br>Erste Vizepr\u00e4sidentin der Freien Universit\u00e4t Berlin<br><br>Prof. Dr. <a href=\"https:\/\/www.polsoz.fu-berlin.de\/polwiss\/forschung\/grundlagen\/gender-div\/team\/Mitarbeiter-innen\/guelay_caglar\/index.html\" data-type=\"link\" data-id=\"https:\/\/www.polsoz.fu-berlin.de\/polwiss\/forschung\/grundlagen\/gender-div\/team\/Mitarbeiter-innen\/guelay_caglar\/index.html\" target=\"_blank\" rel=\"noreferrer noopener\">G\u00fclay \u00c7a\u011flar<\/a><br>Wissenschaftliche Leitung des Margherita-von-Brentano-Zentrums und Professorin f\u00fcr Politikwissenschaft mit dem Schwerpunkt Gender and Diversity, Otto-Suhr-Institut f\u00fcr Politikwissenschaften, Freie Universit\u00e4t Berlin<\/td><\/tr><tr><td><strong>Laudationes<\/strong><\/td><td>Prof. Dr. <a href=\"https:\/\/www.unibw.de\/geschichte\/prof\/neu\/pers\/richter\" data-type=\"link\" data-id=\"https:\/\/www.unibw.de\/geschichte\/prof\/neu\/pers\/richter\" target=\"_blank\" rel=\"noreferrer noopener\">Hedwig Richter<\/a> f\u00fcr den Arbeitsbereich Didaktik der Geschichte<br><br>Prof. Dr. <a href=\"https:\/\/www.geisteswissenschaften.fu-berlin.de\/we05\/institut\/mitarbeiter\/traninger\/index.html\" target=\"_blank\" rel=\"noreferrer noopener\">Anita Traninger<\/a> f\u00fcr das studentische \u00dcbersetzungskollektiv der Romanistik<\/td><\/tr><tr><td><strong>Dankesworte<\/strong><\/td><td>Arbeitsbereich Didaktik der Geschichte<br><br>Studentisches \u00dcbersetzungskollektiv der Romanistik<\/td><\/tr><tr><td><strong>Musikalische Umrahmung<\/strong><\/td><td><a href=\"http:\/\/birgittaflick.com\/\" target=\"_blank\" rel=\"noreferrer noopener\">Birgitta Flick <\/a>(Saxophon)<br><a href=\"https:\/\/www.estherkaiser.de\/\" target=\"_blank\" rel=\"noreferrer noopener\">Esther Kaiser<\/a> (Gesang)<\/td><\/tr><tr><td><strong>Empfang<\/strong><\/td><td>Ab 20:00 Uhr<\/td><\/tr><\/tbody><\/table><\/figure>\n\n\n\n<p class=\"has-medium-font-size\">Die Namensgeberin des Preises<\/p>\n\n\n\n<p>Margherita von Brentano promovierte 1948 bei Martin Heidegger und wurde 1971 Professorin am Institut f\u00fcr Philosophie der Freien Universit\u00e4t Berlin. 1970 wurde sie als erste Frau in das Amt der Vizepr\u00e4sidentin der Hochschule gew\u00e4hlt. Bereits zu Beginn der 1960er Jahre engagierte sie sich daf\u00fcr, die berufliche Diskriminierung von Frauen an Universit\u00e4ten und Forschungseinrichtungen zu \u00fcberwinden. In ihrem Gedenken wurde 1995 zum ersten Mal der <a rel=\"noreferrer noopener\" href=\"https:\/\/www.fu-berlin.de\/sites\/margherita-von-brentano\/\" target=\"_blank\">Margherita-von-Brentano-Preis<\/a> verliehen und seitdem viele <a rel=\"noreferrer noopener\" href=\"https:\/\/www.fu-berlin.de\/sites\/margherita-von-brentano\/preistraegerinnen\/index.html\" target=\"_blank\">Einzelpersonen und Projekte<\/a> f\u00fcr ihren herausragenden Einsatz f\u00fcr Frauenf\u00f6rderung und Gleichstellung ausgezeichnet. <\/p>\n\n\n\n<hr class=\"wp-block-separator has-alpha-channel-opacity\" \/>\n\n\n\n<p class=\"has-medium-font-size\">Zeit &amp; Ort<\/p>\n\n\n\n<ul class=\"wp-block-list\">\n<li>Dienstag, 5.12.2025, 18:00 &#8211; 20:00 Uhr<\/li>\n\n\n\n<li>Henry-Ford-Bau, H\u00f6rsaal A, Garystr. 35, 14195 Berlin<\/li>\n<\/ul>\n\n\n\n<p class=\"has-medium-font-size\">Weitere Informationen<\/p>\n\n\n\n<p>Das Bewerbungsverfahren und die Preisverleihung werden seit 2017 vom&nbsp;<a rel=\"noreferrer noopener\" href=\"https:\/\/www.mvbz.fu-berlin.de\/\" target=\"_blank\">Margherita-von-Brentano-Zentrum<\/a>&nbsp;organisiert.<\/p>\n\n\n\n<p>Kontakt:&nbsp;<a rel=\"noreferrer noopener\" href=\"mailto:mvbz@fu-berlin.de\" target=\"_blank\">mvbz@fu-berlin.de<\/a> <\/p>\n\n\n\n<hr class=\"wp-block-separator has-alpha-channel-opacity\" \/>\n\n\n<div class=\"wp-block-image\">\n<figure class=\"aligncenter size-full\"><img loading=\"lazy\" decoding=\"async\" width=\"500\" height=\"707\" src=\"https:\/\/blogs.fu-berlin.de\/frauenbeauftragte\/files\/2025\/11\/MvB-Preisverleihung_2025.png\" alt=\"\" class=\"wp-image-11484\" srcset=\"https:\/\/blogs.fu-berlin.de\/frauenbeauftragte\/files\/2025\/11\/MvB-Preisverleihung_2025.png 500w, https:\/\/blogs.fu-berlin.de\/frauenbeauftragte\/files\/2025\/11\/MvB-Preisverleihung_2025-212x300.png 212w\" sizes=\"auto, (max-width: 500px) 85vw, 500px\" \/><\/figure><\/div>\n\n\n<hr class=\"wp-block-separator has-alpha-channel-opacity\" \/>\n","protected":false},"excerpt":{"rendered":"<p>Preisverleihung 5. Dezember 2025 | 18:00-20:00 Uhr \u2013 Den Margherita-von-Brentano-Preis der Freien Universit\u00e4t in H\u00f6he von 15.000 Euro teilen sich in diesem Jahr zwei Projekte: der Arbeitsbereich Didaktik der Geschichte und das studentische \u00dcbersetzungskollektiv der Romanistik. Auf dem Programm der Preisverleihung stehen neben der Begr\u00fc\u00dfung und den Laudationes auch Musik sowie ein festlicher Empfang.<\/p>\n","protected":false},"author":8923,"featured_media":8169,"comment_status":"open","ping_status":"open","sticky":false,"template":"","format":"standard","meta":{"footnotes":""},"categories":[428608,603],"tags":[433454,57446,437124,233545],"class_list":["post-11453","post","type-post","status-publish","format-standard","has-post-thumbnail","hentry","category-informiert","category-vorgestellt","tag-gleichstellungspolitik","tag-geschlechterforschung","tag-wissenschaftlerinnen","tag-studierende"],"_links":{"self":[{"href":"https:\/\/blogs.fu-berlin.de\/frauenbeauftragte\/wp-json\/wp\/v2\/posts\/11453","targetHints":{"allow":["GET"]}}],"collection":[{"href":"https:\/\/blogs.fu-berlin.de\/frauenbeauftragte\/wp-json\/wp\/v2\/posts"}],"about":[{"href":"https:\/\/blogs.fu-berlin.de\/frauenbeauftragte\/wp-json\/wp\/v2\/types\/post"}],"author":[{"embeddable":true,"href":"https:\/\/blogs.fu-berlin.de\/frauenbeauftragte\/wp-json\/wp\/v2\/users\/8923"}],"replies":[{"embeddable":true,"href":"https:\/\/blogs.fu-berlin.de\/frauenbeauftragte\/wp-json\/wp\/v2\/comments?post=11453"}],"version-history":[{"count":22,"href":"https:\/\/blogs.fu-berlin.de\/frauenbeauftragte\/wp-json\/wp\/v2\/posts\/11453\/revisions"}],"predecessor-version":[{"id":11530,"href":"https:\/\/blogs.fu-berlin.de\/frauenbeauftragte\/wp-json\/wp\/v2\/posts\/11453\/revisions\/11530"}],"wp:featuredmedia":[{"embeddable":true,"href":"https:\/\/blogs.fu-berlin.de\/frauenbeauftragte\/wp-json\/wp\/v2\/media\/8169"}],"wp:attachment":[{"href":"https:\/\/blogs.fu-berlin.de\/frauenbeauftragte\/wp-json\/wp\/v2\/media?parent=11453"}],"wp:term":[{"taxonomy":"category","embeddable":true,"href":"https:\/\/blogs.fu-berlin.de\/frauenbeauftragte\/wp-json\/wp\/v2\/categories?post=11453"},{"taxonomy":"post_tag","embeddable":true,"href":"https:\/\/blogs.fu-berlin.de\/frauenbeauftragte\/wp-json\/wp\/v2\/tags?post=11453"}],"curies":[{"name":"wp","href":"https:\/\/api.w.org\/{rel}","templated":true}]}}