{"id":11532,"date":"2026-02-04T11:11:50","date_gmt":"2026-02-04T10:11:50","guid":{"rendered":"https:\/\/blogs.fu-berlin.de\/frauenbeauftragte\/?p=11532"},"modified":"2026-02-04T16:17:14","modified_gmt":"2026-02-04T15:17:14","slug":"verantwortlich-handeln-als-fuehrungskraft","status":"publish","type":"post","link":"https:\/\/blogs.fu-berlin.de\/frauenbeauftragte\/2026\/02\/04\/verantwortlich-handeln-als-fuehrungskraft\/","title":{"rendered":"Verantwortlich handeln als F\u00fchrungskraft"},"content":{"rendered":"\n<div class=\"wp-block-media-text alignwide is-stacked-on-mobile\"><figure class=\"wp-block-media-text__media\"><img loading=\"lazy\" decoding=\"async\" width=\"1024\" height=\"768\" src=\"https:\/\/blogs.fu-berlin.de\/frauenbeauftragte\/files\/2025\/03\/25-11-24_Blog-2-1024x768.png\" alt=\"\" class=\"wp-image-10258 size-full\" srcset=\"https:\/\/blogs.fu-berlin.de\/frauenbeauftragte\/files\/2025\/03\/25-11-24_Blog-2-1024x768.png 1024w, https:\/\/blogs.fu-berlin.de\/frauenbeauftragte\/files\/2025\/03\/25-11-24_Blog-2-300x225.png 300w, https:\/\/blogs.fu-berlin.de\/frauenbeauftragte\/files\/2025\/03\/25-11-24_Blog-2-768x576.png 768w, https:\/\/blogs.fu-berlin.de\/frauenbeauftragte\/files\/2025\/03\/25-11-24_Blog-2-1536x1152.png 1536w, https:\/\/blogs.fu-berlin.de\/frauenbeauftragte\/files\/2025\/03\/25-11-24_Blog-2-1200x900.png 1200w, https:\/\/blogs.fu-berlin.de\/frauenbeauftragte\/files\/2025\/03\/25-11-24_Blog-2.png 2000w\" sizes=\"auto, (max-width: 709px) 85vw, (max-width: 909px) 67vw, (max-width: 1362px) 62vw, 840px\" \/><\/figure><div class=\"wp-block-media-text__content\">\n<p><strong>Workshop | 26. Februar 2026 | 9:00 &#8211; 16:00 Uhr<\/strong> <strong>\u2013<\/strong> Die Weiterbildung <a href=\"https:\/\/www.fu-berlin.de\/sites\/nein-heisst-nein\/Termine-SBDG\/20260226_professionalisierung-fuer-fuerungskraefte.html\" target=\"_blank\" rel=\"noreferrer noopener\">&#8222;Sexualisierte Bel\u00e4stigung, Diskriminierung und Gewalt am Arbeitsplatz \u2013 Professionalisierung f\u00fcr F\u00fchrungskr\u00e4fte&#8220;<\/a> richtet sich an Personen mit Leitungs-, Personal- und Ausbildungsverantwortung und bef\u00e4higt sie zu einem professionellen Umgang mit sexualisierten \u00dcbergriffen am Arbeitsplatz.<\/p>\n\n\n\n<!--more-->\n<\/div><\/div>\n\n\n\n<p>Was tun, wenn am Arbeitsplatz Bel\u00e4stigung, Diskriminierung und Gewalt (SBDG) auftritt? Welche Handlungsbedarfe ergeben sich daraus und welche Verantwortung kommt F\u00fchrungskr\u00e4ften zu? In dem Workshop lernen F\u00fchrungskr\u00e4fte, f\u00fcrsorglich und verantwortungsbewusst mit SBDG-F\u00e4llen umzugehen. Zudem werden pr\u00e4ventive Ma\u00dfnahmen und Strategien besprochen.<\/p>\n\n\n\n<p class=\"has-medium-font-size\">Zielgruppe und Ziele<\/p>\n\n\n\n<p>Der Workshop richtet sich an F\u00fchrungskr\u00e4fte sowie an Personen mit Personal- und Ausbildungsverantwortung und zielt darauf ab, F\u00fchrungspersonal im professionellen und f\u00fcrsorglichen Umgang mit SBDG zu st\u00e4rken. Die Teilnehmenden lernen, die verschiedenen Formen und Auspr\u00e4gungen von SBDG zu erkennen, deren Auswirkungen auf Betroffene sowie auf das Arbeits- und Studienumfeld zu verstehen. Zudem wird erl\u00e4utert, wie SBDG in gesellschaftliche und hochschulspezifische Macht- und Abh\u00e4ngigkeitsverh\u00e4ltnisse eingebettet ist, und warum es f\u00fcr Betroffene oft schwierig ist, Geh\u00f6r zu finden und Unterst\u00fctzung zu erhalten.<\/p>\n\n\n\n<p>Nach dem Workshop verf\u00fcgen die Teilnehmenden \u00fcber ein Verst\u00e4ndnis der verschiedenen Abstufungen, Formen, Auswirkungen und der gesellschaftlichen sowie rechtlichen Einordnung von SBDG, insbesondere im Hochschulkontext. Sie wissen, wie sie ihre Rolle als f\u00fcrsorgliche und verantwortungsbewusste F\u00fchrungskraft bei Meldungen wahrnehmen und wie sie pr\u00e4ventiv t\u00e4tig werden k\u00f6nnen.<\/p>\n\n\n\n<p class=\"has-medium-font-size\">Inhalte<\/p>\n\n\n\n<ul class=\"wp-block-list\">\n<li>Merkmale von sexualisierter Bel\u00e4stigung, Diskriminierung und Gewalt (SBDG)<\/li>\n\n\n\n<li>Verschiedene Auspr\u00e4gungen und Formen von SBDG<\/li>\n\n\n\n<li>Auswirkungen auf Betroffene und das Umfeld<\/li>\n\n\n\n<li>Macht- und Abh\u00e4ngigkeitsverh\u00e4ltnisse in Gesellschaft und Hochschule<\/li>\n\n\n\n<li>Beratungs- und Beschwerdestrukturen<\/li>\n\n\n\n<li>Verantwortung, Rolle und Haltung als F\u00fchrungskraft<\/li>\n\n\n\n<li>Umgang mit Meldungen zu SBDG<\/li>\n\n\n\n<li>Pr\u00e4ventionsma\u00dfnahmen gegen SBDG<\/li>\n<\/ul>\n\n\n\n<p class=\"has-medium-font-size\">Trainerinnen<\/p>\n\n\n\n<ul class=\"wp-block-list\">\n<li><a href=\"https:\/\/www.fu-berlin.de\/sites\/frauenbeauftragte\/ueber-uns\/team\/referentinnen\/wendy-stollberg.html\" target=\"_blank\" rel=\"noreferrer noopener\">Wendy Stollberg<\/a>, zentrale Ansprechperson bei sexualisierter Bel\u00e4stigung, Diskriminierung und Gewalt<\/li>\n\n\n\n<li><a href=\"https:\/\/www.mvbz.fu-berlin.de\/ueber-uns\/team\/pantelmann\/index.html\" target=\"_blank\" rel=\"noreferrer noopener\">Dr. Heike Pantelmann<\/a>, Gesch\u00e4ftsf\u00fchrerin des Margherita-von-Brentano-Zentrums (MvBZ), Mitherausgeberin des Buches <a href=\"https:\/\/link.springer.com\/book\/10.1007\/978-3-658-40467-3\" target=\"_blank\" rel=\"noreferrer noopener\">Sexualisierte Bel\u00e4stigung, Diskriminierung und Gewalt im Hochschulkontext: Herausforderungen, Umgangsweisen und Pr\u00e4vention<\/a><\/li>\n<\/ul>\n\n\n\n<p class=\"has-medium-font-size\">\u00dcberblick<\/p>\n\n\n\n<p><strong>Workshop Sexualisierte Bel\u00e4stigung, Diskriminierung und Gewalt am Arbeitsplatz \u2013 Professionalisierung f\u00fcr F\u00fchrungskr\u00e4fte<\/strong><\/p>\n\n\n\n<ul class=\"wp-block-list\">\n<li>Donnerstag, 26.02.2026 | 9:00 bis  16:00 Uhr<\/li>\n\n\n\n<li><a href=\"https:\/\/veranstaltung.weiterbildung.fu-berlin.de\/Veranstaltung\/cmx686e871e90387.html\" target=\"_blank\" rel=\"noreferrer noopener\">Anmeldung<\/a> \u00fcber das Weiterbildungszentrum der Freien Universit\u00e4t<\/li>\n\n\n\n<li>Veranstaltungsort wird mit der Kurszusage mitgeteilt<\/li>\n<\/ul>\n\n\n\n<hr class=\"wp-block-separator has-alpha-channel-opacity\" \/>\n","protected":false},"excerpt":{"rendered":"<p>Workshop | 26. Februar 2026 | 9:00 &#8211; 16:00 Uhr \u2013 Die Weiterbildung &#8222;Sexualisierte Bel\u00e4stigung, Diskriminierung und Gewalt am Arbeitsplatz \u2013 Professionalisierung f\u00fcr F\u00fchrungskr\u00e4fte&#8220; richtet sich an Personen mit Leitungs-, Personal- und Ausbildungsverantwortung und bef\u00e4higt sie zu einem professionellen Umgang mit sexualisierten \u00dcbergriffen am Arbeitsplatz.<\/p>\n","protected":false},"author":6410,"featured_media":9688,"comment_status":"open","ping_status":"open","sticky":false,"template":"","format":"standard","meta":{"footnotes":""},"categories":[428608],"tags":[433140,215230,433967,90487,306,437425],"class_list":["post-11532","post","type-post","status-publish","format-standard","has-post-thumbnail","hentry","category-informiert","tag-sbdg","tag-gewalt","tag-nomeansno","tag-diskriminierung","tag-weiterbildung","tag-belaestigung"],"_links":{"self":[{"href":"https:\/\/blogs.fu-berlin.de\/frauenbeauftragte\/wp-json\/wp\/v2\/posts\/11532","targetHints":{"allow":["GET"]}}],"collection":[{"href":"https:\/\/blogs.fu-berlin.de\/frauenbeauftragte\/wp-json\/wp\/v2\/posts"}],"about":[{"href":"https:\/\/blogs.fu-berlin.de\/frauenbeauftragte\/wp-json\/wp\/v2\/types\/post"}],"author":[{"embeddable":true,"href":"https:\/\/blogs.fu-berlin.de\/frauenbeauftragte\/wp-json\/wp\/v2\/users\/6410"}],"replies":[{"embeddable":true,"href":"https:\/\/blogs.fu-berlin.de\/frauenbeauftragte\/wp-json\/wp\/v2\/comments?post=11532"}],"version-history":[{"count":22,"href":"https:\/\/blogs.fu-berlin.de\/frauenbeauftragte\/wp-json\/wp\/v2\/posts\/11532\/revisions"}],"predecessor-version":[{"id":11820,"href":"https:\/\/blogs.fu-berlin.de\/frauenbeauftragte\/wp-json\/wp\/v2\/posts\/11532\/revisions\/11820"}],"wp:featuredmedia":[{"embeddable":true,"href":"https:\/\/blogs.fu-berlin.de\/frauenbeauftragte\/wp-json\/wp\/v2\/media\/9688"}],"wp:attachment":[{"href":"https:\/\/blogs.fu-berlin.de\/frauenbeauftragte\/wp-json\/wp\/v2\/media?parent=11532"}],"wp:term":[{"taxonomy":"category","embeddable":true,"href":"https:\/\/blogs.fu-berlin.de\/frauenbeauftragte\/wp-json\/wp\/v2\/categories?post=11532"},{"taxonomy":"post_tag","embeddable":true,"href":"https:\/\/blogs.fu-berlin.de\/frauenbeauftragte\/wp-json\/wp\/v2\/tags?post=11532"}],"curies":[{"name":"wp","href":"https:\/\/api.w.org\/{rel}","templated":true}]}}