{"id":11658,"date":"2026-01-16T09:58:28","date_gmt":"2026-01-16T08:58:28","guid":{"rendered":"https:\/\/blogs.fu-berlin.de\/frauenbeauftragte\/?p=11658"},"modified":"2026-01-16T10:21:30","modified_gmt":"2026-01-16T09:21:30","slug":"kinderleicht-studium-und-familie-vereinbaren","status":"publish","type":"post","link":"https:\/\/blogs.fu-berlin.de\/frauenbeauftragte\/2026\/01\/16\/kinderleicht-studium-und-familie-vereinbaren\/","title":{"rendered":"Kinderleicht? Studium und Familie vereinbaren"},"content":{"rendered":"\n<div class=\"wp-block-media-text alignwide is-stacked-on-mobile\"><figure class=\"wp-block-media-text__media\"><img loading=\"lazy\" decoding=\"async\" width=\"1024\" height=\"683\" src=\"https:\/\/blogs.fu-berlin.de\/frauenbeauftragte\/files\/2026\/01\/Plueschbaer-20cm-T-Shirt-schwarz-2024-3-2-Rahmen-dicker-Bildquelle-1024x683.png\" alt=\"\" class=\"wp-image-11670 size-full\" srcset=\"https:\/\/blogs.fu-berlin.de\/frauenbeauftragte\/files\/2026\/01\/Plueschbaer-20cm-T-Shirt-schwarz-2024-3-2-Rahmen-dicker-Bildquelle-1024x683.png 1024w, https:\/\/blogs.fu-berlin.de\/frauenbeauftragte\/files\/2026\/01\/Plueschbaer-20cm-T-Shirt-schwarz-2024-3-2-Rahmen-dicker-Bildquelle-300x200.png 300w, https:\/\/blogs.fu-berlin.de\/frauenbeauftragte\/files\/2026\/01\/Plueschbaer-20cm-T-Shirt-schwarz-2024-3-2-Rahmen-dicker-Bildquelle-768x512.png 768w, https:\/\/blogs.fu-berlin.de\/frauenbeauftragte\/files\/2026\/01\/Plueschbaer-20cm-T-Shirt-schwarz-2024-3-2-Rahmen-dicker-Bildquelle-1536x1025.png 1536w, https:\/\/blogs.fu-berlin.de\/frauenbeauftragte\/files\/2026\/01\/Plueschbaer-20cm-T-Shirt-schwarz-2024-3-2-Rahmen-dicker-Bildquelle-1200x801.png 1200w, https:\/\/blogs.fu-berlin.de\/frauenbeauftragte\/files\/2026\/01\/Plueschbaer-20cm-T-Shirt-schwarz-2024-3-2-Rahmen-dicker-Bildquelle.png 1794w\" sizes=\"auto, (max-width: 709px) 85vw, (max-width: 909px) 67vw, (max-width: 1362px) 62vw, 840px\" \/><\/figure><div class=\"wp-block-media-text__content\">\n<p><strong>Informationsveranstaltung: 22. Januar 2026 | 11:00-14:00 Uhr<\/strong> <strong>\u2013<\/strong> Wie lassen sich Studium und Elternschaft vereinbaren? Das erfahren Studierende bei der Veranstaltung \u201eStudium &amp; Kind\u201c des Dual Career &amp; Family Service der Freien Universit\u00e4t. Fragen zu Kitaplatzvergabe, Studienorganisation und Unterst\u00fctzungsangeboten beantworten Mitarbeiter*innen der FU, des Studierendenwerks und externer Beratungsstellen.<\/p>\n\n\n\n<!--more-->\n<\/div><\/div>\n\n\n\n<p>Die Informationsveranstaltung <a href=\"https:\/\/www.fu-berlin.de\/sites\/abt-1\/stabsstellen\/dcfam-service\/termine\/Termine-Intern\/Infoveranstaltung_-Studium-_-Kind.html\" target=\"_blank\" rel=\"noreferrer noopener\">Studium &amp; Kind<\/a> am 22.01.2026 im Foyer der Mensa II richtet sich an alle Studierenden <strong>\u2013<\/strong> ob neu oder schon l\u00e4nger an der Freien Universit\u00e4t. <\/p>\n\n\n\n<p><strong>Vorbeikommen, informieren, austauschen<\/strong><\/p>\n\n\n\n<p>Mit dieser Veranstaltung l\u00e4dt der <a href=\"https:\/\/www.fu-berlin.de\/sites\/abt-1\/stabsstellen\/dcfam-service\/index.html\" target=\"_blank\" rel=\"noreferrer noopener\">Dual Career &amp; Family Service<\/a> Studierende und alle, die sich f\u00fcr das Thema Vereinbarkeit von Familie und Studium interessieren, zum Austausch mit Expert*innen und Kommiliton*innen ein. Bei Bedarf werden auch individuelle und vertrauliche Gespr\u00e4che angeboten.  Mitarbeiter*innen von unterschiedlichen Service- und Beratungseinrichtungen stellen Unterst\u00fctzungsangebote und Ma\u00dfnahmen \u2013 auch f\u00fcr Studierende mit Pflegeverantwortung \u2013 vor. <\/p>\n\n\n\n<p>Zu einem der wichtigsten Themen f\u00fcr studierende Eltern \u2013 der Kinderbetreuung \u2013 informieren Mitarbeiter*innen der <a href=\"https:\/\/www.stw.berlin\/kitas\/einrichtungen\/kita-an-der-freien-universit%C3%A4t-berlin.html\" target=\"_blank\" rel=\"noreferrer noopener\">Kita an der FU<\/a> und des <a href=\"https:\/\/www.fu-berlin.de\/sites\/abt-1\/stabsstellen\/dcfam-service\/index.html\" target=\"_blank\" rel=\"noreferrer noopener\">Dual Career &amp; Family Services<\/a>: Wo gibt es freie Kitapl\u00e4tze und wie funktioniert das Kita-Gutschein-System in Berlin? Ebenso werden Informationen und Beratung zur Studienorganisation w\u00e4hrend der Schwangerschaft und mit Kind angeboten, z.B. zu Urlaubssemester und Teilzeitstudium oder zu Anwesenheitspflicht, Mutterschutz und Stillzeit.<\/p>\n\n\n\n<p>Die <a href=\"https:\/\/www.stw.berlin\/beratung\/beratung-finanzierung-und-soziales\/\" target=\"_blank\" rel=\"noreferrer noopener\">Beratungsstelle Finanzierung &amp; Soziales des Studierendenwerks Berlin<\/a> ber\u00e4t dar\u00fcber hinaus zur Studienfinanzierung, zur Krankenversicherung sowie zu Wohn- und Kindergeld. Bei Fragen zur Familienplanung und Empf\u00e4ngnisverh\u00fctung unterst\u00fctzen und beraten Mitarbeiter*innen des <a href=\"https:\/\/www.berlin.de\/ba-steglitz-zehlendorf\/politik-und-verwaltung\/aemter\/gesundheitsamt\/zentrum-fuer-familienplanung\/artikel.29766.php\" target=\"_blank\" rel=\"noreferrer noopener\">Zentrums f\u00fcr Familienplanung Steglitz-Zehlendorf<\/a>.<\/p>\n\n\n\n<hr class=\"wp-block-separator has-alpha-channel-opacity\" \/>\n\n\n\n<p>Rund acht Prozent der Studierenden an deutschen Hochschulen haben mindestens ein Kind, so das Ergebnis der <a href=\"https:\/\/www.bmftr.bund.de\/SharedDocs\/Publikationen\/DE\/4\/31790_22_Sozialerhebung_2021.pdf?__blob=publicationFile&amp;v=4\">Studierendenbefragung in Deutschland von 2021<\/a>. Damit studierende Eltern chancengleich und erfolgreich studieren k\u00f6nnen, sind <a href=\"https:\/\/www.fu-berlin.de\/sites\/abt-1\/stabsstellen\/dcfam-service\/studium_mit_kind\/index.html\" target=\"_blank\" rel=\"noreferrer noopener\">familienfreundliche Angebote<\/a> und eine gute Beratung notwendig.<\/p>\n\n\n<div class=\"wp-block-image\">\n<figure class=\"alignright size-medium is-resized\"><img loading=\"lazy\" decoding=\"async\" width=\"300\" height=\"199\" src=\"https:\/\/blogs.fu-berlin.de\/frauenbeauftragte\/files\/2026\/01\/DCFS_Logo_RGB_800-300x199.png\" alt=\"\" class=\"wp-image-11707\" style=\"width:250px\" srcset=\"https:\/\/blogs.fu-berlin.de\/frauenbeauftragte\/files\/2026\/01\/DCFS_Logo_RGB_800-300x199.png 300w, https:\/\/blogs.fu-berlin.de\/frauenbeauftragte\/files\/2026\/01\/DCFS_Logo_RGB_800.png 500w\" sizes=\"auto, (max-width: 300px) 85vw, 300px\" \/><\/figure><\/div>\n\n\n<p>Der Dual Career &amp; Family Service der Freien Universit\u00e4t, zertifiziert als <a href=\"https:\/\/www.fu-berlin.de\/sites\/abt-1\/stabsstellen\/dcfam-service\/beratung\/hochschule_gestalten\/audit\/index.html\" target=\"_blank\" rel=\"noreferrer noopener\">familiengerechte Hochschule<\/a>, ist die zentrale Anlaufstelle f\u00fcr Studierende mit Care-Aufgaben. Wenn neue Verantwortungen in der Familie zum Studium dazu kommen, unterst\u00fctzt diese bei organisatorischen wie auch pers\u00f6nlichen Fragen.<\/p>\n\n\n\n<hr class=\"wp-block-separator has-alpha-channel-opacity\" \/>\n\n\n\n<p class=\"has-medium-font-size\">\u00dcbersicht<\/p>\n\n\n\n<p><a href=\"https:\/\/www.fu-berlin.de\/sites\/abt-1\/stabsstellen\/dcfam-service\/termine\/Termine-Intern\/Infoveranstaltung_-Studium-_-Kind.html\" target=\"_blank\" rel=\"noreferrer noopener\"><strong>Informationsveranstaltung: Studium &amp; Kind<\/strong><\/a><\/p>\n\n\n\n<ul class=\"wp-block-list\">\n<li>Donnerstag, 22. Januar 2026 | 11:00 &#8211; 14:00 Uhr<\/li>\n\n\n\n<li>Im Foyer vor der Mensa II, FU Berlin, <a href=\"https:\/\/www.google.com\/maps\/place\/\/data=!4m2!3m1!1s0x47a85a6954372813:0x9211f0b1a1861fbb?sa=X&amp;ved=1t:8290&amp;ictx=111\">Otto-von-Simson-Stra\u00dfe 26, 14195 Berlin<\/a><\/li>\n\n\n\n<li>Kontakt: <a href=\"https:\/\/www.fu-berlin.de\/sites\/abt-1\/stabsstellen\/dcfam-service\/kontakt\/team\/mitarbeiter\/Oellers-Reis.html\" target=\"_blank\" rel=\"noreferrer noopener\">Monika Oellers-Reis<\/a>, <a href=\"mailto:family@fu-berlin.de\" target=\"_blank\" rel=\"noreferrer noopener\">family@fu-berlin.de<\/a><\/li>\n<\/ul>\n","protected":false},"excerpt":{"rendered":"<p>Informationsveranstaltung: 22. Januar 2026 | 11:00-14:00 Uhr \u2013 Wie lassen sich Studium und Elternschaft vereinbaren? Das erfahren Studierende bei der Veranstaltung \u201eStudium &amp; Kind\u201c des Dual Career &amp; Family Service der Freien Universit\u00e4t. Fragen zu Kitaplatzvergabe, Studienorganisation und Unterst\u00fctzungsangeboten beantworten Mitarbeiter*innen der FU, des Studierendenwerks und externer Beratungsstellen.<\/p>\n","protected":false},"author":8923,"featured_media":11672,"comment_status":"open","ping_status":"open","sticky":false,"template":"","format":"standard","meta":{"footnotes":""},"categories":[428608],"tags":[430258,1797,91,233545],"class_list":["post-11658","post","type-post","status-publish","format-standard","has-post-thumbnail","hentry","category-informiert","tag-vereinbarkeit","tag-familie","tag-beratung","tag-studierende"],"_links":{"self":[{"href":"https:\/\/blogs.fu-berlin.de\/frauenbeauftragte\/wp-json\/wp\/v2\/posts\/11658","targetHints":{"allow":["GET"]}}],"collection":[{"href":"https:\/\/blogs.fu-berlin.de\/frauenbeauftragte\/wp-json\/wp\/v2\/posts"}],"about":[{"href":"https:\/\/blogs.fu-berlin.de\/frauenbeauftragte\/wp-json\/wp\/v2\/types\/post"}],"author":[{"embeddable":true,"href":"https:\/\/blogs.fu-berlin.de\/frauenbeauftragte\/wp-json\/wp\/v2\/users\/8923"}],"replies":[{"embeddable":true,"href":"https:\/\/blogs.fu-berlin.de\/frauenbeauftragte\/wp-json\/wp\/v2\/comments?post=11658"}],"version-history":[{"count":37,"href":"https:\/\/blogs.fu-berlin.de\/frauenbeauftragte\/wp-json\/wp\/v2\/posts\/11658\/revisions"}],"predecessor-version":[{"id":11745,"href":"https:\/\/blogs.fu-berlin.de\/frauenbeauftragte\/wp-json\/wp\/v2\/posts\/11658\/revisions\/11745"}],"wp:featuredmedia":[{"embeddable":true,"href":"https:\/\/blogs.fu-berlin.de\/frauenbeauftragte\/wp-json\/wp\/v2\/media\/11672"}],"wp:attachment":[{"href":"https:\/\/blogs.fu-berlin.de\/frauenbeauftragte\/wp-json\/wp\/v2\/media?parent=11658"}],"wp:term":[{"taxonomy":"category","embeddable":true,"href":"https:\/\/blogs.fu-berlin.de\/frauenbeauftragte\/wp-json\/wp\/v2\/categories?post=11658"},{"taxonomy":"post_tag","embeddable":true,"href":"https:\/\/blogs.fu-berlin.de\/frauenbeauftragte\/wp-json\/wp\/v2\/tags?post=11658"}],"curies":[{"name":"wp","href":"https:\/\/api.w.org\/{rel}","templated":true}]}}