{"id":11746,"date":"2026-02-03T12:00:00","date_gmt":"2026-02-03T11:00:00","guid":{"rendered":"https:\/\/blogs.fu-berlin.de\/frauenbeauftragte\/?p=11746"},"modified":"2026-02-05T18:02:46","modified_gmt":"2026-02-05T17:02:46","slug":"gender-in-mint-austausch-und-vernetzung","status":"publish","type":"post","link":"https:\/\/blogs.fu-berlin.de\/frauenbeauftragte\/2026\/02\/03\/gender-in-mint-austausch-und-vernetzung\/","title":{"rendered":"Gender in MINT: Austausch und Vernetzung"},"content":{"rendered":"\n<div class=\"wp-block-media-text alignwide is-stacked-on-mobile\"><figure class=\"wp-block-media-text__media\"><img loading=\"lazy\" decoding=\"async\" width=\"1024\" height=\"683\" src=\"https:\/\/blogs.fu-berlin.de\/frauenbeauftragte\/files\/2026\/01\/Flyer-ausgeschnitten-ohne-Schrift_-3-2-Rahmen-final-1024x683.png\" alt=\"\" class=\"wp-image-11790 size-full\" srcset=\"https:\/\/blogs.fu-berlin.de\/frauenbeauftragte\/files\/2026\/01\/Flyer-ausgeschnitten-ohne-Schrift_-3-2-Rahmen-final-1024x683.png 1024w, https:\/\/blogs.fu-berlin.de\/frauenbeauftragte\/files\/2026\/01\/Flyer-ausgeschnitten-ohne-Schrift_-3-2-Rahmen-final-300x200.png 300w, https:\/\/blogs.fu-berlin.de\/frauenbeauftragte\/files\/2026\/01\/Flyer-ausgeschnitten-ohne-Schrift_-3-2-Rahmen-final-768x512.png 768w, https:\/\/blogs.fu-berlin.de\/frauenbeauftragte\/files\/2026\/01\/Flyer-ausgeschnitten-ohne-Schrift_-3-2-Rahmen-final-1536x1024.png 1536w, https:\/\/blogs.fu-berlin.de\/frauenbeauftragte\/files\/2026\/01\/Flyer-ausgeschnitten-ohne-Schrift_-3-2-Rahmen-final-2048x1365.png 2048w, https:\/\/blogs.fu-berlin.de\/frauenbeauftragte\/files\/2026\/01\/Flyer-ausgeschnitten-ohne-Schrift_-3-2-Rahmen-final-1200x800.png 1200w\" sizes=\"auto, (max-width: 709px) 85vw, (max-width: 909px) 67vw, (max-width: 1362px) 62vw, 840px\" \/><\/figure><div class=\"wp-block-media-text__content\">\n<p><strong>Symposium: 20. Februar 2026 | 11:00 &#8211; 18:00 Uhr<\/strong> \u2013 Lehrende und Forschende sind eingeladen, sich \u00fcber die Inklusion von Gender- und intersektionalen Aspekten in die MINT-Disziplinen auszutauschen. Neben Good Practices und Herausforderungen steht die kollegiale Vernetzung im Fokus der Veranstaltung an der Humboldt-Universit\u00e4t. Auch Prof. Dr. Martina Erlemann und Dr. Heike Pantelmann von der FU stellen Praxisbeispiele vor.<\/p>\n\n\n\n<!--more-->\n<\/div><\/div>\n\n\n\n<p>Das Symposium &#8222;<a href=\"https:\/\/www.gender.hu-berlin.de\/de\/forschung\/genderingmint-didaktisch-digital\/symposium\" target=\"_blank\" rel=\"noreferrer noopener\">Gender in MINT reflektiert lehren und forschen: Ans\u00e4tze, Strategien, Vernetzung<\/a>&#8220; l\u00e4dt die Lehr- und Forschungs-Community zu Austausch, Reflexion und Vernetzung an die HU Berlin ein. Die Veranstalter*innen vom Projekt <a href=\"https:\/\/www.gender.hu-berlin.de\/de\/forschung\/genderingmint-didaktisch-digital\" target=\"_blank\" rel=\"noreferrer noopener\">Gendering MINT didaktisch-digital<\/a> wollen einen vertrauensvollen Ideenraum schaffen, um Konzepte, Erfahrungen und Ressourcen zu diskutieren und zur gegenseitigen Nutzung zu verbreiten.<\/p>\n\n\n\n<p class=\"has-medium-font-size\">Austausch und Vernetzung in vielf\u00e4ltigen Formaten<\/p>\n\n\n\n<p>Impulse zu&nbsp;Good&nbsp;Practices sowie Herausforderungen bei der Inklusion von Gender und Diversity in MINT-Lehre und -Forschung bilden den ersten Teil des Symposiums. Unter den Praxisbeispielen ist die \u201e<a href=\"https:\/\/www.genderdiversitylehre.fu-berlin.de\/index.html\" target=\"_blank\" rel=\"noreferrer noopener\">Toolbox Gender und Diversity in der Lehre<\/a>\u201c des Margherita-von-Brentano-Zentrums (MvBZ). Deren Potenzial als Ressource f\u00fcr eine diversit\u00e4tssensible MINT-Lehre stellt Dr. Heike Pantelmann, Gesch\u00e4ftsf\u00fchrung des MvBZ, vor. Als ein weiteres Praxisbeispiel pr\u00e4sentieren Prof. Dr. Martina Erlemann, Professorin f\u00fcr Wissenschafts- und Geschlechtersoziologie in der Physik an der FU, und Prof. Dr. Petra Lucht, TU Berlin, ihr gemeinsames BUA Certificate Program \u201e<a href=\"https:\/\/www.tu.berlin\/pruefungen\/berlin-university-alliance\/bua-certificate-program-gender-diversity-in-science-technology-studies\" target=\"_blank\" rel=\"noreferrer noopener\">Gender &amp; Diversity in Science &amp; Technology Studies<\/a>\u201c.<\/p>\n\n\n\n<p>Im Anschluss regt ein interaktiver &#8222;Gallery Walk&#8220; zu Austausch und Vernetzung, zum St\u00f6bern und Diskutieren an. Besucht werden k\u00f6nnen verschiedene Themeninseln rund um Forschung, Lehre und Netzwerken zu Gender in MINT. Als dritter und letzter Teil steht eine Fishbowl-Diskussion auf dem Programm. Sie zielt darauf ab, Ideen zusammenzutragen,&nbsp;Strategien weiterzudenken und Ausblicke f\u00fcr weitere Initiativen und Kooperationen zu schaffen.<\/p>\n\n\n\n<p class=\"has-medium-font-size\">Engagiert f\u00fcr Gender in MINT<\/p>\n\n\n\n<p>Der Gastgeber des Symposiums, das Projekt <a href=\"https:\/\/www.gender.hu-berlin.de\/de\/forschung\/genderingmint-didaktisch-digital\" target=\"_blank\" rel=\"noreferrer noopener\">Gendering MINT didaktisch-digital<\/a>, f\u00fchrt das langj\u00e4hrige Engagement des Zentrums f\u00fcr transdisziplin\u00e4re Geschlechterstudien (ZtG) der HU Berlin zu Gender in MINT fort. Es f\u00f6rdert die Nutzung des Lernportals <a href=\"https:\/\/www2.hu-berlin.de\/genderingmintdigital\/\" target=\"_blank\" rel=\"noreferrer noopener\">Gendering MINT digital<\/a>, das in einem Vorg\u00e4ngerprojekt erarbeitet wurde und Open Educational Resources bereitstellt. Gef\u00f6rdert von der <a href=\"https:\/\/stiftung-hochschullehre.de\/projekt\/gemintdidakt\/\" target=\"_blank\" rel=\"noreferrer noopener\">Stiftung Innovation in der Hochschullehre<\/a>, entwickelt und erprobt das laufende Projekt Lehrunterst\u00fctzungen sowie Austausch- und Feedbackwerkzeuge zur Verwendung des Lernportals.<\/p>\n\n\n\n<hr class=\"wp-block-separator has-alpha-channel-opacity\" \/>\n\n\n\n<p class=\"has-medium-font-size\">Programm<\/p>\n\n\n\n<figure class=\"wp-block-table is-style-regular\"><table><tbody><tr><td><strong>ab 10:30 Uhr&nbsp;<\/strong><\/td><td class=\"has-text-align-left\" data-align=\"left\"><strong>Ankommen und Begr\u00fc\u00dfung<\/strong><\/td><\/tr><tr><td><strong>11:00\u201313:00 Uhr&nbsp;<\/strong><\/td><td class=\"has-text-align-left\" data-align=\"left\"><strong>Er\u00f6ffnung&nbsp;und Einstimmung:<\/strong><br><br>Gabriele J\u00e4hnert (ZtG, HU Berlin)<br>Sigrid Schmitz, Judith Sch\u00fctze (GeMINTdidakt, ZtG, HU Berlin)<br><br><strong>Good Practices und Herausforderungen: Impulse<\/strong><br>&nbsp;<br><strong>\u25ba&nbsp;<\/strong>Lehrende st\u00e4rken \u2013 Lernende f\u00f6rdern: Reflexionskompetenz mit Lehrunterst\u00fctzungen von \u201eGendering MINT didaktisch-digital\u201c<br>Sigrid Schmitz (GeMINTdidakt, ZtG, HU Berlin)<br><strong>\u25ba&nbsp;<\/strong>Die \u201eToolbox Gender und Diversity in der Lehre\u201c als Ressource f\u00fcr eine diversit\u00e4tssensible MINT-Lehre<br>Heike Pantelmann (MvBZ, FU Berlin)<br><strong>\u25ba&nbsp;<\/strong>EinBlick: Strategien und Erfahrungen des Strukturentwicklungsprojektes \u201eGeschlechterdimensionen im Blick der MINT-Forschung (GeDiMINT)&#8220;<br>Juliette Wedl \/ Jan B\u00fcssers (BZG, TU Braunschweig)<br><strong>\u25ba&nbsp;<\/strong>GinF \u2013 Strategien und Erfahrungen zur systematischen Integration von Geschlechterdimensionen in der Forschung in den Hamburger Hochschulen<br>Katrin Hassler \/ Lynn Lyse Berg (ZGD, Universit\u00e4t Hamburg)<br><strong>\u25ba&nbsp;<\/strong>Das BUA Certificate Program \u201eGender &amp; Diversity in Science &amp; Technology Studies\u201c<br>Petra Lucht (Gender in MINT und Planung, TU Berlin) \/ Martina Erlemann (FB Physik, FU Berlin)<br><\/td><\/tr><tr><td><strong>13:30\u201315:30 Uhr<\/strong><\/td><td class=\"has-text-align-left\" data-align=\"left\"><strong>Strategien vernetzen: Gallery Walk<\/strong><br>&nbsp;<br>\u25ba&nbsp;Insel Lehr-\/Lern-Kooperationen<br>\u25ba&nbsp;Insel Lehrinitiativen<br>\u25ba&nbsp;Insel Forschungsinklusionen I: Gender in Medizin<br>\u25ba&nbsp;Insel Forschungsinklusionen II: Gender in MINT<br>\u25ba&nbsp;Insel Forschung &amp; Nachwuchs in MINT<br>\u25ba&nbsp;Insel Netzwerk &amp; Strukturen<\/td><\/tr><tr><td><strong>16:00\u201317:00 Uhr<\/strong><\/td><td class=\"has-text-align-left\" data-align=\"left\"><strong>Zuk\u00fcnfte zusammenf\u00fchren: Fishbowl<\/strong><br><br><strong>\u25ba Initiativbeitr\u00e4ge&nbsp;<\/strong>von Yves Jeanrenauld (LMU M\u00fcnchen), Heinz-J\u00fcrgen Voss (HS Merseburg) &amp; Heike Wiesner (HWR Berlin)<\/td><\/tr><tr><td><strong>17:00\u201318:00 Uhr<\/strong><\/td><td class=\"has-text-align-left\" data-align=\"left\"><strong>Informeller Ausklang<\/strong><\/td><\/tr><\/tbody><\/table><\/figure>\n\n\n\n<hr class=\"wp-block-separator has-alpha-channel-opacity\" \/>\n\n\n\n<p class=\"has-medium-font-size\">\u00dcberblick<\/p>\n\n\n\n<p><a href=\"https:\/\/www.gender.hu-berlin.de\/de\/forschung\/genderingmint-didaktisch-digital\/symposium\" target=\"_blank\" rel=\"noreferrer noopener\"><strong>Symposium &#8222;Gender in MINT reflektiert lehren und forschen: Ans\u00e4tze, Strategien, Vernetzung&#8220;<\/strong><\/a><\/p>\n\n\n\n<ul class=\"wp-block-list\">\n<li>Freitag, 20. Februar 2026 | 11:00 &#8211; 18:00 Uhr<\/li>\n\n\n\n<li>Jacob-und-Wilhelm-Grimm-Zentrum, Auditorium, Geschwister-Scholl-Stra\u00dfe 3, 10117 Berlin<\/li>\n\n\n\n<li><a href=\"https:\/\/www.gender.hu-berlin.de\/de\/forschung\/genderingmint-didaktisch-digital\/symposium\/anmeldung\" target=\"_blank\" rel=\"noreferrer noopener\">Anmeldung<\/a> erbeten<\/li>\n\n\n\n<li><a href=\"https:\/\/www.gender.hu-berlin.de\/de\/forschung\/genderingmint-didaktisch-digital\/symposium\/hu_poster_symposium2026_rgb_web_fin.pdf\" target=\"_blank\" rel=\"noreferrer noopener\">Programm<\/a><\/li>\n\n\n\n<li>Kontakt: Gendering MINT digital, ztggmint@hu-berlin.de,<br>Tel: +49 (0)30 209346210<\/li>\n<\/ul>\n\n\n\n<hr class=\"wp-block-separator has-alpha-channel-opacity\" \/>\n","protected":false},"excerpt":{"rendered":"<p>Symposium: 20. Februar 2026 | 11:00 &#8211; 18:00 Uhr \u2013 Lehrende und Forschende sind eingeladen, sich \u00fcber die Inklusion von Gender- und intersektionalen Aspekten in die MINT-Disziplinen auszutauschen. Neben Good Practices und Herausforderungen steht die kollegiale Vernetzung im Fokus der Veranstaltung an der Humboldt-Universit\u00e4t. Auch Prof. Dr. Martina Erlemann und Dr. Heike Pantelmann von der &hellip; <a href=\"https:\/\/blogs.fu-berlin.de\/frauenbeauftragte\/2026\/02\/03\/gender-in-mint-austausch-und-vernetzung\/\" class=\"more-link\"><span class=\"screen-reader-text\">\u201eGender in MINT: Austausch und Vernetzung\u201c<\/span> weiterlesen<\/a><\/p>\n","protected":false},"author":8923,"featured_media":11793,"comment_status":"open","ping_status":"open","sticky":false,"template":"","format":"standard","meta":{"footnotes":""},"categories":[428608],"tags":[423731,305170,367,433674,57446,437124,303556],"class_list":["post-11746","post","type-post","status-publish","format-standard","has-post-thumbnail","hentry","category-informiert","tag-mintoring","tag-diversity","tag-lehre","tag-genderkompetenz","tag-geschlechterforschung","tag-wissenschaftlerinnen","tag-intersektionalitaet"],"_links":{"self":[{"href":"https:\/\/blogs.fu-berlin.de\/frauenbeauftragte\/wp-json\/wp\/v2\/posts\/11746","targetHints":{"allow":["GET"]}}],"collection":[{"href":"https:\/\/blogs.fu-berlin.de\/frauenbeauftragte\/wp-json\/wp\/v2\/posts"}],"about":[{"href":"https:\/\/blogs.fu-berlin.de\/frauenbeauftragte\/wp-json\/wp\/v2\/types\/post"}],"author":[{"embeddable":true,"href":"https:\/\/blogs.fu-berlin.de\/frauenbeauftragte\/wp-json\/wp\/v2\/users\/8923"}],"replies":[{"embeddable":true,"href":"https:\/\/blogs.fu-berlin.de\/frauenbeauftragte\/wp-json\/wp\/v2\/comments?post=11746"}],"version-history":[{"count":32,"href":"https:\/\/blogs.fu-berlin.de\/frauenbeauftragte\/wp-json\/wp\/v2\/posts\/11746\/revisions"}],"predecessor-version":[{"id":11853,"href":"https:\/\/blogs.fu-berlin.de\/frauenbeauftragte\/wp-json\/wp\/v2\/posts\/11746\/revisions\/11853"}],"wp:featuredmedia":[{"embeddable":true,"href":"https:\/\/blogs.fu-berlin.de\/frauenbeauftragte\/wp-json\/wp\/v2\/media\/11793"}],"wp:attachment":[{"href":"https:\/\/blogs.fu-berlin.de\/frauenbeauftragte\/wp-json\/wp\/v2\/media?parent=11746"}],"wp:term":[{"taxonomy":"category","embeddable":true,"href":"https:\/\/blogs.fu-berlin.de\/frauenbeauftragte\/wp-json\/wp\/v2\/categories?post=11746"},{"taxonomy":"post_tag","embeddable":true,"href":"https:\/\/blogs.fu-berlin.de\/frauenbeauftragte\/wp-json\/wp\/v2\/tags?post=11746"}],"curies":[{"name":"wp","href":"https:\/\/api.w.org\/{rel}","templated":true}]}}