{"id":11757,"date":"2026-01-22T14:25:27","date_gmt":"2026-01-22T13:25:27","guid":{"rendered":"https:\/\/blogs.fu-berlin.de\/frauenbeauftragte\/?p=11757"},"modified":"2026-04-01T12:54:57","modified_gmt":"2026-04-01T10:54:57","slug":"zur-lakof-sprecherin-gewaehlt","status":"publish","type":"post","link":"https:\/\/blogs.fu-berlin.de\/frauenbeauftragte\/2026\/01\/22\/zur-lakof-sprecherin-gewaehlt\/","title":{"rendered":"Zur LakoF-Sprecherin gew\u00e4hlt"},"content":{"rendered":"\n<div class=\"wp-block-media-text alignwide is-stacked-on-mobile\"><figure class=\"wp-block-media-text__media\"><img loading=\"lazy\" decoding=\"async\" width=\"500\" height=\"333\" src=\"https:\/\/blogs.fu-berlin.de\/frauenbeauftragte\/files\/2023\/02\/Corinna-Tomberger_Copyright.jpg\" alt=\"\" class=\"wp-image-4817 size-full\" srcset=\"https:\/\/blogs.fu-berlin.de\/frauenbeauftragte\/files\/2023\/02\/Corinna-Tomberger_Copyright.jpg 500w, https:\/\/blogs.fu-berlin.de\/frauenbeauftragte\/files\/2023\/02\/Corinna-Tomberger_Copyright-300x200.jpg 300w\" sizes=\"auto, (max-width: 500px) 85vw, 500px\" \/><\/figure><div class=\"wp-block-media-text__content\">\n<p>Dr. Corinna Tomberger, zentrale Frauen- und Gleichstellungsbeauftragte der Freien Universit\u00e4t, ist neu in das Sprecherinnenteam der Landeskonferenz der Frauen- und Gleichstellungsbeauftragten der Berliner Hochschulen (LakoF) gew\u00e4hlt worden. Zusammen mit Susanne Plaumann, zentrale Frauen- und Gleichstellungsbeauftragte der Berliner Hochschule f\u00fcr Technik, nimmt sie das Amt seit Mitte Januar 2026 wahr.<\/p>\n\n\n\n<!--more-->\n<\/div><\/div>\n\n\n\n<p>Am 15. Januar 2026 w\u00e4hlte die <a href=\"https:\/\/www.lakof-berlin.de\/\" target=\"_blank\" rel=\"noreferrer noopener\">Landeskonferenz der Frauen- und Gleichstellungsbeauftragten der Berliner Hochschulen<\/a> (LakoF)&nbsp;ihr Sprecherinnenteam neu. Corinna Tomberger folgt Antje Bahnik, der zentralen Frauen- und Gleichstellungsbeauftragten der TU Berlin, als Vertreterin der Universit\u00e4ten in dieser Funktion nach. Im Tandem mit Susanne Plaumann \u00fcbernimmt sie nun eine zentrale Rolle in der Vernetzung und Interessenvertretung der Gleichstellungspolitik an den Berliner Hochschulen. Nina Lawrenz, zentrale Frauen*- und Gleichstellungsbeauftragte der Alice Salomon Hochschule, wurde als stellvertretende Sprecherin gew\u00e4hlt. Ebenso wie Susanne Plaumann hat sie die LakoF bereits in den letzten Jahren vertreten und wurde in ihrer Funktion wiedergew\u00e4hlt.<\/p>\n\n\n\n<p class=\"has-medium-font-size\">Hochschul\u00fcbergreifendes Netzwerk <\/p>\n\n\n\n<p>Die LakoF ist das landesweite Netzwerk und Koordinationsgremium der zentralen Frauen- und Gleichstellungsbeauftragten der 13 Berliner Hochschulen sowie der Universit\u00e4tsmedizin Charit\u00e9. Ziel ist die hochschul\u00fcbergreifende Zusammenarbeit, der Austausch und die gemeinsame Positionierung zu aktuellen Themen der Gleichstellung, Antidiskriminierung und chancengerechten Hochschulentwicklung in Berlin. Die LakoF ist bestrebt, die Vielfalt der Berliner Hochschulen auch in ihrem Sprecherinnenteam abzubilden. <\/p>\n\n\n\n<p>Die LakoF ist als gleichstellungspolitische Stimme der Berliner Hochschulen regelm\u00e4\u00dfig in der Landeskonferenz der Rektor*innen und Pr\u00e4sident*innen der Berliner Hochschulen (<a href=\"https:\/\/www.lkrp-berlin.de\/\" target=\"_blank\" rel=\"noreferrer noopener\">LKRP<\/a>) zu Gast und nimmt am Forum &#8222;Gute Arbeit an Berliner Hochschulen&#8220; teil. Sie wird als Expertin zu Anh\u00f6rungen in den <a href=\"https:\/\/www.parlament-berlin.de\/Ausschuesse\/19-ausschuss-fur-wissenschaft-und-forschung\" target=\"_blank\" rel=\"noreferrer noopener\">Ausschuss f\u00fcr Wissenschaft und Forschung <\/a>des Berliner Abgeordnetenhauses geladen und steht in regelm\u00e4\u00dfigem Austausch mit den f\u00fcr Wissenschaft und Gleichstellung zust\u00e4ndigen Senatsverwaltungen. Auf Bundesebene ist sie Teil des Erweiterten Vorstands der Bundeskonferenz der Frauen- und Gleichstellungsbeauftragten an Hochschulen (<a href=\"https:\/\/bukof.de\/ueber-die-bukof\/organisation\/\" target=\"_blank\" rel=\"noreferrer noopener\">bukof<\/a>).  <\/p>\n\n\n\n<p class=\"has-medium-font-size\">Herausforderung Haushaltsk\u00fcrzungen<\/p>\n\n\n\n<p>Als dr\u00e4ngende aktuelle Themen nennt die LakoF&nbsp;die Begleitung und Umsetzung der Hochschulvertr\u00e4ge unter den ver\u00e4nderten Voraussetzungen der massiven K\u00fcrzungen im Wissenschaftsbereich. Es gelte nicht nur, das erreichte Niveau der Gleichstellung an den Berliner Hochschulen zu halten, sondern Chancengerechtigkeit, Antidiskriminierung und Diversit\u00e4t weiter voranzutreiben und die Gleichstellungsstandards im Land Berlin auf eine noch breitere Basis zu stellen. Ziel m\u00fcsse sein, die Frauenanteile insbesondere auf den Professuren weiter zu erh\u00f6hen, erkl\u00e4rte die LakoF zur Wahl des neuen Sprecherinnenteams.<\/p>\n\n\n\n<p class=\"has-medium-font-size\">Keine R\u00fcckschritte in puncto Chancengerechtigkeit<\/p>\n\n\n\n<p>Corinna Tomberger freut sich darauf, nun auch auf Landesebene st\u00e4rker gleichstellungspolitisch mitzuwirken: &#8222;In Zeiten von K\u00fcrzungen und Strukturabbau im Hochschulbereich ist es umso wichtiger, gleichstellungspolitische Perspektiven in die Debatten einzubringen. Es gilt, den Blick f\u00fcr gleichstellungsbezogene Risiken des Strukturabbaus zu sch\u00e4rfen und zu vermeiden, dass die Berliner Hochschulen in puncto Chancengerechtigkeit R\u00fcckschritte machen.&#8220; In ihrer neuen Funktion m\u00f6chte Tomberger Vertreter*innen der Landespolitik wie der Hochschulen f\u00fcr dieses Anliegen gewinnen. &#8222;Schlie\u00dflich eint uns der Wunsch, dass die Berliner Hochschulen ihre f\u00fchrende Position in der Gleichstellung behaupten.&#8220;<\/p>\n\n\n\n<hr class=\"wp-block-separator has-alpha-channel-opacity\" \/>\n\n\n\n<p><strong>Kontakt<\/strong><\/p>\n\n\n\n<ul class=\"wp-block-list\">\n<li><a href=\"mailto:geschaeftsstelle@lakof-berlin.de\" target=\"_blank\" rel=\"noreferrer noopener\">geschaeftsstelle@lakof-berlin.de<\/a><\/li>\n\n\n\n<li>Dr. Corinna Tomberger, <a href=\"mailto:corinna.tomberer@fu-berlin.de\">frauenbeauftragte@fu-berlin.de<\/a><\/li>\n<\/ul>\n\n\n\n<p> <strong>Weiterf\u00fchrende Informationen<\/strong>: <\/p>\n\n\n\n<ul class=\"wp-block-list\">\n<li><a href=\"https:\/\/www.fu-berlin.de\/presse\/informationen\/fup\/2026\/fup_26_006-lakof-geschlechtergerecht-tomberger\/index.html\" target=\"_blank\" rel=\"noreferrer noopener\">Pressemitteilung der Freien Universit\u00e4t Berlin vom 20. Januar 2026<\/a><\/li>\n\n\n\n<li><a href=\"https:\/\/www.lakof-berlin.de\/publikationen\/lakof_sprecherinnenwahl-2026.pdf\" target=\"_blank\" rel=\"noreferrer noopener\">Neuwahl der LakoF-Sprecherinnen<\/a><\/li>\n<\/ul>\n\n\n\n<hr class=\"wp-block-separator has-alpha-channel-opacity\" \/>\n","protected":false},"excerpt":{"rendered":"<p>Dr. Corinna Tomberger, zentrale Frauen- und Gleichstellungsbeauftragte der Freien Universit\u00e4t, ist neu in das Sprecherinnenteam der Landeskonferenz der Frauen- und Gleichstellungsbeauftragten der Berliner Hochschulen (LakoF) gew\u00e4hlt worden. Zusammen mit Susanne Plaumann, zentrale Frauen- und Gleichstellungsbeauftragte der Berliner Hochschule f\u00fcr Technik, nimmt sie das Amt seit Mitte Januar 2026 wahr.<\/p>\n","protected":false},"author":6410,"featured_media":11764,"comment_status":"open","ping_status":"open","sticky":false,"template":"","format":"standard","meta":{"footnotes":""},"categories":[603],"tags":[433454,437402],"class_list":["post-11757","post","type-post","status-publish","format-standard","has-post-thumbnail","hentry","category-vorgestellt","tag-gleichstellungspolitik","tag-frauenbeauftragte"],"_links":{"self":[{"href":"https:\/\/blogs.fu-berlin.de\/frauenbeauftragte\/wp-json\/wp\/v2\/posts\/11757","targetHints":{"allow":["GET"]}}],"collection":[{"href":"https:\/\/blogs.fu-berlin.de\/frauenbeauftragte\/wp-json\/wp\/v2\/posts"}],"about":[{"href":"https:\/\/blogs.fu-berlin.de\/frauenbeauftragte\/wp-json\/wp\/v2\/types\/post"}],"author":[{"embeddable":true,"href":"https:\/\/blogs.fu-berlin.de\/frauenbeauftragte\/wp-json\/wp\/v2\/users\/6410"}],"replies":[{"embeddable":true,"href":"https:\/\/blogs.fu-berlin.de\/frauenbeauftragte\/wp-json\/wp\/v2\/comments?post=11757"}],"version-history":[{"count":25,"href":"https:\/\/blogs.fu-berlin.de\/frauenbeauftragte\/wp-json\/wp\/v2\/posts\/11757\/revisions"}],"predecessor-version":[{"id":12287,"href":"https:\/\/blogs.fu-berlin.de\/frauenbeauftragte\/wp-json\/wp\/v2\/posts\/11757\/revisions\/12287"}],"wp:featuredmedia":[{"embeddable":true,"href":"https:\/\/blogs.fu-berlin.de\/frauenbeauftragte\/wp-json\/wp\/v2\/media\/11764"}],"wp:attachment":[{"href":"https:\/\/blogs.fu-berlin.de\/frauenbeauftragte\/wp-json\/wp\/v2\/media?parent=11757"}],"wp:term":[{"taxonomy":"category","embeddable":true,"href":"https:\/\/blogs.fu-berlin.de\/frauenbeauftragte\/wp-json\/wp\/v2\/categories?post=11757"},{"taxonomy":"post_tag","embeddable":true,"href":"https:\/\/blogs.fu-berlin.de\/frauenbeauftragte\/wp-json\/wp\/v2\/tags?post=11757"}],"curies":[{"name":"wp","href":"https:\/\/api.w.org\/{rel}","templated":true}]}}