{"id":1258,"date":"2022-01-28T08:03:00","date_gmt":"2022-01-28T07:03:00","guid":{"rendered":"https:\/\/blogs.fu-berlin.de\/frauenbeauftragte\/?p=1258"},"modified":"2022-02-21T14:34:34","modified_gmt":"2022-02-21T13:34:34","slug":"gesucht-lehrbeauftragte-fuer-gender-diversity","status":"publish","type":"post","link":"https:\/\/blogs.fu-berlin.de\/frauenbeauftragte\/2022\/01\/28\/gesucht-lehrbeauftragte-fuer-gender-diversity\/","title":{"rendered":"Gesucht: Lehrbeauftragte f\u00fcr Gender &amp; Diversity"},"content":{"rendered":"\n<div class=\"wp-block-media-text alignwide is-stacked-on-mobile\"><figure class=\"wp-block-media-text__media\"><img loading=\"lazy\" decoding=\"async\" width=\"1024\" height=\"682\" src=\"https:\/\/blogs.fu-berlin.de\/frauenbeauftragte\/files\/2022\/01\/Team-Gender-Diversity-OSI-1024x682.png\" alt=\"\" class=\"wp-image-1263\" srcset=\"https:\/\/blogs.fu-berlin.de\/frauenbeauftragte\/files\/2022\/01\/Team-Gender-Diversity-OSI-1024x682.png 1024w, https:\/\/blogs.fu-berlin.de\/frauenbeauftragte\/files\/2022\/01\/Team-Gender-Diversity-OSI-300x200.png 300w, https:\/\/blogs.fu-berlin.de\/frauenbeauftragte\/files\/2022\/01\/Team-Gender-Diversity-OSI-768x512.png 768w, https:\/\/blogs.fu-berlin.de\/frauenbeauftragte\/files\/2022\/01\/Team-Gender-Diversity-OSI-1200x799.png 1200w, https:\/\/blogs.fu-berlin.de\/frauenbeauftragte\/files\/2022\/01\/Team-Gender-Diversity-OSI.png 1300w\" sizes=\"auto, (max-width: 709px) 85vw, (max-width: 909px) 67vw, (max-width: 1362px) 62vw, 840px\" \/><\/figure><div class=\"wp-block-media-text__content\">\n<p>Interesse an Lehrauftr\u00e4gen zu Queer Theory, Trans-Studies, Black Feminism oder Kritischer M\u00e4nnlichkeitsforschung in der politikwissenschaftlichen Geschlechterforschung? Der <a rel=\"noreferrer noopener\" href=\"https:\/\/www.polsoz.fu-berlin.de\/polwiss\/forschung\/grundlagen\/gender-div\/index.html\" target=\"_blank\">Arbeitsbereich Gender und Diversity<\/a> des Otto-Suhr-Instituts f\u00fcr Politikwissenschaft sucht ab dem Wintersemester 2022\/23 Lehrbeauftragte f\u00fcr diese Themen.<\/p>\n\n\n\n<!--more-->\n<\/div><\/div>\n\n\n\n<p>Proseminare sollen f\u00fcr das Modul Kritische Friedens- und Genderforschung im Bachelor Politikwissenschaft angeboten werden. Masterseminare werden vorrangig im Studiengang <a rel=\"noreferrer noopener\" href=\"https:\/\/www.ma-gip.polsoz.fu-berlin.de\/\" target=\"_blank\">Gender, Intersektionalit\u00e4t und Politik<\/a> angeboten. K\u00fcnftige Lehrbeauftragte ben\u00f6tigen mindestens einen MA-Abschluss. Im Master d\u00fcrfen nur promovierte Lehrbeauftragte lehren. Lehrerfahrung ist erw\u00fcnscht, aber nicht zwingend notwendig. Einschl\u00e4gige Erfahrungen und Kenntnisse in den jeweiligen Bereichen der Queer Theory, Trans-Studies, Black Feminism oder Kritischen M\u00e4nnlichkeitsforschung werden vorausgesetzt.<\/p>\n\n\n\n<ul class=\"wp-block-list\"><li>Bewerbungsschluss f\u00fcr das Wintersemester 2022\/2023: <strong>1. M\u00e4rz 2022<\/strong><\/li><li>Bewerbungsschluss f\u00fcr das Sommersemester 2023: <strong>1. September 2022<\/strong><\/li><\/ul>\n\n\n\n<p>Zur <a rel=\"noreferrer noopener\" href=\"https:\/\/www.polsoz.fu-berlin.de\/polwiss\/forschung\/grundlagen\/gender-div\/aktuelles\/Ausschreibung-Lehrbeauftragte-Queer-Trans-2022.html\" target=\"_blank\">Ausschreibung<\/a> des Arbeitsbereiches Gender und Diversity<\/p>\n","protected":false},"excerpt":{"rendered":"<p>Interesse an Lehrauftr\u00e4gen zu Queer Theory, Trans-Studies, Black Feminism oder Kritischer M\u00e4nnlichkeitsforschung in der politikwissenschaftlichen Geschlechterforschung? Der Arbeitsbereich Gender und Diversity des Otto-Suhr-Instituts f\u00fcr Politikwissenschaft sucht ab dem Wintersemester 2022\/23 Lehrbeauftragte f\u00fcr diese Themen.<\/p>\n","protected":false},"author":6410,"featured_media":1263,"comment_status":"open","ping_status":"open","sticky":false,"template":"","format":"standard","meta":{"footnotes":""},"categories":[428608],"tags":[305170,367,57446],"class_list":["post-1258","post","type-post","status-publish","format-standard","has-post-thumbnail","hentry","category-informiert","tag-diversity","tag-lehre","tag-geschlechterforschung"],"_links":{"self":[{"href":"https:\/\/blogs.fu-berlin.de\/frauenbeauftragte\/wp-json\/wp\/v2\/posts\/1258","targetHints":{"allow":["GET"]}}],"collection":[{"href":"https:\/\/blogs.fu-berlin.de\/frauenbeauftragte\/wp-json\/wp\/v2\/posts"}],"about":[{"href":"https:\/\/blogs.fu-berlin.de\/frauenbeauftragte\/wp-json\/wp\/v2\/types\/post"}],"author":[{"embeddable":true,"href":"https:\/\/blogs.fu-berlin.de\/frauenbeauftragte\/wp-json\/wp\/v2\/users\/6410"}],"replies":[{"embeddable":true,"href":"https:\/\/blogs.fu-berlin.de\/frauenbeauftragte\/wp-json\/wp\/v2\/comments?post=1258"}],"version-history":[{"count":13,"href":"https:\/\/blogs.fu-berlin.de\/frauenbeauftragte\/wp-json\/wp\/v2\/posts\/1258\/revisions"}],"predecessor-version":[{"id":1400,"href":"https:\/\/blogs.fu-berlin.de\/frauenbeauftragte\/wp-json\/wp\/v2\/posts\/1258\/revisions\/1400"}],"wp:featuredmedia":[{"embeddable":true,"href":"https:\/\/blogs.fu-berlin.de\/frauenbeauftragte\/wp-json\/wp\/v2\/media\/1263"}],"wp:attachment":[{"href":"https:\/\/blogs.fu-berlin.de\/frauenbeauftragte\/wp-json\/wp\/v2\/media?parent=1258"}],"wp:term":[{"taxonomy":"category","embeddable":true,"href":"https:\/\/blogs.fu-berlin.de\/frauenbeauftragte\/wp-json\/wp\/v2\/categories?post=1258"},{"taxonomy":"post_tag","embeddable":true,"href":"https:\/\/blogs.fu-berlin.de\/frauenbeauftragte\/wp-json\/wp\/v2\/tags?post=1258"}],"curies":[{"name":"wp","href":"https:\/\/api.w.org\/{rel}","templated":true}]}}