{"id":1382,"date":"2021-10-15T09:00:00","date_gmt":"2021-10-15T07:00:00","guid":{"rendered":"https:\/\/blogs.fu-berlin.de\/frauenbeauftragte\/?p=1382"},"modified":"2023-06-26T10:16:43","modified_gmt":"2023-06-26T08:16:43","slug":"internationale-kooperation-fuer-gleichstellung","status":"publish","type":"post","link":"https:\/\/blogs.fu-berlin.de\/frauenbeauftragte\/2021\/10\/15\/internationale-kooperation-fuer-gleichstellung\/","title":{"rendered":"Internationale Kooperation f\u00fcr Gleichstellung"},"content":{"rendered":"\n<div class=\"wp-block-media-text alignwide is-stacked-on-mobile\"><figure class=\"wp-block-media-text__media\"><img loading=\"lazy\" decoding=\"async\" width=\"1024\" height=\"682\" src=\"https:\/\/blogs.fu-berlin.de\/frauenbeauftragte\/files\/2022\/02\/CEGRAD-LOGO_3-2-1024x682.jpg\" alt=\"\" class=\"wp-image-1476 size-full\" srcset=\"https:\/\/blogs.fu-berlin.de\/frauenbeauftragte\/files\/2022\/02\/CEGRAD-LOGO_3-2-1024x682.jpg 1024w, https:\/\/blogs.fu-berlin.de\/frauenbeauftragte\/files\/2022\/02\/CEGRAD-LOGO_3-2-300x200.jpg 300w, https:\/\/blogs.fu-berlin.de\/frauenbeauftragte\/files\/2022\/02\/CEGRAD-LOGO_3-2-768x512.jpg 768w, https:\/\/blogs.fu-berlin.de\/frauenbeauftragte\/files\/2022\/02\/CEGRAD-LOGO_3-2-1536x1024.jpg 1536w, https:\/\/blogs.fu-berlin.de\/frauenbeauftragte\/files\/2022\/02\/CEGRAD-LOGO_3-2-1200x800.jpg 1200w, https:\/\/blogs.fu-berlin.de\/frauenbeauftragte\/files\/2022\/02\/CEGRAD-LOGO_3-2.jpg 1763w\" sizes=\"auto, (max-width: 709px) 85vw, (max-width: 909px) 67vw, (max-width: 1362px) 62vw, 840px\" \/><\/figure><div class=\"wp-block-media-text__content\">\n<p>Der internationale Austausch zu Gleichstellung im Hochschulkontext steht im Fokus des DAAD-gef\u00f6rderten Kooperationsprojekts <a href=\"https:\/\/www.fu-berlin.de\/sites\/frauenbeauftragte\/projekte\/equip\/index.html\" target=\"_blank\" rel=\"noreferrer noopener\">EQUIP<\/a> der Freien Universit\u00e4t und der <a rel=\"noreferrer noopener\" href=\"https:\/\/ucc.edu.gh\/\" target=\"_blank\">University of Cape Coast<\/a>, Ghana. Vom 7. bis 8. Oktober 2021 veranstalteten beide Delegationen einen Train-the-Trainer-Workshop mit dem dritten Kooperationspartner, der  <a rel=\"noreferrer noopener\" href=\"http:\/\/www.ku.ac.ke\/\" target=\"_blank\">Kenyatta University<\/a> in Nairobi, Kenia.<\/p>\n\n\n\n<!--more-->\n<\/div><\/div>\n\n\n\n<p>Den Rahmen f\u00fcr den Workshop bildete das \u00fcbergeordnete Ziel von &#8222;EQUIP &#8211; Equal Opportunities in Higher Education&#8220;: die nachhaltige F\u00f6rderung von Chancengleichheit und die Entwicklung tragf\u00e4higer Gleichstellungsstrukturen an Hochschulen. Konkret bereitete der Workshop ausgew\u00e4hlte Mitarbeiter*innen verschiedener Fakult\u00e4ten der University of Cape Coast auf ihre Rolle als k\u00fcnftige Frauen- und Gleichstellungsbeauftragte vor. Die Etablierung von internationalen Netzwerken als fester Bestandteil im Aufgabenbereich einer Frauen- und Gleichstellungsbeauftragten bildete dabei einen Schwerpunkt, weshalb unter den Teilnehmenden auch interessierte Gleichstellungsakteurinnen der Kenyatta University waren.<\/p>\n\n\n\n<p>An dem Kooperationsprojekt beteiligen sich auf Seiten der FU verschiedene Gleichstellungsakteurinnen: der <a href=\"https:\/\/www.polsoz.fu-berlin.de\/polwiss\/forschung\/grundlagen\/gender-div\/index.html\" target=\"_blank\" rel=\"noreferrer noopener\">Arbeitsbereichs Gender und Diversity<\/a> am Otto-Suhr-Institut f\u00fcr Politikwissenschaft (OSI) mit der Leiterin G\u00fclay \u00c7aglar, Professorin f\u00fcr Politikwissenschaft, und ihrer wissenschaftlichen Mitarbeiterin Jennifer Chan de Avila, das Team Zentrale Frauenbeauftragte, vertreten insbesondere durch Wendy Stollberg, Referentin f\u00fcr Weiterbildung und Internationalisierung im Team und Koordinatorin des Programms <a href=\"https:\/\/www.fu-berlin.de\/sites\/frauenbeauftragte\/ueber-uns\/team\/stollberg.html\" target=\"_blank\" rel=\"noreferrer noopener\">FUTURA<\/a>, sowie Brigitta Sch\u00fctt, als ehemalige Vizepr\u00e4sidentin f\u00fcr Gleichstellung und Internationales. Au\u00dferdem unterst\u00fctzen Anna Helfer und Angelina Uhl, ehemalige bzw. aktuelle studentische Mitarbeiterinnen im Team Zentrale Frauenbeauftragte, die Kooperation. Weiterhin beteiligt waren bzw. sind Verena Blechinger-Talcott, derzeitige Vizepr\u00e4sidentin f\u00fcr Gleichstellung und Internationales, Mechthild Koreuber, zentrale Frauenbeauftragte, deren Stellvertreterin Nina Lawrenz und Beate Schattat, Sprecherin des Plenums der Frauenbeauftragten. Kooperationseinrichtung auf ghanaischer Seite ist das <a rel=\"noreferrer noopener\" href=\"https:\/\/cegrad.ucc.edu.gh\/\" target=\"_blank\">Centre for Gender Research, Advocacy and Documentation <\/a>(CEGRAD) der University of Cape Coast mit seiner Direktorin <a rel=\"noreferrer noopener\" href=\"https:\/\/cegrad.ucc.edu.gh\/georgina-y-oduro\" target=\"_blank\">Georgina Oduro<\/a> sowie weiteren Mitarbeiter*innen.<\/p>\n\n\n\n<p>Das vierj\u00e4hrige interkulturelle Programm hatte im Mai 2019 mit dem Besuch einer Delegation der FU bei den ghanaischen Kooperationspartner*innen begonnen. Im Oktober 2019 folgte der Gegenbesuch einer achtk\u00f6pfigen Delegation der University of Cape Coast in Berlin. Der n\u00e4chste Workshop im Juni 2021 wurde online durchgef\u00fchrt. Angelehnt an das FUTURA-Programm entstanden darin erste Ideen f\u00fcr ein Handbuch f\u00fcr zuk\u00fcnftige Frauen- und Gleichstellungsbeauftragte der University of Cape Coast und der Kenyatta University. Das Lehrskript beinhaltet nicht nur rechtliche Grundlagen, sondern auch Themen wie (sexualisierte) Bel\u00e4stigung am Arbeitsplatz, Beratungsangebote und die Geschichte der Frauenbewegung. Der j\u00fcngste Workshop schloss damit nicht nur an vorherige Entwicklungsschritte des Projekts an, sondern diente auch der Finalisierung des Handbuchs.<\/p>\n\n\n\n<p>Die beiden Begegnungen im Juni und Oktober 2021 fanden angesichts der Pandemie digital statt. Immerhin konnte das Team von CEGRAD erm\u00f6glichen, dass die Teilnehmenden der University of Cape Coast im Oktober pers\u00f6nlich miteinander diskutieren konnten, so dass ein hybrides Format entstand. Die Projektjahre 2020 und 2021 waren demnach nicht nur von produktiven Gespr\u00e4chen zum Thema Geschlechtergerechtigkeit gekennzeichnet, sondern auch von einem umfangreichen Austausch \u00fcber m\u00f6gliche Workshopformate im digitalen Raum \u2013 Chance und Herausforderung zugleich. Alle Projektbeteiligten, das Team der University of Cape Coast sowie das Team Zentrale Frauenbeauftragte hier in Berlin, hoffen auf ein baldiges Wiedersehen au\u00dferhalb der virtuellen Realit\u00e4t \u2013 in Deutschland oder in Ghana.<\/p>\n\n\n\n<p><\/p>\n","protected":false},"excerpt":{"rendered":"<p>Der internationale Austausch zu Gleichstellung im Hochschulkontext steht im Fokus des DAAD-gef\u00f6rderten Kooperationsprojekts EQUIP der Freien Universit\u00e4t und der University of Cape Coast, Ghana. Vom 7. bis 8. Oktober 2021 veranstalteten beide Delegationen einen Train-the-Trainer-Workshop mit dem dritten Kooperationspartner, der Kenyatta University in Nairobi, Kenia.<\/p>\n","protected":false},"author":6483,"featured_media":1476,"comment_status":"open","ping_status":"open","sticky":false,"template":"","format":"standard","meta":{"footnotes":""},"categories":[603],"tags":[433454,433674,437402,306,188190],"class_list":["post-1382","post","type-post","status-publish","format-standard","has-post-thumbnail","hentry","category-vorgestellt","tag-gleichstellungspolitik","tag-genderkompetenz","tag-frauenbeauftragte","tag-weiterbildung","tag-internationalisierung"],"_links":{"self":[{"href":"https:\/\/blogs.fu-berlin.de\/frauenbeauftragte\/wp-json\/wp\/v2\/posts\/1382","targetHints":{"allow":["GET"]}}],"collection":[{"href":"https:\/\/blogs.fu-berlin.de\/frauenbeauftragte\/wp-json\/wp\/v2\/posts"}],"about":[{"href":"https:\/\/blogs.fu-berlin.de\/frauenbeauftragte\/wp-json\/wp\/v2\/types\/post"}],"author":[{"embeddable":true,"href":"https:\/\/blogs.fu-berlin.de\/frauenbeauftragte\/wp-json\/wp\/v2\/users\/6483"}],"replies":[{"embeddable":true,"href":"https:\/\/blogs.fu-berlin.de\/frauenbeauftragte\/wp-json\/wp\/v2\/comments?post=1382"}],"version-history":[{"count":55,"href":"https:\/\/blogs.fu-berlin.de\/frauenbeauftragte\/wp-json\/wp\/v2\/posts\/1382\/revisions"}],"predecessor-version":[{"id":6169,"href":"https:\/\/blogs.fu-berlin.de\/frauenbeauftragte\/wp-json\/wp\/v2\/posts\/1382\/revisions\/6169"}],"wp:featuredmedia":[{"embeddable":true,"href":"https:\/\/blogs.fu-berlin.de\/frauenbeauftragte\/wp-json\/wp\/v2\/media\/1476"}],"wp:attachment":[{"href":"https:\/\/blogs.fu-berlin.de\/frauenbeauftragte\/wp-json\/wp\/v2\/media?parent=1382"}],"wp:term":[{"taxonomy":"category","embeddable":true,"href":"https:\/\/blogs.fu-berlin.de\/frauenbeauftragte\/wp-json\/wp\/v2\/categories?post=1382"},{"taxonomy":"post_tag","embeddable":true,"href":"https:\/\/blogs.fu-berlin.de\/frauenbeauftragte\/wp-json\/wp\/v2\/tags?post=1382"}],"curies":[{"name":"wp","href":"https:\/\/api.w.org\/{rel}","templated":true}]}}