{"id":1392,"date":"2022-02-21T13:55:19","date_gmt":"2022-02-21T12:55:19","guid":{"rendered":"https:\/\/blogs.fu-berlin.de\/frauenbeauftragte\/?p=1392"},"modified":"2025-01-03T11:17:26","modified_gmt":"2025-01-03T10:17:26","slug":"sexualisierte-uebergriffe-am-arbeitsplatz","status":"publish","type":"post","link":"https:\/\/blogs.fu-berlin.de\/frauenbeauftragte\/2022\/02\/21\/sexualisierte-uebergriffe-am-arbeitsplatz\/","title":{"rendered":"Sexualisierte \u00dcbergriffe am Arbeitsplatz"},"content":{"rendered":"\n<div class=\"wp-block-media-text alignwide is-stacked-on-mobile\"><figure class=\"wp-block-media-text__media\"><img loading=\"lazy\" decoding=\"async\" width=\"1024\" height=\"683\" src=\"https:\/\/blogs.fu-berlin.de\/frauenbeauftragte\/files\/2021\/10\/SDGB_Blog_Teaser-1024x683.png\" alt=\"\" class=\"wp-image-336 size-full\" srcset=\"https:\/\/blogs.fu-berlin.de\/frauenbeauftragte\/files\/2021\/10\/SDGB_Blog_Teaser-1024x683.png 1024w, https:\/\/blogs.fu-berlin.de\/frauenbeauftragte\/files\/2021\/10\/SDGB_Blog_Teaser-300x200.png 300w, https:\/\/blogs.fu-berlin.de\/frauenbeauftragte\/files\/2021\/10\/SDGB_Blog_Teaser-768x512.png 768w, https:\/\/blogs.fu-berlin.de\/frauenbeauftragte\/files\/2021\/10\/SDGB_Blog_Teaser.png 1200w\" sizes=\"auto, (max-width: 709px) 85vw, (max-width: 909px) 67vw, (max-width: 1362px) 62vw, 840px\" \/><\/figure><div class=\"wp-block-media-text__content\">\n<p>Schwieriges Thema, starke Nachfrage: Die zw\u00f6lf Pl\u00e4tze im Workshop \u201eSexualisierte Bel\u00e4stigung, Diskriminierung und Gewalt am Arbeitsplatz \u2013 Hintergr\u00fcnde und Handlungsr\u00e4ume\u201c waren schnell ausgebucht. Teilgenommen haben FU-Besch\u00e4ftigte aus unterschiedlichen Bereichen und Statusgruppen. Die berufsbezogene Weiterbildung fand Mitte Februar zum ersten Mal statt.<\/p>\n\n\n\n<!--more-->\n\n\n\n<p><\/p>\n<\/div><\/div>\n\n\n\n<p>Das Angebot des <a rel=\"noreferrer noopener\" href=\"https:\/\/ssl2.cms.fu-berlin.de\/fu-berlin\/sites\/weiterbildung\/PM_weiterbildungsprogramm\/index.html\" target=\"_blank\">Weiterbildungszentrums<\/a> (WBZ) der Freien Universit\u00e4t richtete sich insbesondere an Besch\u00e4ftigte mit Ausbildungs-, Qualifizierungs- und Leitungsaufgaben, in Bibliotheken, Studien- und Pr\u00fcfungsb\u00fcros. Konzipiert und durchgef\u00fchrt haben den <a rel=\"noreferrer noopener\" href=\"https:\/\/veranstaltung.weiterbildung.fu-berlin.de\/Veranstaltung\/cmx60faa5e8c92cc.html\" target=\"_blank\">Workshop<\/a> <a href=\"https:\/\/www.fu-berlin.de\/sites\/frauenbeauftragte\/ueber-uns\/team\/stollberg.html\" target=\"_blank\" rel=\"noreferrer noopener\">Wendy Stollberg,<\/a> Gesch\u00e4ftsf\u00fchrung der <a href=\"https:\/\/www.fu-berlin.de\/sites\/nein-heisst-nein\/kontakt\/index.html\" target=\"_blank\" rel=\"noreferrer noopener\">AG Gegen sexualisierte Bel\u00e4stigung, Diskriminierung und Gewalt<\/a> (SBDG) und Referentin im Team Zentrale Frauenbeauftragte und <a rel=\"noreferrer noopener\" href=\"https:\/\/www.mvbz.fu-berlin.de\/ueber-uns\/team\/pantelmann\/index.html\" target=\"_blank\">Dr. Heike Pantelmann<\/a>, Gesch\u00e4ftsf\u00fchrung des Margherita-von-Brentano-Zentrums (MvBZ) und Leitung des dort angesiedelten <a rel=\"noreferrer noopener\" href=\"https:\/\/www.mvbz.fu-berlin.de\/forschung\/forschungsschwerpunkt\/index.html#:~:text=Mit%20dem%20Ziel%2C%20die%20Problematik,und%20Gewalt%20im%20Hochschulkontext%20gelegt.\" target=\"_blank\">Forschungsschwerpunkts<\/a> \u201eSexualisierte Bel\u00e4stigung, Diskriminierung und Gewalt im Hochschulkontext\u201c sowie langj\u00e4hriges Mitglied der AG SBDG.<\/p>\n\n\n\n<p>Beide Expertinnen betonen, dass die gesamte Hochschule gefordert sei, sich verst\u00e4rkt mit diesem nach wie vor stark tabuisierten Thema auseinanderzusetzen, sexualisierte \u00dcbergriffe nicht l\u00e4nger hinzunehmen oder zu bagatellisieren und ihre Mitglieder \u2013 vor allem F\u00fchrungskr\u00e4fte \u2013 daf\u00fcr zu sensibilisieren. Hier setzt dieses Weiterbildungsangebot an. Mit Vortrag, Selbstreflexions\u00fcbungen und Diskussion werden die Teilnehmer*innen an das Thema sexualisierte Bel\u00e4stigung, Diskriminierung und Gewalt am Arbeitsplatz, herangef\u00fchrt. Sie erfahren, wie SBDG gesellschaftlich verortet ist, wodurch SBDG gekennzeichnet ist, welche Formen es gibt und welche Auswirkungen sie f\u00fcr Betroffene und das gesamte Arbeits- und Lernumfeld haben kann. Es wird den Fragen nachgegangen, was Besch\u00e4ftigte tun k\u00f6nnen, wenn sich ihnen von SBDG Betroffene anvertrauen oder sie sexualisierte \u00dcbergriffe gegen\u00fcber anderen beobachten und welche Verantwortung und Zust\u00e4ndigkeit Besch\u00e4ftigte mit Ausbildungs-, Qualifizierungs-und Leitungsaufgaben haben. Die Teilnehmer*innen erfahren, an welche Stellen sich betroffene Personen mit ihrer Beschwerde oder ihrem Wunsch nach vertraulicher <a href=\"https:\/\/www.fu-berlin.de\/sites\/nein-heisst-nein\/NEU_Anlaufstellen\/index.html\" target=\"_blank\" rel=\"noreferrer noopener\">Beratung<\/a> wenden und welche Unterst\u00fctzung sie erwarten k\u00f6nnen. Zudem wird der rechtliche Rahmen \u2013 insbesondere das <a rel=\"noreferrer noopener\" href=\"https:\/\/www.gesetze-im-internet.de\/agg\/\" target=\"_blank\">Allgemeine Gleichbehandlungsgesetz<\/a> und die Richtlinie zum Umgang mit SBDG der FU \u2013 aufgezeigt.<\/p>\n\n\n\n<p>Es ist eine Gemeinschafts- und Leitungsaufgabe der Universit\u00e4t, sexualisierte Bel\u00e4stigung, Diskriminierung und Gewalt abzubauen und Ma\u00dfnahmen dagegen zu ergreifen. Es gilt, sexualisierte \u00dcbergriffe am Arbeitsplatz weder zu tabuisieren noch als \u201enormal\u201c hinzunehmen. Nicht zuletzt deshalb sind weitere Fortbildungsangebote zum Thema geplant.<\/p>\n\n\n\n<p>Interessierte und Hochschulmitglieder, die konkreten Schulungsbedarf an ihrem Bereich haben, wenden sich mit ihrem Anliegen bitte an: <a href=\"mailto:no-means-no@fu-berlin.de\" target=\"_blank\" rel=\"noreferrer noopener\">no-means-no@fu-berlin.de<\/a>.<\/p>\n","protected":false},"excerpt":{"rendered":"<p>Schwieriges Thema, starke Nachfrage: Die zw\u00f6lf Pl\u00e4tze im Workshop \u201eSexualisierte Bel\u00e4stigung, Diskriminierung und Gewalt am Arbeitsplatz \u2013 Hintergr\u00fcnde und Handlungsr\u00e4ume\u201c waren schnell ausgebucht. Teilgenommen haben FU-Besch\u00e4ftigte aus unterschiedlichen Bereichen und Statusgruppen. Die berufsbezogene Weiterbildung fand Mitte Februar zum ersten Mal statt.<\/p>\n","protected":false},"author":6410,"featured_media":3819,"comment_status":"open","ping_status":"open","sticky":false,"template":"","format":"standard","meta":{"footnotes":""},"categories":[428608,424297],"tags":[433140,215230,433967,91,306,437425],"class_list":["post-1392","post","type-post","status-publish","format-standard","has-post-thumbnail","hentry","category-informiert","category-positionen","tag-sbdg","tag-gewalt","tag-nomeansno","tag-beratung","tag-weiterbildung","tag-belaestigung"],"_links":{"self":[{"href":"https:\/\/blogs.fu-berlin.de\/frauenbeauftragte\/wp-json\/wp\/v2\/posts\/1392","targetHints":{"allow":["GET"]}}],"collection":[{"href":"https:\/\/blogs.fu-berlin.de\/frauenbeauftragte\/wp-json\/wp\/v2\/posts"}],"about":[{"href":"https:\/\/blogs.fu-berlin.de\/frauenbeauftragte\/wp-json\/wp\/v2\/types\/post"}],"author":[{"embeddable":true,"href":"https:\/\/blogs.fu-berlin.de\/frauenbeauftragte\/wp-json\/wp\/v2\/users\/6410"}],"replies":[{"embeddable":true,"href":"https:\/\/blogs.fu-berlin.de\/frauenbeauftragte\/wp-json\/wp\/v2\/comments?post=1392"}],"version-history":[{"count":9,"href":"https:\/\/blogs.fu-berlin.de\/frauenbeauftragte\/wp-json\/wp\/v2\/posts\/1392\/revisions"}],"predecessor-version":[{"id":6214,"href":"https:\/\/blogs.fu-berlin.de\/frauenbeauftragte\/wp-json\/wp\/v2\/posts\/1392\/revisions\/6214"}],"wp:featuredmedia":[{"embeddable":true,"href":"https:\/\/blogs.fu-berlin.de\/frauenbeauftragte\/wp-json\/wp\/v2\/media\/3819"}],"wp:attachment":[{"href":"https:\/\/blogs.fu-berlin.de\/frauenbeauftragte\/wp-json\/wp\/v2\/media?parent=1392"}],"wp:term":[{"taxonomy":"category","embeddable":true,"href":"https:\/\/blogs.fu-berlin.de\/frauenbeauftragte\/wp-json\/wp\/v2\/categories?post=1392"},{"taxonomy":"post_tag","embeddable":true,"href":"https:\/\/blogs.fu-berlin.de\/frauenbeauftragte\/wp-json\/wp\/v2\/tags?post=1392"}],"curies":[{"name":"wp","href":"https:\/\/api.w.org\/{rel}","templated":true}]}}