{"id":1422,"date":"2022-03-14T09:00:00","date_gmt":"2022-03-14T08:00:00","guid":{"rendered":"https:\/\/blogs.fu-berlin.de\/frauenbeauftragte\/?p=1422"},"modified":"2023-07-17T10:19:45","modified_gmt":"2023-07-17T08:19:45","slug":"starter-kit-fuer-frauenbeauftragte","status":"publish","type":"post","link":"https:\/\/blogs.fu-berlin.de\/frauenbeauftragte\/2022\/03\/14\/starter-kit-fuer-frauenbeauftragte\/","title":{"rendered":"\u201cStarter-Kit\u201d f\u00fcr Frauenbeauftragte"},"content":{"rendered":"\n<div class=\"wp-block-media-text alignwide is-stacked-on-mobile\"><figure class=\"wp-block-media-text__media\"><img loading=\"lazy\" decoding=\"async\" width=\"1024\" height=\"683\" src=\"https:\/\/blogs.fu-berlin.de\/frauenbeauftragte\/files\/2022\/03\/gender-consulting_inkl.Copyright-1024x683.jpg\" alt=\"\" class=\"wp-image-1542 size-full\" srcset=\"https:\/\/blogs.fu-berlin.de\/frauenbeauftragte\/files\/2022\/03\/gender-consulting_inkl.Copyright-1024x683.jpg 1024w, https:\/\/blogs.fu-berlin.de\/frauenbeauftragte\/files\/2022\/03\/gender-consulting_inkl.Copyright-300x200.jpg 300w, https:\/\/blogs.fu-berlin.de\/frauenbeauftragte\/files\/2022\/03\/gender-consulting_inkl.Copyright-768x512.jpg 768w, https:\/\/blogs.fu-berlin.de\/frauenbeauftragte\/files\/2022\/03\/gender-consulting_inkl.Copyright-1536x1024.jpg 1536w, https:\/\/blogs.fu-berlin.de\/frauenbeauftragte\/files\/2022\/03\/gender-consulting_inkl.Copyright-1200x800.jpg 1200w, https:\/\/blogs.fu-berlin.de\/frauenbeauftragte\/files\/2022\/03\/gender-consulting_inkl.Copyright.jpg 1683w\" sizes=\"auto, (max-width: 709px) 85vw, (max-width: 909px) 67vw, (max-width: 1362px) 62vw, 840px\" \/><\/figure><div class=\"wp-block-media-text__content\">\n<p><strong>Workshops: 28. M\u00e4rz 2022 | 13-17 Uhr bis 29. M\u00e4rz 2022  | 9-16<\/strong> <strong>Uhr<\/strong> <br>Die Bundeskonferenz der Frauen- und Gleichstellungsbeauftragten an Hochschulen e.V. (bukof) bietet ein &#8222;Starter Kit f\u00fcr Neueinsteiger*innen&#8220; auf zentraler wie dezentraler Ebene an. Der Workshop hilft, sich in der Rolle der Frauen- oder Gleichstellungsbeauftragten zu orientieren, und f\u00fchrt in das Aufgabenfeld des Amtes ein.<\/p>\n\n\n\n<!--more-->\n<\/div><\/div>\n\n\n\n<p>Der Workshop richtet sich neben zentralen und dezentralen Frauen- und Gleichstellungsbeauftragten ebenso an alle Besch\u00e4ftigten mit Gleichstellungsbezug an Hochschulen. Ein Schwerpunkt des zweit\u00e4gigen Austauschs liegt auf der Reflexion der eigenen Rolle und der Position in der Hochschule. Dar\u00fcber hinaus lernen die Teilnehmenden, wie sie in verschiedenen Situationen souver\u00e4n auftreten und sich in ihrem Amt klar positionieren k\u00f6nnen. Begleitet werden sie dabei von der Trainerin Sandra Masemann. Neben der Auseinandersetzung mit der eigenen Rolle werden das Thema Beratung, vor allem im Kontext sexualisierter Bel\u00e4stigung, sowie gleichstellungsbezogene rechtliche Grundlagen behandelt.  <\/p>\n\n\n\n<p>Das Starter Kit wird von der bukof-Kommission &#8222;Professionalisierung der Gleichstellung&#8220; angeboten und soll neue Amtsinhaber*innen darin unterst\u00fctzen, in ihrer Position und den vielf\u00e4ltigen Aufgabenbereichen ihres Amtes professionell zu agieren.<\/p>\n\n\n\n<p class=\"has-medium-font-size\">Workshop: <\/p>\n\n\n\n<ul class=\"wp-block-list\"><li>Charit\u00e9 Mitte, Berlin. Je nach Pandemielage digital per Zoom<\/li><li><strong>28. M\u00e4rz 2022, 13:00-17:00 Uhr &amp; 29. M\u00e4rz, 09:00-16:00 Uhr <\/strong><\/li><li>Teilnahmebeitrag: 160 EUR pro Person<\/li><\/ul>\n\n\n\n<p class=\"has-medium-font-size\">Kontakt:<\/p>\n\n\n\n<ul class=\"wp-block-list\"><li>Anmeldung unter <a href=\"mailto:sekretariat-fgb@charite.de\" target=\"_blank\" rel=\"noreferrer noopener\">sekretariat-fgb@charite.de<\/a><\/li><li>Weitere Veranstaltungsdetails inklusive Einladung und Programm <a rel=\"noreferrer noopener\" href=\"https:\/\/bukof.de\/veranstaltungen\/starter-kit-fuer-frauen-und-gleichstellungsbeauftragte-2022-i\/\" target=\"_blank\">hier<\/a><\/li><\/ul>\n","protected":false},"excerpt":{"rendered":"<p>Workshops: 28. M\u00e4rz 2022 | 13-17 Uhr bis 29. M\u00e4rz 2022 | 9-16 Uhr Die Bundeskonferenz der Frauen- und Gleichstellungsbeauftragten an Hochschulen e.V. (bukof) bietet ein &#8222;Starter Kit f\u00fcr Neueinsteiger*innen&#8220; auf zentraler wie dezentraler Ebene an. Der Workshop hilft, sich in der Rolle der Frauen- oder Gleichstellungsbeauftragten zu orientieren, und f\u00fchrt in das Aufgabenfeld des &hellip; <a href=\"https:\/\/blogs.fu-berlin.de\/frauenbeauftragte\/2022\/03\/14\/starter-kit-fuer-frauenbeauftragte\/\" class=\"more-link\"><span class=\"screen-reader-text\">\u201e\u201cStarter-Kit\u201d f\u00fcr Frauenbeauftragte\u201c<\/span> weiterlesen<\/a><\/p>\n","protected":false},"author":6483,"featured_media":1542,"comment_status":"open","ping_status":"open","sticky":false,"template":"","format":"standard","meta":{"footnotes":""},"categories":[428608],"tags":[433454,91,437402],"class_list":["post-1422","post","type-post","status-publish","format-standard","has-post-thumbnail","hentry","category-informiert","tag-gleichstellungspolitik","tag-beratung","tag-frauenbeauftragte"],"_links":{"self":[{"href":"https:\/\/blogs.fu-berlin.de\/frauenbeauftragte\/wp-json\/wp\/v2\/posts\/1422","targetHints":{"allow":["GET"]}}],"collection":[{"href":"https:\/\/blogs.fu-berlin.de\/frauenbeauftragte\/wp-json\/wp\/v2\/posts"}],"about":[{"href":"https:\/\/blogs.fu-berlin.de\/frauenbeauftragte\/wp-json\/wp\/v2\/types\/post"}],"author":[{"embeddable":true,"href":"https:\/\/blogs.fu-berlin.de\/frauenbeauftragte\/wp-json\/wp\/v2\/users\/6483"}],"replies":[{"embeddable":true,"href":"https:\/\/blogs.fu-berlin.de\/frauenbeauftragte\/wp-json\/wp\/v2\/comments?post=1422"}],"version-history":[{"count":50,"href":"https:\/\/blogs.fu-berlin.de\/frauenbeauftragte\/wp-json\/wp\/v2\/posts\/1422\/revisions"}],"predecessor-version":[{"id":6491,"href":"https:\/\/blogs.fu-berlin.de\/frauenbeauftragte\/wp-json\/wp\/v2\/posts\/1422\/revisions\/6491"}],"wp:featuredmedia":[{"embeddable":true,"href":"https:\/\/blogs.fu-berlin.de\/frauenbeauftragte\/wp-json\/wp\/v2\/media\/1542"}],"wp:attachment":[{"href":"https:\/\/blogs.fu-berlin.de\/frauenbeauftragte\/wp-json\/wp\/v2\/media?parent=1422"}],"wp:term":[{"taxonomy":"category","embeddable":true,"href":"https:\/\/blogs.fu-berlin.de\/frauenbeauftragte\/wp-json\/wp\/v2\/categories?post=1422"},{"taxonomy":"post_tag","embeddable":true,"href":"https:\/\/blogs.fu-berlin.de\/frauenbeauftragte\/wp-json\/wp\/v2\/tags?post=1422"}],"curies":[{"name":"wp","href":"https:\/\/api.w.org\/{rel}","templated":true}]}}