{"id":1424,"date":"2022-02-20T11:57:00","date_gmt":"2022-02-20T10:57:00","guid":{"rendered":"https:\/\/blogs.fu-berlin.de\/frauenbeauftragte\/?p=1424"},"modified":"2023-07-17T10:17:43","modified_gmt":"2023-07-17T08:17:43","slug":"calling-all-women-scientists","status":"publish","type":"post","link":"https:\/\/blogs.fu-berlin.de\/frauenbeauftragte\/2022\/02\/20\/calling-all-women-scientists\/","title":{"rendered":"Calling all women* scientists!"},"content":{"rendered":"\n<div class=\"wp-block-media-text alignwide is-stacked-on-mobile\"><figure class=\"wp-block-media-text__media\"><img loading=\"lazy\" decoding=\"async\" width=\"587\" height=\"392\" src=\"https:\/\/blogs.fu-berlin.de\/frauenbeauftragte\/files\/2022\/02\/soapbox-e1645698074602.jpg\" alt=\"\" class=\"wp-image-1425 size-full\" srcset=\"https:\/\/blogs.fu-berlin.de\/frauenbeauftragte\/files\/2022\/02\/soapbox-e1645698074602.jpg 587w, https:\/\/blogs.fu-berlin.de\/frauenbeauftragte\/files\/2022\/02\/soapbox-e1645698074602-300x200.jpg 300w\" sizes=\"auto, (max-width: 587px) 85vw, 587px\" \/><\/figure><div class=\"wp-block-media-text__content\">\n<p><strong>Bewerbungsfrist: 28. Februar 2022<\/strong> <\/p>\n\n\n\n<p>Soapbox Science Berlin l\u00e4dt auch in diesem Jahr wieder Frauen (cis oder trans), queer und nicht-bin\u00e4re Personen ein, ihre wissenschaftliche Arbeit an \u00f6ffentlichen Orten zu pr\u00e4sentieren und so die Sichtbarkeit von Frauen* in der Wissenschaft zu erh\u00f6hen. Die Veranstaltung findet am 25.06.2022 statt.<\/p>\n\n\n\n<!--more-->\n\n\n\n<p><\/p>\n<\/div><\/div>\n\n\n\n<p>Eine Soapbox ist eine improvisierte Plattform f\u00fcr Reden unter freiem Himmel mit Wurzeln in der angels\u00e4chsischen Debattenkultur. Soapbox Science nutzt dieses Format seit 2011, um Frauen* in der Wissenschaft, insbesondere auch im MINT-Bereich, \u00f6ffentlich sichtbar zu machen. In Berlin wird diese Plattform j\u00e4hrlich auf dem Washingtonplatz geboten. Diverse Verbundprojekte, au\u00dferuniversit\u00e4re Wissenschaftsorganisationen sowie die Frauenbeauftragte des Fachbereichs Biologie, Chemie, Pharmazie der FU unterst\u00fctzen die Veranstaltung. Beitr\u00e4ge in Deutsch oder Englisch sind willkommen. Interessentinnen k\u00f6nnen sich noch bis Monatsende bewerben.<\/p>\n\n\n\n<div class=\"wp-block-columns is-layout-flex wp-container-core-columns-is-layout-9d6595d7 wp-block-columns-is-layout-flex\">\n<div class=\"wp-block-column is-layout-flow wp-block-column-is-layout-flow\">\n<p>Bewerbungsfrist:<strong> 28.02.2022<\/strong><\/p>\n\n\n\n<p>Zum <a rel=\"noreferrer noopener\" href=\"https:\/\/docs.google.com\/forms\/d\/e\/1FAIpQLSctm1fzeqWPXmQqH4jazoS1iGDQ5UVk5MBbfpKfaKTTAaSPyg\/viewform\" target=\"_blank\">Bewerbungsformular<\/a><\/p>\n<\/div>\n\n\n\n<div class=\"wp-block-column is-layout-flow wp-block-column-is-layout-flow\">\n<p>Soapbox Science Berlin 2022: <\/p>\n\n\n\n<p><strong>25. Juni 2022<\/strong>, <strong>14 &#8211; 17 Uhr<\/strong><\/p>\n\n\n\n<p><strong>Washingtonplatz<\/strong>, <strong>Berlin Hauptbahnhof<\/strong><\/p>\n<\/div>\n<\/div>\n\n\n\n<hr class=\"wp-block-separator has-css-opacity\" \/>\n\n\n\n<p>Webseite&nbsp;<a rel=\"noreferrer noopener\" href=\"http:\/\/soapboxscience.org\/berlin-local-organising-team\/\" target=\"_blank\">soapboxscience.org<\/a><br>Facebook&nbsp;<a rel=\"noreferrer noopener\" href=\"https:\/\/www.facebook.com\/soapboxscienceberlin\/\" target=\"_blank\">@soapboxscienceberlin<\/a><br>Twitter&nbsp;<a rel=\"noreferrer noopener\" href=\"https:\/\/twitter.com\/berlin_soapbox\" target=\"_blank\">@berlin_soapbox<\/a><br>Instagram&nbsp;<a rel=\"noreferrer noopener\" href=\"https:\/\/www.instagram.com\/soapboxscience.berlin\/\" target=\"_blank\">soapboxscience.berlin<\/a><\/p>\n\n\n\n<hr class=\"wp-block-separator has-css-opacity\" \/>\n\n\n\n<div class=\"wp-block-columns is-layout-flex wp-container-core-columns-is-layout-9d6595d7 wp-block-columns-is-layout-flex\">\n<div class=\"wp-block-column is-layout-flow wp-block-column-is-layout-flow\" style=\"flex-basis:66.66%\"><figure class=\"wp-block-embed-youtube wp-block-embed is-type-video is-provider-youtube wp-embed-aspect-16-9 wp-has-aspect-ratio\"><div class=\"lyte-wrapper\" style=\"width:640px;max-width:100%;margin:5px;\"><div class=\"lyMe\" id=\"WYL_cGD1-FbXHZo\"><div id=\"lyte_cGD1-FbXHZo\" data-src=\"https:\/\/blogs.fu-berlin.de\/frauenbeauftragte\/wp-content\/plugins\/wp-youtube-lyte\/lyteCache.php?origThumbUrl=%2F%2Fi.ytimg.com%2Fvi%2FcGD1-FbXHZo%2Fhqdefault.jpg\" class=\"pL\"><div class=\"tC\"><div class=\"tT\"><\/div><\/div><div class=\"play\"><\/div><div class=\"ctrl\"><div class=\"Lctrl\"><\/div><div class=\"Rctrl\"><\/div><\/div><\/div><noscript><a href=\"https:\/\/youtu.be\/cGD1-FbXHZo\" rel=\"nofollow\"><img loading=\"lazy\" decoding=\"async\" src=\"https:\/\/blogs.fu-berlin.de\/frauenbeauftragte\/wp-content\/plugins\/wp-youtube-lyte\/lyteCache.php?origThumbUrl=https%3A%2F%2Fi.ytimg.com%2Fvi%2FcGD1-FbXHZo%2F0.jpg\" alt=\"YouTube-Video-Thumbnail\" width=\"640\" height=\"340\" \/><br \/>Dieses Video auf YouTube ansehen<\/a><\/noscript><\/div><\/div><div class=\"lL\" style=\"max-width:100%;width:640px;margin:5px;\"><br\/><span class=\"lyte_disclaimer\">ACHTUNG: Daten nach YouTube werden erst beim Abspielen des Videos \u00fcbertragen.<\/span><\/div><figcaption><\/figcaption><\/figure><\/div>\n\n\n\n<div class=\"wp-block-column is-layout-flow wp-block-column-is-layout-flow\" style=\"flex-basis:33.33%\"><\/div>\n<\/div>\n\n\n\n<p><\/p>\n\n\n\n<hr class=\"wp-block-separator has-css-opacity\" \/>\n\n\n\n<figure class=\"wp-block-image size-large\"><img loading=\"lazy\" decoding=\"async\" width=\"724\" height=\"1024\" src=\"https:\/\/blogs.fu-berlin.de\/frauenbeauftragte\/files\/2022\/02\/2022_Soapbox_Call_for_Speakers-724x1024.jpg\" alt=\"\" class=\"wp-image-1430\" srcset=\"https:\/\/blogs.fu-berlin.de\/frauenbeauftragte\/files\/2022\/02\/2022_Soapbox_Call_for_Speakers-724x1024.jpg 724w, https:\/\/blogs.fu-berlin.de\/frauenbeauftragte\/files\/2022\/02\/2022_Soapbox_Call_for_Speakers-212x300.jpg 212w, https:\/\/blogs.fu-berlin.de\/frauenbeauftragte\/files\/2022\/02\/2022_Soapbox_Call_for_Speakers-768x1086.jpg 768w, https:\/\/blogs.fu-berlin.de\/frauenbeauftragte\/files\/2022\/02\/2022_Soapbox_Call_for_Speakers-1086x1536.jpg 1086w, https:\/\/blogs.fu-berlin.de\/frauenbeauftragte\/files\/2022\/02\/2022_Soapbox_Call_for_Speakers-1448x2048.jpg 1448w, https:\/\/blogs.fu-berlin.de\/frauenbeauftragte\/files\/2022\/02\/2022_Soapbox_Call_for_Speakers-1200x1697.jpg 1200w, https:\/\/blogs.fu-berlin.de\/frauenbeauftragte\/files\/2022\/02\/2022_Soapbox_Call_for_Speakers-scaled.jpg 1810w\" sizes=\"auto, (max-width: 709px) 85vw, (max-width: 909px) 67vw, (max-width: 984px) 61vw, (max-width: 1362px) 45vw, 600px\" \/><\/figure>\n","protected":false},"excerpt":{"rendered":"<p>Bewerbungsfrist: 28. Februar 2022 Soapbox Science Berlin l\u00e4dt auch in diesem Jahr wieder Frauen (cis oder trans), queer und nicht-bin\u00e4re Personen ein, ihre wissenschaftliche Arbeit an \u00f6ffentlichen Orten zu pr\u00e4sentieren und so die Sichtbarkeit von Frauen* in der Wissenschaft zu erh\u00f6hen. Die Veranstaltung findet am 25.06.2022 statt.<\/p>\n","protected":false},"author":3850,"featured_media":1425,"comment_status":"open","ping_status":"open","sticky":false,"template":"","format":"standard","meta":{"footnotes":""},"categories":[428608],"tags":[423731,301208,437124],"class_list":["post-1424","post","type-post","status-publish","format-standard","has-post-thumbnail","hentry","category-informiert","tag-mintoring","tag-frauenfoerderung","tag-wissenschaftlerinnen"],"_links":{"self":[{"href":"https:\/\/blogs.fu-berlin.de\/frauenbeauftragte\/wp-json\/wp\/v2\/posts\/1424","targetHints":{"allow":["GET"]}}],"collection":[{"href":"https:\/\/blogs.fu-berlin.de\/frauenbeauftragte\/wp-json\/wp\/v2\/posts"}],"about":[{"href":"https:\/\/blogs.fu-berlin.de\/frauenbeauftragte\/wp-json\/wp\/v2\/types\/post"}],"author":[{"embeddable":true,"href":"https:\/\/blogs.fu-berlin.de\/frauenbeauftragte\/wp-json\/wp\/v2\/users\/3850"}],"replies":[{"embeddable":true,"href":"https:\/\/blogs.fu-berlin.de\/frauenbeauftragte\/wp-json\/wp\/v2\/comments?post=1424"}],"version-history":[{"count":17,"href":"https:\/\/blogs.fu-berlin.de\/frauenbeauftragte\/wp-json\/wp\/v2\/posts\/1424\/revisions"}],"predecessor-version":[{"id":6489,"href":"https:\/\/blogs.fu-berlin.de\/frauenbeauftragte\/wp-json\/wp\/v2\/posts\/1424\/revisions\/6489"}],"wp:featuredmedia":[{"embeddable":true,"href":"https:\/\/blogs.fu-berlin.de\/frauenbeauftragte\/wp-json\/wp\/v2\/media\/1425"}],"wp:attachment":[{"href":"https:\/\/blogs.fu-berlin.de\/frauenbeauftragte\/wp-json\/wp\/v2\/media?parent=1424"}],"wp:term":[{"taxonomy":"category","embeddable":true,"href":"https:\/\/blogs.fu-berlin.de\/frauenbeauftragte\/wp-json\/wp\/v2\/categories?post=1424"},{"taxonomy":"post_tag","embeddable":true,"href":"https:\/\/blogs.fu-berlin.de\/frauenbeauftragte\/wp-json\/wp\/v2\/tags?post=1424"}],"curies":[{"name":"wp","href":"https:\/\/api.w.org\/{rel}","templated":true}]}}