{"id":1672,"date":"2022-04-26T09:00:00","date_gmt":"2022-04-26T07:00:00","guid":{"rendered":"https:\/\/blogs.fu-berlin.de\/frauenbeauftragte\/?p=1672"},"modified":"2023-07-17T10:22:10","modified_gmt":"2023-07-17T08:22:10","slug":"mathematikerinnen-und-informatikerinnen-live","status":"publish","type":"post","link":"https:\/\/blogs.fu-berlin.de\/frauenbeauftragte\/2022\/04\/26\/mathematikerinnen-und-informatikerinnen-live\/","title":{"rendered":"Mathematikerinnen und Informatikerinnen live"},"content":{"rendered":"\n<div class=\"wp-block-media-text alignwide is-stacked-on-mobile\"><figure class=\"wp-block-media-text__media\"><img loading=\"lazy\" decoding=\"async\" width=\"1024\" height=\"684\" src=\"https:\/\/blogs.fu-berlin.de\/frauenbeauftragte\/files\/2022\/04\/Frauen_MINT-Faecher_1-3x2-1-1024x684.png\" alt=\"\" class=\"wp-image-1757 size-full\" srcset=\"https:\/\/blogs.fu-berlin.de\/frauenbeauftragte\/files\/2022\/04\/Frauen_MINT-Faecher_1-3x2-1-1024x684.png 1024w, https:\/\/blogs.fu-berlin.de\/frauenbeauftragte\/files\/2022\/04\/Frauen_MINT-Faecher_1-3x2-1-300x200.png 300w, https:\/\/blogs.fu-berlin.de\/frauenbeauftragte\/files\/2022\/04\/Frauen_MINT-Faecher_1-3x2-1-768x513.png 768w, https:\/\/blogs.fu-berlin.de\/frauenbeauftragte\/files\/2022\/04\/Frauen_MINT-Faecher_1-3x2-1.png 1200w\" sizes=\"auto, (max-width: 709px) 85vw, (max-width: 909px) 67vw, (max-width: 1362px) 62vw, 840px\" \/><\/figure><div class=\"wp-block-media-text__content\">\n<p><strong>Ringvorlesung: <strong>ab 26. April 2022<\/strong><\/strong> <strong>immer dienstags | 16-18 Uhr <\/strong>Sechs Wissenschaftlerinnen geben unter dem Titel <a rel=\"noreferrer noopener\" href=\"https:\/\/www.mi.fu-berlin.de\/fb\/beauf-aussch\/beauf-frauen\/Ringvorlesung\/index.html\" target=\"_blank\">\u201eMathematikerinnen und Informatikerinnen heute\u201c<\/a> Einblicke in ihre pers\u00f6nlichen Lebens- und Karrierewege sowie ihre Forschungs- und T\u00e4tigkeitsfelder. Dazu laden die Frauenbeauftragte des Fachbereichs und die Arbeitsstelle Gender Studies in der Mathematik ein.<\/p>\n\n\n\n<!--more-->\n<\/div><\/div>\n\n\n\n<p>Trotz des relativ hohen Frauenanteils unter den Mathematikstudierenden an der FU (ca. 40&nbsp;%), sind Frauen unter unbefristeten Professor*innen derselben Disziplin stark unterrepr\u00e4sentiert (ca. 6&nbsp;%) (vgl. <a href=\"https:\/\/blogs.fu-berlin.de\/frauenbeauftragte\/2022\/04\/12\/wie-weiblich-ist-mint-an-der-fu\/#more-1781\" target=\"_blank\" rel=\"noreferrer noopener\">Wie weiblich ist MINT an der FU?<\/a>). \u00dcberraschend anders sieht die Geschlechterverteilung in der Informatik aus, in der gut ein Viertel der Studierenden weiblich ist, der Frauenanteil an Professor*innen aber rund zehn Prozentpunkte dar\u00fcber liegt. Weibliche Professorinnen sind gerade in den MINT-F\u00e4chern wichtig als Role Models, um Studentinnen und Doktorandinnen zu einer wissenschaftlichen Karriere zu ermutigen. In diesem Sinne er\u00f6ffnet die Ringvorlesung die M\u00f6glichkeit, unterschiedliche Wissenschaftlerinnen und ihr Wirken in der Mathematik bzw. Informatik kennenzulernen und mit ihnen ins Gespr\u00e4ch zu kommen.<\/p>\n\n\n\n<p>Den Auftakt macht <em>Sylvie Paycha, Professorin f\u00fcr Analysis&nbsp;<\/em>an der Universit\u00e4t Potsdam, mit einem Vortrag zu mathematischen Perspektiven auf Unendlichkeiten. Zugleich stellt sie zwei Projekte vor, die den Fokus auf Frauen in der Mathematik richten. Die Informatikerin <em>Carola Lilienthal, Gesch\u00e4ftsf\u00fchrerin einer IT-Firma<\/em>, f\u00fchrt in Softwarearchitektur ein und reflektiert \u00fcber deren innere Sch\u00f6nheit. Wege zu einer verantwortlichen und nachhaltigen K\u00fcnstlichen Intelligenz er\u00f6rtert <em>Eirini Ntoutsi, Professorin f\u00fcr K\u00fcnstliche Intelligenz und Maschinelles Lernen <\/em>an der FU. <em>Helena Mihaljevi\u0107, Professorin f\u00fcr Data Science und Analytics<\/em> an der Hochschule f\u00fcr Technik und Wirtschaft Berlin, beleuchtet algorithmische Methoden zur Sprachanalyse \u2013 etwa um bestimmte Inhalte im Netz zu identifizieren. <em>Andrea Walther, Professorin f\u00fcr Mathematische Optimierung<\/em> an der Humboldt-Universit\u00e4t zu Berlin, erl\u00e4utert, wie Algorithmisches Differenzieren funktioniert und wof\u00fcr es sich einsetzen l\u00e4sst.  <em>Sarah Wolf, Leiterin einer Nachwuchsforschungsgruppe zu Biocomputing<\/em> an der FU, erkl\u00e4rt am Beispiel von Klimawandel und Green Growth, wie sich gesellschaftliche Fragestellungen mathematisch formalisieren und modellieren lassen. Mit dem Decision Theatre stellt sie dar\u00fcber hinaus ein Instrument f\u00fcr Wissenschaftskommunikation vor.<\/p>\n\n\n\n<p>Alle Veranstaltungen k\u00f6nnen sowohl in Pr\u00e4senz als auch online besucht werden.<\/p>\n\n\n\n<ul class=\"wp-block-list\"><li><strong>Zeit:<\/strong> jeweils dienstags 16:00 bis 18:00 Uhr<\/li><li><strong>Ort:<\/strong> Institut f\u00fcr Informatik, Takustr. 9, Seminarraum 005<\/li><li><strong>Online-Teilnahme:<\/strong> <a rel=\"noreferrer noopener\" href=\"https:\/\/www.mi.fu-berlin.de\/fb\/beauf-aussch\/beauf-frauen\/Ringvorlesung\/index.html\" target=\"_blank\">Einwahldaten<\/a><\/li><\/ul>\n\n\n\n<p class=\"has-medium-font-size\">Termine<\/p>\n\n\n\n<p>26.04.2022: <a href=\"https:\/\/www.mi.fu-berlin.de\/fb\/beauf-aussch\/beauf-frauen\/Ringvorlesung\/Vortrag-Paycha.html\" target=\"_blank\" rel=\"noreferrer noopener\"><strong>Am Ufer der Mathematik stehend<\/strong><\/a><br><strong>Prof. Dr. Sylvie Paycha<\/strong> (Universit\u00e4t Potsdam)<\/p>\n\n\n\n<p>10.05.2022: <a href=\"https:\/\/www.mi.fu-berlin.de\/fb\/beauf-aussch\/beauf-frauen\/Ringvorlesung\/Vortrag-Lilienthal.html\" target=\"_blank\" rel=\"noreferrer noopener\"><strong>Wenn sich die Lust am Knobeln nicht aufhalten l\u00e4sst<\/strong><\/a><br><strong>Dr. Carola Lilienthal<\/strong> (Gesch\u00e4ftsf\u00fchrerin der WPS &#8211; Workplace Solutions GmbH)<\/p>\n\n\n\n<p>24.05.2022: <a href=\"https:\/\/www.mi.fu-berlin.de\/fb\/beauf-aussch\/beauf-frauen\/Ringvorlesung\/Vortrag-Ntoutsi.html\" target=\"_blank\" rel=\"noreferrer noopener\"><strong>\u0391\u0399 in the wild<\/strong><\/a><br><strong>Prof. Dr. Eirini Ntoutsi<\/strong> (Freie Universit\u00e4t Berlin)<\/p>\n\n\n\n<p>07.06.2022: <a href=\"https:\/\/www.mi.fu-berlin.de\/fb\/beauf-aussch\/beauf-frauen\/Ringvorlesung\/Vortrag-Mihaljevic.html\" target=\"_blank\" rel=\"noreferrer noopener\"><strong>Mathematik f\u00fcr Sprachanalyse \u2013 Oder was Hassrede im Netz mit Vektoren zu tun hat<\/strong><\/a><br><strong>Prof. Dr. Helena Mihaljevi\u0107<\/strong> (Hochschule f\u00fcr Technik und Wirtschaft Berlin)<\/p>\n\n\n\n<p>21.06.2022: <a href=\"https:\/\/www.mi.fu-berlin.de\/fb\/beauf-aussch\/beauf-frauen\/Ringvorlesung\/Vortrag-Walther.html\" target=\"_blank\" rel=\"noreferrer noopener\"><strong>Ableitungsberechnung: Was kommt nach der Kurvendiskussion?<\/strong><\/a><br><strong>Prof. Dr. Andrea Walther<\/strong> (Humboldt-Universit\u00e4t zu Berlin)<\/p>\n\n\n\n<p>12.07.2022: <a rel=\"noreferrer noopener\" href=\"https:\/\/www.mi.fu-berlin.de\/fb\/beauf-aussch\/beauf-frauen\/Ringvorlesung\/Vortrag-Wolf.html\" target=\"_blank\"><strong>Mathe f\u00fcr Nachhaltigkeit? Gesellschaft modellieren und mit Gesellschaft diskutieren<\/strong><\/a><br><strong>Dr. Sarah Wolf<\/strong> (Freie Universit\u00e4t Berlin)<\/p>\n\n\n\n<hr class=\"wp-block-separator has-css-opacity\" \/>\n\n\n\n<hr class=\"wp-block-separator has-css-opacity\" \/>\n","protected":false},"excerpt":{"rendered":"<p>Ringvorlesung: ab 26. April 2022 immer dienstags | 16-18 Uhr Sechs Wissenschaftlerinnen geben unter dem Titel \u201eMathematikerinnen und Informatikerinnen heute\u201c Einblicke in ihre pers\u00f6nlichen Lebens- und Karrierewege sowie ihre Forschungs- und T\u00e4tigkeitsfelder. Dazu laden die Frauenbeauftragte des Fachbereichs und die Arbeitsstelle Gender Studies in der Mathematik ein.<\/p>\n","protected":false},"author":7005,"featured_media":1757,"comment_status":"open","ping_status":"open","sticky":false,"template":"","format":"standard","meta":{"footnotes":""},"categories":[428608,603],"tags":[423731,301208,437124],"class_list":["post-1672","post","type-post","status-publish","format-standard","has-post-thumbnail","hentry","category-informiert","category-vorgestellt","tag-mintoring","tag-frauenfoerderung","tag-wissenschaftlerinnen"],"_links":{"self":[{"href":"https:\/\/blogs.fu-berlin.de\/frauenbeauftragte\/wp-json\/wp\/v2\/posts\/1672","targetHints":{"allow":["GET"]}}],"collection":[{"href":"https:\/\/blogs.fu-berlin.de\/frauenbeauftragte\/wp-json\/wp\/v2\/posts"}],"about":[{"href":"https:\/\/blogs.fu-berlin.de\/frauenbeauftragte\/wp-json\/wp\/v2\/types\/post"}],"author":[{"embeddable":true,"href":"https:\/\/blogs.fu-berlin.de\/frauenbeauftragte\/wp-json\/wp\/v2\/users\/7005"}],"replies":[{"embeddable":true,"href":"https:\/\/blogs.fu-berlin.de\/frauenbeauftragte\/wp-json\/wp\/v2\/comments?post=1672"}],"version-history":[{"count":45,"href":"https:\/\/blogs.fu-berlin.de\/frauenbeauftragte\/wp-json\/wp\/v2\/posts\/1672\/revisions"}],"predecessor-version":[{"id":6493,"href":"https:\/\/blogs.fu-berlin.de\/frauenbeauftragte\/wp-json\/wp\/v2\/posts\/1672\/revisions\/6493"}],"wp:featuredmedia":[{"embeddable":true,"href":"https:\/\/blogs.fu-berlin.de\/frauenbeauftragte\/wp-json\/wp\/v2\/media\/1757"}],"wp:attachment":[{"href":"https:\/\/blogs.fu-berlin.de\/frauenbeauftragte\/wp-json\/wp\/v2\/media?parent=1672"}],"wp:term":[{"taxonomy":"category","embeddable":true,"href":"https:\/\/blogs.fu-berlin.de\/frauenbeauftragte\/wp-json\/wp\/v2\/categories?post=1672"},{"taxonomy":"post_tag","embeddable":true,"href":"https:\/\/blogs.fu-berlin.de\/frauenbeauftragte\/wp-json\/wp\/v2\/tags?post=1672"}],"curies":[{"name":"wp","href":"https:\/\/api.w.org\/{rel}","templated":true}]}}