{"id":1928,"date":"2022-04-29T13:36:11","date_gmt":"2022-04-29T11:36:11","guid":{"rendered":"https:\/\/blogs.fu-berlin.de\/frauenbeauftragte\/?p=1928"},"modified":"2022-09-22T16:27:10","modified_gmt":"2022-09-22T14:27:10","slug":"maedchen-macht-das","status":"publish","type":"post","link":"https:\/\/blogs.fu-berlin.de\/frauenbeauftragte\/2022\/04\/29\/maedchen-macht-das\/","title":{"rendered":"&#8222;M\u00e4dchen*, macht das!&#8220;"},"content":{"rendered":"\n<div class=\"wp-block-media-text alignwide is-stacked-on-mobile\"><figure class=\"wp-block-media-text__media\"><img loading=\"lazy\" decoding=\"async\" width=\"1024\" height=\"684\" src=\"https:\/\/blogs.fu-berlin.de\/frauenbeauftragte\/files\/2022\/04\/Frauen_MINT-Faecher_1-3x2-1-1024x684.png\" alt=\"\" class=\"wp-image-1757 size-full\" srcset=\"https:\/\/blogs.fu-berlin.de\/frauenbeauftragte\/files\/2022\/04\/Frauen_MINT-Faecher_1-3x2-1-1024x684.png 1024w, https:\/\/blogs.fu-berlin.de\/frauenbeauftragte\/files\/2022\/04\/Frauen_MINT-Faecher_1-3x2-1-300x200.png 300w, https:\/\/blogs.fu-berlin.de\/frauenbeauftragte\/files\/2022\/04\/Frauen_MINT-Faecher_1-3x2-1-768x513.png 768w, https:\/\/blogs.fu-berlin.de\/frauenbeauftragte\/files\/2022\/04\/Frauen_MINT-Faecher_1-3x2-1.png 1200w\" sizes=\"auto, (max-width: 709px) 85vw, (max-width: 909px) 67vw, (max-width: 1362px) 62vw, 840px\" \/><\/figure><div class=\"wp-block-media-text__content\">\n<p>Informatik studieren, das ist es, wozu Ina Fendel M\u00e4dchen* ermutigen m\u00f6chte. Sie selbst studiert dieses Fach, das an der FU aktuell einen <a rel=\"noreferrer noopener\" href=\"https:\/\/blogs.fu-berlin.de\/frauenbeauftragte\/2022\/04\/12\/wie-weiblich-ist-mint-an-der-fu\/#more-1781\" target=\"_blank\">Studentinnenanteil von rund 28 %<\/a> aufweist. Im Interview erz\u00e4hlt sie von ihrer Begeisterung f\u00fcr Informatik und f\u00fcr ihre Arbeit im <a rel=\"noreferrer noopener\" href=\"https:\/\/www.fu-berlin.de\/sites\/mintoring\/index.html\" target=\"_blank\">MINToring<\/a>-Programm. Als studentische Mitarbeiterin erkl\u00e4rt sie Sch\u00fclerinnen gerne komplexe Themen der Informatik.<\/p>\n\n\n\n<!--more-->\n<\/div><\/div>\n\n\n\n<p><em>Was sind deine Aufgaben als studentische Mitarbeiterin im MINToring? <\/em><\/p>\n\n\n\n<p>Meine Aufgabe ist es haupts\u00e4chlich, neue Informatik-Workshops zu konzipieren und durchzuf\u00fchren. Daneben entwickle ich Informatik-Posts f\u00fcr unseren <a rel=\"noreferrer noopener\" href=\"https:\/\/www.instagram.com\/mintstagram_by_mintoring\/?hl=da\" target=\"_blank\">MINTstagram-Account<\/a>, betreue M\u00e4dchen*, wenn sie auf mich mit Informatik-Fragen zukommen, und k\u00fcmmere mich um alles weitere, was gerade anliegt. <\/p>\n\n\n\n<p><em>Was macht dir hier am meisten Spa\u00df?<\/em><\/p>\n\n\n\n<p>Am meisten Spa\u00df macht es mir, komplexe Themen aus der Informatik verst\u00e4ndlich runterzubrechen, so dass die M\u00e4dchen* diese ohne Vorerfahrung problemlos verstehen k\u00f6nnen. Au\u00dferdem bereitet es mir viel Freude, in den Workshops zu sehen, wie meine Begeisterung f\u00fcr die Informatik auf die M\u00e4dchen* \u00fcberspringt.<\/p>\n\n\n<div class=\"wp-block-image\">\n<figure class=\"alignright size-large is-resized\"><img loading=\"lazy\" decoding=\"async\" src=\"https:\/\/blogs.fu-berlin.de\/frauenbeauftragte\/files\/2022\/04\/Ina_Fendel-887x1024.jpg\" alt=\"\" class=\"wp-image-2029\" width=\"222\" height=\"256\" srcset=\"https:\/\/blogs.fu-berlin.de\/frauenbeauftragte\/files\/2022\/04\/Ina_Fendel-887x1024.jpg 887w, https:\/\/blogs.fu-berlin.de\/frauenbeauftragte\/files\/2022\/04\/Ina_Fendel-260x300.jpg 260w, https:\/\/blogs.fu-berlin.de\/frauenbeauftragte\/files\/2022\/04\/Ina_Fendel-768x886.jpg 768w, https:\/\/blogs.fu-berlin.de\/frauenbeauftragte\/files\/2022\/04\/Ina_Fendel-1331x1536.jpg 1331w, https:\/\/blogs.fu-berlin.de\/frauenbeauftragte\/files\/2022\/04\/Ina_Fendel-1775x2048.jpg 1775w, https:\/\/blogs.fu-berlin.de\/frauenbeauftragte\/files\/2022\/04\/Ina_Fendel-1200x1385.jpg 1200w, https:\/\/blogs.fu-berlin.de\/frauenbeauftragte\/files\/2022\/04\/Ina_Fendel.jpg 1942w\" sizes=\"auto, (max-width: 222px) 85vw, 222px\" \/><figcaption>Foto: privat<\/figcaption><\/figure><\/div>\n\n\n<p><em>Lernst du als Mitarbeiterin im MINToring etwas, was du im Studium nicht lernst?<\/em><\/p>\n\n\n\n<p>Auf jeden Fall! Die Stelle ist eine tolle Erg\u00e4nzung zu dem Studium: W\u00e4hrend man im Studium das Wissen selbst erstmal lernt, muss man beim MINToring das Gelernte selbst weitervermitteln. Man muss Informatik so erkl\u00e4ren und runterbrechen k\u00f6nnen, dass eine Person ohne Vorwissen in der Informatik es ohne Probleme verstehen kann.<\/p>\n\n\n\n<p><em>Was begeistert dich an deinem Studienfach Informatik besonders?<\/em><\/p>\n\n\n\n<p>Informatik steckt in so vielen Dingen und ist unglaublich vielf\u00e4ltig. Diese Bandbreite an der Informatik begeistert mich sehr, man lernt nie aus.<\/p>\n\n\n\n<p><em>Wann wurde dein Interesse f\u00fcr das Fach geweckt?<\/em><\/p>\n\n\n\n<p>Ich war schon immer interessiert an MINT-F\u00e4chern, so war ich z.B. in der Schule auch im Mathe-Leistungskurs. Wann genau es geweckt wurde, kann ich dementsprechend gar nicht sagen. Besonders Informatiker*innen haben mich immer fasziniert, deshalb habe ich mir gesagt: \u201eDas will ich auch k\u00f6nnen!\u201c<\/p>\n\n\n\n<blockquote class=\"wp-block-quote is-layout-flow wp-block-quote-is-layout-flow\"><p><strong>&#8222;Niemand aus meinem n\u00e4heren Umfeld hat mir&nbsp;je das Gef\u00fchl vermittelt, dass ich nicht in die Informatik geh\u00f6re<\/strong>.&#8220;<\/p><\/blockquote>\n\n\n\n<p><em>Wer oder was hat dich in deiner Entscheidung, ein mathematisch-naturwissenschaftliches Studium aufzunehmen best\u00e4rkt und gef\u00f6rdert?<\/em><\/p>\n\n\n\n<p>Meine Familie und generell mein engstes soziales Umfeld haben mich sehr stark best\u00e4rkt. Mein Interesse an MINT-Themen wurde immer akzeptiert und ernst genommen. Wenn man das Gl\u00fcck hat, in so einem Umfeld aufzuwachsen, dann ist der Schritt zum Informatik-Studium schon viel leichter. Niemand aus meinem n\u00e4heren Umfeld hat mir&nbsp;je das Gef\u00fchl vermittelt, dass ich nicht in die Informatik geh\u00f6re.<\/p>\n\n\n\n<p><em>Inwiefern spielt Geschlecht in diesem Studium eine Rolle?<\/em><\/p>\n\n\n\n<p>Das ist eine sehr schwierige Frage. An sich spielt es \u00fcberhaupt keine Rolle f\u00fcr mein Informatik-Studium. Es geht schlie\u00dflich im Studium um das Erlernen der Informatik, das sollte komplett unabh\u00e4ngig vom Geschlecht erfolgen.<br>Mir ist jedoch aufgefallen, dass Informatikerinnen* mit gewissen Herausforderungen umgehen m\u00fcssen, welche ich bei m\u00e4nnlichen Kommilitonen nicht beobachten konnte. Da stellt sich die Frage, wie es dazu kommen kann. Ich glaube, wie so oft passiert Diskriminierung im Unbewussten und ohne b\u00f6se Absichten der Beteiligten. Ich denke aber, wir sind auf einem guten Weg, wo alle gemeinsam an einem Strang ziehen, um die Gleichberechtigung aller Gender in der Informatik zu erzielen.<\/p>\n\n\n\n<blockquote class=\"wp-block-quote is-layout-flow wp-block-quote-is-layout-flow\"><p><strong>&#8222;Safe Spaces f\u00fcr M\u00e4dchen* k\u00f6nnen die Hemmschwelle senken, in die Informatik reinzuschnuppern und Unsicherheiten anzusprechen<\/strong>.&#8220;<\/p><\/blockquote>\n\n\n\n<p><em>Was w\u00fcrdest du M\u00e4dchen und jungen Frauen empfehlen, die sich f\u00fcr ein Studium in deinem Fach interessieren?<\/em><\/p>\n\n\n\n<p>Macht es, es lohnt sich! Solltet ihr aus irgendeinem Grund verunsichert sein, ob ihr das schaffen k\u00f6nnt oder gen\u00fcgend Vorwissen habt, dann lasst euch bitte von diesen Unsicherheiten nicht aufhalten. Niemand erwartet, dass ihr schon perfekte Informatikerinnen* seid. Daf\u00fcr ist schlie\u00dflich das Studium da.<br><br><em>Stichwort Koedukation (gemeinsames Unterrichten von Jungen und M\u00e4dchen): Ist es wichtig, dass M\u00e4dchen mit dem MINToring-Programm, in den Workshops einen Raum f\u00fcr sich haben? <\/em><\/p>\n\n\n\n<p>Ich denke die Workshops dienen f\u00fcr die M\u00e4dchen* als Safe Space und sind deshalb sehr wichtig. Safe Spaces k\u00f6nnen meiner Meinung nach die Hemmschwelle senken, in die Informatik reinzuschnuppern und Unsicherheiten anzusprechen, die dann so gut genommen werden k\u00f6nnen. F\u00fcr genauso wichtig halte ich aber Koedukation, um alle Geschlechter einzubeziehen und ein Gemeinschaftsgef\u00fchl zu erzeugen. Eine Mischung von Koedukation und Safe Spaces finde ich deshalb am besten.<\/p>\n\n\n\n<p><strong>Die Fragen stellte Michaela Volkmann, Referentin \u00d6ffentlichkeitsarbeit im Team Zentrale Frauenbeauftragte<\/strong>.<br><\/p>\n\n\n\n<p><em>Zum Weiterlesen auf campus.leben:<a href=\"https:\/\/www.fu-berlin.de\/campusleben\/lernen-und-lehren\/2022\/index.html\" target=\"_blank\" rel=\"noreferrer noopener\"> 28. April 2022: Freie Universit\u00e4t beteiligt sich zum 20. Mal am Girls\u2019Day<\/a>. Zwei Studentinnen und eine Ehemalige informieren: Beim digitalen M\u00e4dchen-Zukunftstag und im MINToring erhalten Sch\u00fclerinnen Einblicke ins wissenschaftliche Arbeiten.<\/em><\/p>\n","protected":false},"excerpt":{"rendered":"<p>Informatik studieren, das ist es, wozu Ina Fendel M\u00e4dchen* ermutigen m\u00f6chte. Sie selbst studiert dieses Fach, das an der FU aktuell einen Studentinnenanteil von rund 28 % aufweist. Im Interview erz\u00e4hlt sie von ihrer Begeisterung f\u00fcr Informatik und f\u00fcr ihre Arbeit im MINToring-Programm. Als studentische Mitarbeiterin erkl\u00e4rt sie Sch\u00fclerinnen gerne komplexe Themen der Informatik.<\/p>\n","protected":false},"author":6410,"featured_media":1757,"comment_status":"open","ping_status":"open","sticky":false,"template":"","format":"standard","meta":{"footnotes":""},"categories":[603],"tags":[423731,301208,233545],"class_list":["post-1928","post","type-post","status-publish","format-standard","has-post-thumbnail","hentry","category-vorgestellt","tag-mintoring","tag-frauenfoerderung","tag-studierende"],"_links":{"self":[{"href":"https:\/\/blogs.fu-berlin.de\/frauenbeauftragte\/wp-json\/wp\/v2\/posts\/1928","targetHints":{"allow":["GET"]}}],"collection":[{"href":"https:\/\/blogs.fu-berlin.de\/frauenbeauftragte\/wp-json\/wp\/v2\/posts"}],"about":[{"href":"https:\/\/blogs.fu-berlin.de\/frauenbeauftragte\/wp-json\/wp\/v2\/types\/post"}],"author":[{"embeddable":true,"href":"https:\/\/blogs.fu-berlin.de\/frauenbeauftragte\/wp-json\/wp\/v2\/users\/6410"}],"replies":[{"embeddable":true,"href":"https:\/\/blogs.fu-berlin.de\/frauenbeauftragte\/wp-json\/wp\/v2\/comments?post=1928"}],"version-history":[{"count":40,"href":"https:\/\/blogs.fu-berlin.de\/frauenbeauftragte\/wp-json\/wp\/v2\/posts\/1928\/revisions"}],"predecessor-version":[{"id":3382,"href":"https:\/\/blogs.fu-berlin.de\/frauenbeauftragte\/wp-json\/wp\/v2\/posts\/1928\/revisions\/3382"}],"wp:featuredmedia":[{"embeddable":true,"href":"https:\/\/blogs.fu-berlin.de\/frauenbeauftragte\/wp-json\/wp\/v2\/media\/1757"}],"wp:attachment":[{"href":"https:\/\/blogs.fu-berlin.de\/frauenbeauftragte\/wp-json\/wp\/v2\/media?parent=1928"}],"wp:term":[{"taxonomy":"category","embeddable":true,"href":"https:\/\/blogs.fu-berlin.de\/frauenbeauftragte\/wp-json\/wp\/v2\/categories?post=1928"},{"taxonomy":"post_tag","embeddable":true,"href":"https:\/\/blogs.fu-berlin.de\/frauenbeauftragte\/wp-json\/wp\/v2\/tags?post=1928"}],"curies":[{"name":"wp","href":"https:\/\/api.w.org\/{rel}","templated":true}]}}